{"id":62390,"date":"2025-12-11T18:04:37","date_gmt":"2025-12-11T21:04:37","guid":{"rendered":"https:\/\/radiorevelacionfm.cl\/?p=62390"},"modified":"2025-12-11T18:04:37","modified_gmt":"2025-12-11T21:04:37","slug":"sence-aysen-destaca-exitosa-ejecucion-de-cursos-patron-de-nave-menor-en-respuesta-a-la-alta-demanda-laboral","status":"publish","type":"post","link":"https:\/\/radiorevelacionfm.cl\/?p=62390","title":{"rendered":"Sence Ays\u00e9n destaca exitosa ejecuci\u00f3n de cursos \u201cPatr\u00f3n De Nave Menor\u201d en respuesta a la alta demanda laboral"},"content":{"rendered":"<div class=\"flex_column av_one_full  flex_column_div av-zero-column-padding first  avia-builder-el-0  el_before_av_one_full  avia-builder-el-first  \" style='border-radius:0px; '><div  class='avia-image-container  av-styling-    avia-builder-el-1  avia-builder-el-no-sibling  avia-align-center '  itemprop=\"image\" itemscope=\"itemscope\" itemtype=\"https:\/\/schema.org\/ImageObject\"  ><div class='avia-image-container-inner'><div class='avia-image-overlay-wrap'><img decoding=\"async\" class='wp-image-62391 avia-img-lazy-loading-not-62391 avia_image' src=\"https:\/\/radiorevelacionfm.cl\/wp-content\/uploads\/2025\/12\/Curso-patron-de-nave-1-1-1.jpeg\" alt='' title='Curso patr\u00f3n de nave (1) (1) (1)' height=\"600\" width=\"901\"  itemprop=\"thumbnailUrl\" srcset=\"https:\/\/radiorevelacionfm.cl\/wp-content\/uploads\/2025\/12\/Curso-patron-de-nave-1-1-1.jpeg 901w, https:\/\/radiorevelacionfm.cl\/wp-content\/uploads\/2025\/12\/Curso-patron-de-nave-1-1-1-300x200.jpeg 300w, https:\/\/radiorevelacionfm.cl\/wp-content\/uploads\/2025\/12\/Curso-patron-de-nave-1-1-1-768x511.jpeg 768w, https:\/\/radiorevelacionfm.cl\/wp-content\/uploads\/2025\/12\/Curso-patron-de-nave-1-1-1-705x469.jpeg 705w, https:\/\/radiorevelacionfm.cl\/wp-content\/uploads\/2025\/12\/Curso-patron-de-nave-1-1-1-450x300.jpeg 450w, https:\/\/radiorevelacionfm.cl\/wp-content\/uploads\/2025\/12\/Curso-patron-de-nave-1-1-1-600x400.jpeg 600w\" sizes=\"(max-width: 901px) 100vw, 901px\" \/><\/div><\/div><\/div><\/div><div class=\"flex_column av_one_full  flex_column_div av-zero-column-padding first  avia-builder-el-2  el_after_av_one_full  el_before_av_one_full  column-top-margin\" style='border-radius:0px; '><section class=\"av_textblock_section \"  itemscope=\"itemscope\" itemtype=\"https:\/\/schema.org\/BlogPosting\" itemprop=\"blogPost\" ><div class='avia_textblock  '   itemprop=\"text\" ><p style=\"text-align: center;\"><span style=\"font-size: 18pt;\"><strong>Sence Ays\u00e9n destaca exitosa ejecuci\u00f3n de cursos \u201cPatr\u00f3n De Nave Menor\u201d en respuesta a la alta demanda laboral<\/strong><\/span><\/p>\n<div id=\"gtx-trans\" style=\"position: absolute; left: -50px; top: 4.31534px;\">\n<div class=\"gtx-trans-icon\"><\/div>\n<\/div>\n<\/div><\/section><\/div><div class=\"flex_column av_one_full  flex_column_div av-zero-column-padding first  avia-builder-el-4  el_after_av_one_full  el_before_av_hr  column-top-margin\" style='border-radius:0px; '><section class=\"av_textblock_section \"  itemscope=\"itemscope\" itemtype=\"https:\/\/schema.org\/BlogPosting\" itemprop=\"blogPost\" ><div class='avia_textblock  '   itemprop=\"text\" ><p style=\"text-align: justify;\"><em>Curso realizado en diversas comunas de la regi\u00f3n tuvo enfoque de g\u00e9nero y especificaciones seg\u00fan sectores productivos.<\/em><\/p>\n<p style=\"text-align: justify;\">El Servicio Nacional de Capacitaci\u00f3n y Empleo (SENCE) en la Regi\u00f3n de Ays\u00e9n destac\u00f3 la exitosa realizaci\u00f3n del curso <i>\u201c<em>Patr\u00f3n de Nave Menor\u201d<\/em><\/i>, ejecutado en diversas comunas del territorio. La iniciativa permiti\u00f3 entregar formaci\u00f3n especializada con pertinencia territorial y un marcado enfoque de g\u00e9nero, respondiendo a la creciente demanda de mano de obra calificada en el sector mar\u00edtimo regional.<\/p>\n<p style=\"text-align: justify;\">De este modo, a trav\u00e9s de los fondos de emergencia de Sence, asignados para la realizaci\u00f3n de cursos en Cochrane, Puerto Bertrand y Puerto Chacabuco, se sum\u00f3 como parte de la labor articuladora del Consejo Regional de Capacitaci\u00f3n de Ays\u00e9n, la priorizaci\u00f3n de recursos para un nuevo curso en Puerto R\u00edo Tranquilo.<\/p>\n<p style=\"text-align: justify;\">El programa registr\u00f3 una alta convocatoria y participaci\u00f3n, reflejando el inter\u00e9s de la comunidad por acceder a nuevas oportunidades laborales en un oficio de alta demanda y con rentas competitivas. La capacitaci\u00f3n entreg\u00f3 las competencias necesarias para optar a la Licencia de Patr\u00f3n de Nave Menor, requisito fundamental para desempe\u00f1arse en \u00e1reas vinculadas a la pesca artesanal, el turismo n\u00e1utico y la acuicultura, sectores estrat\u00e9gicos para el desarrollo econ\u00f3mico de Ays\u00e9n.<\/p>\n<p style=\"text-align: justify;\">As\u00ed lo destac\u00f3 el Seremi(s) del Trabajo y Previsi\u00f3n Social de Ays\u00e9n, Rodrigo D\u00edaz Cordaro, se\u00f1alando, \u201cPara nosotros como Ministerio del Trabajo y Previsi\u00f3n Social, como Gobierno del Presidente Gabriel Boric, este tipo de cursos son fundamentales, aqu\u00ed el SENCE y el Consejo Regional de Capacitaci\u00f3n est\u00e1n apuntando directamente a lo que se necesita en el territorio. Ac\u00e1 en Puerto R\u00edo Tranquilo hoy d\u00eda estamos cerrando este curso de 15 patrones de nave, un curso que no es barato, aqu\u00ed cada alumno tiene un costo de dos millones trescientos mil pesos, entonces se hace el esfuerzo y finalmente ellos van a obtener su licencia, lo que va a permitir que puedan desempe\u00f1arse en la labor tur\u00edstica de forma segura y como la ley le exige. Esto es un gran avance. Esperamos como gobierno continuar con este tipo de iniciativas y poder seguir beneficiando a la ciudadan\u00eda de la Regi\u00f3n de Ays\u00e9n\u201d concluy\u00f3.<\/p>\n<p style=\"text-align: justify;\">El despliegue de SENCE Ays\u00e9n en toda la regi\u00f3n, permiti\u00f3 levantar informaci\u00f3n respecto a la necesidad del curso de patr\u00f3n de nave menor, dados los cambios en la normativa al respecto instruidos por la DIRECTEMAR, raz\u00f3n por la cual se estim\u00f3 pertinente solicitar fondos de emergencia para dar respuesta a la inminente falta de personas formadas para la realizaci\u00f3n de esta tarea.<\/p>\n<p style=\"text-align: justify;\">La realizaci\u00f3n de los cursos fue posible gracias a estos fondos y al trabajo conjunto del Consejo Regional de Capacitaci\u00f3n de Ays\u00e9n, organismo tripartito liderado por el Gobierno Regional, con representaci\u00f3n de empresas, gremios y organismos p\u00fablicos. Su labor apunta a fortalecer la formaci\u00f3n laboral con pertinencia local y en l\u00ednea con las necesidades productivas del territorio.<\/p>\n<p style=\"text-align: justify;\">\u201cEl desarrollo de estos cursos es un ejemplo concreto de c\u00f3mo la articulaci\u00f3n p\u00fablico-privada permite entregar herramientas reales a las personas, mejorando su empleabilidad y dando respuesta a las necesidades de los sectores productivos de la regi\u00f3n, adem\u00e1s del relevante trabajo de SENCE en terreno para monitorear las necesidades m\u00e1s urgentes de formaci\u00f3n y de gran impacto en las posibilidades de empleo digno y bien remunerado con un enfoque territorial y descentralizado. Destacamos tambi\u00e9n su enfoque de g\u00e9nero, que abre oportunidades a m\u00e1s mujeres en un \u00e1mbito hist\u00f3ricamente masculino. Adem\u00e1s, se trata de una capacitaci\u00f3n de m\u00e1s de 200 horas, donde en todas las comunas en las que se ha ejecutado hemos observado una deserci\u00f3n casi nula\u201d, se\u00f1al\u00f3 Nelson Garrido Morales, director de SENCE Ays\u00e9n.<\/p>\n<p style=\"text-align: justify;\">Eva Covasevich, alumna de uno de los cursos realizados, comparti\u00f3 su experiencia en la capacitaci\u00f3n realizada, argumentado \u201ceste curso de formaci\u00f3n de patr\u00f3n de nave menor ha sido s\u00faper importante en cuanto a la calidad de vida que vamos a tener, poder optar a un nuevo trabajo, nuevas oportunidades laborales, ya que ac\u00e1 el turismo requiere certificaciones concretas. Este curso fue muy completo, tenemos 3 certificados, no solamente est\u00e1 el de patr\u00f3n de nave menor, esto fue muy completo, con primeros auxilios, curso de supervivencia, hombre al agua y curso de lucha contra incendios. Entonces no tan solo tenemos un certificado, sino que es un curso muy completo que abarca bastantes materias, es un curso extenso y estamos s\u00faper preparados para lo laboral con nuestras certificaciones, como corresponde\u201d, enfatiz\u00f3.<\/p>\n<p style=\"text-align: justify;\">SENCE Ays\u00e9n reafirma su compromiso con el fortalecimiento del capital humano regional, promoviendo instancias de capacitaci\u00f3n que impulsen la igualdad de oportunidades, el empleo de calidad y el desarrollo econ\u00f3mico sostenible. En esta l\u00ednea, se destaca que uno de los cursos fue financiado con fondos de emergencia en Puerto Chacabuco, beneficiando a 15 personas, 15 en Puerto Bertrand, 15 en Cochrane y 15 en Puerto R\u00edo Tranquilo, a trav\u00e9s del Consejo Regional, capacitando a un total de 60 personas, consolidando un hito relevante para la formaci\u00f3n en el \u00e1mbito mar\u00edtimo en Ays\u00e9n.<\/p>\n<\/div><\/section><\/div><div  style='height:50px' class='hr hr-invisible   avia-builder-el-6  el_after_av_one_full  el_before_av_social_share '><span class='hr-inner ' ><span class='hr-inner-style'><\/span><\/span><\/div><\/p>\n<div  class='av-social-sharing-box  avia-builder-el-7  el_after_av_hr  el_before_av_hr  '><div class='av-share-box'><h5 class='av-share-link-description av-no-toc '>Compartir esta noticia<\/h5><ul class='av-share-box-list noLightbox'><li class='av-share-link av-social-link-facebook' ><a target=\"_blank\" aria-label=\"Compartir en Facebook\" href='https:\/\/www.facebook.com\/sharer.php?u=https:\/\/radiorevelacionfm.cl\/?p=62390&#038;t=Sence%20Ays%C3%A9n%20destaca%20exitosa%20ejecuci%C3%B3n%20de%20cursos%20%E2%80%9CPatr%C3%B3n%20De%20Nave%20Menor%E2%80%9D%20en%20respuesta%20a%20la%20alta%20demanda%20laboral' aria-hidden='false' data-av_icon='\ue8f3' data-av_iconfont='entypo-fontello' title='' data-avia-related-tooltip='Compartir en Facebook' rel=\"noopener\"><span class='avia_hidden_link_text'>Compartir en Facebook<\/span><\/a><\/li><li class='av-share-link av-social-link-twitter' ><a target=\"_blank\" aria-label=\"Compartir en Twitter\" href='https:\/\/twitter.com\/share?text=Sence%20Ays%C3%A9n%20destaca%20exitosa%20ejecuci%C3%B3n%20de%20cursos%20%E2%80%9CPatr%C3%B3n%20De%20Nave%20Menor%E2%80%9D%20en%20respuesta%20a%20la%20alta%20demanda%20laboral&#038;url=https:\/\/radiorevelacionfm.cl\/?p=62390' aria-hidden='false' data-av_icon='\ue8f1' data-av_iconfont='entypo-fontello' title='' data-avia-related-tooltip='Compartir en Twitter' rel=\"noopener\"><span class='avia_hidden_link_text'>Compartir en Twitter<\/span><\/a><\/li><li class='av-share-link av-social-link-whatsapp' ><a target=\"_blank\" aria-label=\"Compartir en Whatsapp\" href='https:\/\/api.whatsapp.com\/send?text=https:\/\/radiorevelacionfm.cl\/?p=62390' aria-hidden='false' data-av_icon='\uf232' data-av_iconfont='entypo-fontello' title='' data-avia-related-tooltip='Compartir en Whatsapp' rel=\"noopener\"><span class='avia_hidden_link_text'>Compartir en Whatsapp<\/span><\/a><\/li><li class='av-share-link av-social-link-linkedin' ><a target=\"_blank\" aria-label=\"Compartir en LinkedIn\" href='https:\/\/linkedin.com\/shareArticle?mini=true&#038;title=Sence%20Ays%C3%A9n%20destaca%20exitosa%20ejecuci%C3%B3n%20de%20cursos%20%E2%80%9CPatr%C3%B3n%20De%20Nave%20Menor%E2%80%9D%20en%20respuesta%20a%20la%20alta%20demanda%20laboral&#038;url=https:\/\/radiorevelacionfm.cl\/?p=62390' aria-hidden='false' data-av_icon='\ue8fc' data-av_iconfont='entypo-fontello' title='' data-avia-related-tooltip='Compartir en LinkedIn' rel=\"noopener\"><span class='avia_hidden_link_text'>Compartir en LinkedIn<\/span><\/a><\/li><li class='av-share-link av-social-link-mail' ><a  aria-label=\"Compartir por correo\" href='mailto:?subject=Sence%20Ays%C3%A9n%20destaca%20exitosa%20ejecuci%C3%B3n%20de%20cursos%20%E2%80%9CPatr%C3%B3n%20De%20Nave%20Menor%E2%80%9D%20en%20respuesta%20a%20la%20alta%20demanda%20laboral&#038;body=https:\/\/radiorevelacionfm.cl\/?p=62390' aria-hidden='false' data-av_icon='\ue805' data-av_iconfont='entypo-fontello' title='' data-avia-related-tooltip='Compartir por correo'><span class='avia_hidden_link_text'>Compartir por correo<\/span><\/a><\/li><\/ul><\/div><\/div>\n<div  style='height:50px' class='hr hr-invisible   avia-builder-el-8  el_after_av_social_share  el_before_av_comments_list '><span class='hr-inner ' ><span class='hr-inner-style'><\/span><\/span><\/div>\n<div  class='av-buildercomment  av-blog-meta-html-info-disabled av-blog-meta-tag-disabled  '><\/div>\n","protected":false},"excerpt":{"rendered":"","protected":false},"author":1,"featured_media":62391,"comment_status":"closed","ping_status":"closed","sticky":false,"template":"","format":"standard","meta":{"footnotes":""},"categories":[56],"tags":[],"class_list":["post-62390","post","type-post","status-publish","format-standard","has-post-thumbnail","hentry","category-trabajo"],"jetpack_featured_media_url":"https:\/\/radiorevelacionfm.cl\/wp-content\/uploads\/2025\/12\/Curso-patron-de-nave-1-1-1.jpeg","_links":{"self":[{"href":"https:\/\/radiorevelacionfm.cl\/index.php?rest_route=\/wp\/v2\/posts\/62390","targetHints":{"allow":["GET"]}}],"collection":[{"href":"https:\/\/radiorevelacionfm.cl\/index.php?rest_route=\/wp\/v2\/posts"}],"about":[{"href":"https:\/\/radiorevelacionfm.cl\/index.php?rest_route=\/wp\/v2\/types\/post"}],"author":[{"embeddable":true,"href":"https:\/\/radiorevelacionfm.cl\/index.php?rest_route=\/wp\/v2\/users\/1"}],"replies":[{"embeddable":true,"href":"https:\/\/radiorevelacionfm.cl\/index.php?rest_route=%2Fwp%2Fv2%2Fcomments&post=62390"}],"version-history":[{"count":2,"href":"https:\/\/radiorevelacionfm.cl\/index.php?rest_route=\/wp\/v2\/posts\/62390\/revisions"}],"predecessor-version":[{"id":62399,"href":"https:\/\/radiorevelacionfm.cl\/index.php?rest_route=\/wp\/v2\/posts\/62390\/revisions\/62399"}],"wp:featuredmedia":[{"embeddable":true,"href":"https:\/\/radiorevelacionfm.cl\/index.php?rest_route=\/wp\/v2\/media\/62391"}],"wp:attachment":[{"href":"https:\/\/radiorevelacionfm.cl\/index.php?rest_route=%2Fwp%2Fv2%2Fmedia&parent=62390"}],"wp:term":[{"taxonomy":"category","embeddable":true,"href":"https:\/\/radiorevelacionfm.cl\/index.php?rest_route=%2Fwp%2Fv2%2Fcategories&post=62390"},{"taxonomy":"post_tag","embeddable":true,"href":"https:\/\/radiorevelacionfm.cl\/index.php?rest_route=%2Fwp%2Fv2%2Ftags&post=62390"}],"curies":[{"name":"wp","href":"https:\/\/api.w.org\/{rel}","templated":true}]}}