{"id":62382,"date":"2025-12-11T15:07:21","date_gmt":"2025-12-11T18:07:21","guid":{"rendered":"https:\/\/radiorevelacionfm.cl\/?p=62382"},"modified":"2025-12-11T15:07:21","modified_gmt":"2025-12-11T18:07:21","slug":"vecinos-as-celebran-inicio-de-la-pavimentacion-en-la-faja-sur-de-avenida-divisadero-oriente-de-coyhaique","status":"publish","type":"post","link":"https:\/\/radiorevelacionfm.cl\/?p=62382","title":{"rendered":"Vecinos\/as celebran inicio de la pavimentaci\u00f3n en la faja sur de Avenida Divisadero Oriente de Coyhaique"},"content":{"rendered":"<div class=\"flex_column av_one_full  flex_column_div av-zero-column-padding first  avia-builder-el-0  el_before_av_one_full  avia-builder-el-first  \" style='border-radius:0px; '><div  class='avia-image-container  av-styling-    avia-builder-el-1  avia-builder-el-no-sibling  avia-align-center '  itemprop=\"image\" itemscope=\"itemscope\" itemtype=\"https:\/\/schema.org\/ImageObject\"  ><div class='avia-image-container-inner'><div class='avia-image-overlay-wrap'><img decoding=\"async\" class='wp-image-62383 avia-img-lazy-loading-not-62383 avia_image' src=\"https:\/\/radiorevelacionfm.cl\/wp-content\/uploads\/2025\/12\/vista-general-faja-sur-de-avenida-divisadero-oriente-que-sera-pavimentada-en-coyhaique-1_optimized.jpeg\" alt='' title='vista-general-faja-sur-de-avenida-divisadero-oriente-que-ser\u00e1-pavimentada-en-coyhaique-(1)_optimized' height=\"600\" width=\"901\"  itemprop=\"thumbnailUrl\" srcset=\"https:\/\/radiorevelacionfm.cl\/wp-content\/uploads\/2025\/12\/vista-general-faja-sur-de-avenida-divisadero-oriente-que-sera-pavimentada-en-coyhaique-1_optimized.jpeg 901w, https:\/\/radiorevelacionfm.cl\/wp-content\/uploads\/2025\/12\/vista-general-faja-sur-de-avenida-divisadero-oriente-que-sera-pavimentada-en-coyhaique-1_optimized-300x200.jpeg 300w, https:\/\/radiorevelacionfm.cl\/wp-content\/uploads\/2025\/12\/vista-general-faja-sur-de-avenida-divisadero-oriente-que-sera-pavimentada-en-coyhaique-1_optimized-768x511.jpeg 768w, https:\/\/radiorevelacionfm.cl\/wp-content\/uploads\/2025\/12\/vista-general-faja-sur-de-avenida-divisadero-oriente-que-sera-pavimentada-en-coyhaique-1_optimized-705x469.jpeg 705w, https:\/\/radiorevelacionfm.cl\/wp-content\/uploads\/2025\/12\/vista-general-faja-sur-de-avenida-divisadero-oriente-que-sera-pavimentada-en-coyhaique-1_optimized-450x300.jpeg 450w, https:\/\/radiorevelacionfm.cl\/wp-content\/uploads\/2025\/12\/vista-general-faja-sur-de-avenida-divisadero-oriente-que-sera-pavimentada-en-coyhaique-1_optimized-600x400.jpeg 600w\" sizes=\"(max-width: 901px) 100vw, 901px\" \/><\/div><\/div><\/div><\/div><div class=\"flex_column av_one_full  flex_column_div av-zero-column-padding first  avia-builder-el-2  el_after_av_one_full  el_before_av_one_full  column-top-margin\" style='border-radius:0px; '><section class=\"av_textblock_section \"  itemscope=\"itemscope\" itemtype=\"https:\/\/schema.org\/BlogPosting\" itemprop=\"blogPost\" ><div class='avia_textblock  '   itemprop=\"text\" ><p style=\"text-align: center;\"><strong><span style=\"font-size: 18pt;\">Vecinos\/as celebran inicio de la pavimentaci\u00f3n en la faja sur de Avenida Divisadero Oriente de Coyhaique<\/span><\/strong><\/p>\n<div id=\"gtx-trans\" style=\"position: absolute; left: -50px; top: 4.31534px;\">\n<div class=\"gtx-trans-icon\"><\/div>\n<\/div>\n<\/div><\/section><\/div><div class=\"flex_column av_one_full  flex_column_div av-zero-column-padding first  avia-builder-el-4  el_after_av_one_full  el_before_av_hr  column-top-margin\" style='border-radius:0px; '><section class=\"av_textblock_section \"  itemscope=\"itemscope\" itemtype=\"https:\/\/schema.org\/BlogPosting\" itemprop=\"blogPost\" ><div class='avia_textblock  '   itemprop=\"text\" ><p style=\"text-align: justify;\">Una excelente noticia recibieron este fin de semana m\u00e1s de 900 familias del sector alto de la capital regional, quienes tras varios a\u00f1os de espera fueron testigos del inicio de los trabajos de pavimentaci\u00f3n de la faja sur de la Avenida Divisadero Oriente, obra que contempla la intervenci\u00f3n de 434 metros lineales de calzada, entre las calles Gast\u00f3n Adarme y Los Pilcheros.<\/p>\n<p style=\"text-align: justify;\">El anhelado proyecto se est\u00e1 haciendo realidad en el marco del 34\u00b0 llamado del Programa de Pavimentaci\u00f3n Participativa del Ministerio de Vivienda y Urbanismo, con una inversi\u00f3n que alcanza los 721 millones de pesos, 579 millones de aporte sectorial y m\u00e1s de 150 millones provenientes del municipio. Cabe recordar que a mediados del a\u00f1o pasado se concret\u00f3 la pavimentaci\u00f3n de 7 cuadras de la faja norte, con una inversi\u00f3n cercana a los mil cien millones de pesos.<\/p>\n<p style=\"text-align: justify;\">El inicio de las obras fue destacado en una ceremonia que cont\u00f3 con la participaci\u00f3n de autoridades, dirigentes y vecinos, en especial los de la Poblaci\u00f3n Los \u00c1lamos, quienes lograron la aprobaci\u00f3n del proyecto tras varias postulaciones.<\/p>\n<p style=\"text-align: justify;\">La Seremi de Vivienda y Urbanismo, Paulina Ruz Delf\u00edn, destac\u00f3 la relevancia de concretar este y otros proyectos que mejoran la vida de miles de familias ayseninas. \u201cComo Gobierno estamos muy contentos de poder cumplir con estos compromisos. Este Programa del Minvu nos ha permitido pavimentar casi la totalidad de la regi\u00f3n de Ays\u00e9n. Durante estos a\u00f1os como Gobierno hemos puesto un especial \u00e9nfasis en poder pavimentar sectores altos de la ciudad, donde se est\u00e1n emplazando los conjuntos habitacionales, pero tambi\u00e9n en sectores rurales como El Blanco o Villa \u00d1irehuao. Adem\u00e1s, tenemos una especial consideraci\u00f3n con la recuperaci\u00f3n de espacios p\u00fablicos, donde por ejemplo tenemos la plaza de Villa \u00d1irehuao y prontamente la de Villa Ortega\u201d, precis\u00f3.<\/p>\n<p style=\"text-align: justify;\">La presidenta de la Junta de vecinos de la Poblaci\u00f3n Los \u00c1lamos, Mar\u00eda San Mart\u00edn, agradeci\u00f3 el trabajo conjunto que permite seguir concretando obras tan esperadas y necesarias. \u201cS\u00ed, hace como 20 a\u00f1os que empezamos con esto y ahora verlo finiquitado es una gran alegr\u00eda, porque nos va a permitir m\u00e1s circulaci\u00f3n. Estamos pidiendo que haya locomoci\u00f3n colectiva para el sector y vamos a pedir paraderos porque una vez que haya locomoci\u00f3n colectiva vamos a necesitar unos dos o tres paraderos. Muy contenta con esto, porque es algo que se estaba pidiendo hace muchos a\u00f1os y ahora se est\u00e1 concretando y eso lo agradezco mucho\u201d, indic\u00f3.<\/p>\n<p style=\"text-align: justify;\">El Alcalde de la comuna de Coyhaique, Carlos Gatica, expres\u00f3 su satisfacci\u00f3n por el trabajo en equipo, que permite construir una mejor ciudad cada d\u00eda. \u201cEste no es el \u00fanico proyecto del Ministerio de Vivienda con el municipio, est\u00e1 la pavimentaci\u00f3n de cinco calles en \u00d1irehuao y lo que se est\u00e1 sucediendo en El Blanco, tambi\u00e9n en materia de pavimentos participativos. Lo que va a suceder en avenida Ogana con toda la reposici\u00f3n de las aceras, de las calzadas peatonales y adem\u00e1s otros proyectos que se est\u00e1n realizando en conjunto para beneficiar a los vecinos y vecinas de la comuna\u201d, afirm\u00f3.<\/p>\n<p style=\"text-align: justify;\">Tambi\u00e9n el Delegado Presidencial Regional, Jorge D\u00edaz Guzm\u00e1n, destac\u00f3 la materializaci\u00f3n de estos proyectos, enfatizando en que el rol del Estado en la Patagonia es fundamental. \u201cEs la instituci\u00f3n que hace posible que tengamos la Ruta 7, que tengamos el puerto, que tengamos el aeropuerto, que tengamos toda la infraestructura donde se realiza las vidas de los ciudadanos y ciudadanas. Adem\u00e1s, el hecho de que la empresa pueda contratar a los trabajadores genera un c\u00edrculo virtuoso que se basa en los recursos p\u00fablicos que provienen de todos los chilenos y chilenas. As\u00ed que, contentos y mucho \u00e9xito a los vecinos que van a tener una mejor forma de conectarse por estas v\u00edas pavimentadas\u201d, manifest\u00f3.<\/p>\n<p style=\"text-align: justify;\">La pavimentaci\u00f3n de la faja sur de Avenida Divisadero Oriente estar\u00e1 a cargo de la empresa de Crist\u00f3bal Galleguillos Estay, que tiene un plazo de 150 d\u00edas corridos para terminar la obra. Adem\u00e1s, el proyecto considera el mejoramiento del bandej\u00f3n central con c\u00e9sped y barreras camineras de madera, incluye cuatro bah\u00edas de estacionamientos, veredas y obras anexas como evacuaci\u00f3n y drenaje de aguas superficiales.<\/p>\n<\/div><\/section><\/div><div  style='height:50px' class='hr hr-invisible   avia-builder-el-6  el_after_av_one_full  el_before_av_social_share '><span class='hr-inner ' ><span class='hr-inner-style'><\/span><\/span><\/div><\/p>\n<div  class='av-social-sharing-box  avia-builder-el-7  el_after_av_hr  el_before_av_hr  '><div class='av-share-box'><h5 class='av-share-link-description av-no-toc '>Compartir esta noticia<\/h5><ul class='av-share-box-list noLightbox'><li class='av-share-link av-social-link-facebook' ><a target=\"_blank\" aria-label=\"Compartir en Facebook\" href='https:\/\/www.facebook.com\/sharer.php?u=https:\/\/radiorevelacionfm.cl\/?p=62382&#038;t=Vecinos%2Fas%20celebran%20inicio%20de%20la%20pavimentaci%C3%B3n%20en%20la%20faja%20sur%20de%20Avenida%20Divisadero%20Oriente%20de%20Coyhaique' aria-hidden='false' data-av_icon='\ue8f3' data-av_iconfont='entypo-fontello' title='' data-avia-related-tooltip='Compartir en Facebook' rel=\"noopener\"><span class='avia_hidden_link_text'>Compartir en Facebook<\/span><\/a><\/li><li class='av-share-link av-social-link-twitter' ><a target=\"_blank\" aria-label=\"Compartir en Twitter\" href='https:\/\/twitter.com\/share?text=Vecinos%2Fas%20celebran%20inicio%20de%20la%20pavimentaci%C3%B3n%20en%20la%20faja%20sur%20de%20Avenida%20Divisadero%20Oriente%20de%20Coyhaique&#038;url=https:\/\/radiorevelacionfm.cl\/?p=62382' aria-hidden='false' data-av_icon='\ue8f1' data-av_iconfont='entypo-fontello' title='' data-avia-related-tooltip='Compartir en Twitter' rel=\"noopener\"><span class='avia_hidden_link_text'>Compartir en Twitter<\/span><\/a><\/li><li class='av-share-link av-social-link-whatsapp' ><a target=\"_blank\" aria-label=\"Compartir en Whatsapp\" href='https:\/\/api.whatsapp.com\/send?text=https:\/\/radiorevelacionfm.cl\/?p=62382' aria-hidden='false' data-av_icon='\uf232' data-av_iconfont='entypo-fontello' title='' data-avia-related-tooltip='Compartir en Whatsapp' rel=\"noopener\"><span class='avia_hidden_link_text'>Compartir en Whatsapp<\/span><\/a><\/li><li class='av-share-link av-social-link-linkedin' ><a target=\"_blank\" aria-label=\"Compartir en LinkedIn\" href='https:\/\/linkedin.com\/shareArticle?mini=true&#038;title=Vecinos%2Fas%20celebran%20inicio%20de%20la%20pavimentaci%C3%B3n%20en%20la%20faja%20sur%20de%20Avenida%20Divisadero%20Oriente%20de%20Coyhaique&#038;url=https:\/\/radiorevelacionfm.cl\/?p=62382' aria-hidden='false' data-av_icon='\ue8fc' data-av_iconfont='entypo-fontello' title='' data-avia-related-tooltip='Compartir en LinkedIn' rel=\"noopener\"><span class='avia_hidden_link_text'>Compartir en LinkedIn<\/span><\/a><\/li><li class='av-share-link av-social-link-mail' ><a  aria-label=\"Compartir por correo\" href='mailto:?subject=Vecinos%2Fas%20celebran%20inicio%20de%20la%20pavimentaci%C3%B3n%20en%20la%20faja%20sur%20de%20Avenida%20Divisadero%20Oriente%20de%20Coyhaique&#038;body=https:\/\/radiorevelacionfm.cl\/?p=62382' aria-hidden='false' data-av_icon='\ue805' data-av_iconfont='entypo-fontello' title='' data-avia-related-tooltip='Compartir por correo'><span class='avia_hidden_link_text'>Compartir por correo<\/span><\/a><\/li><\/ul><\/div><\/div>\n<div  style='height:50px' class='hr hr-invisible   avia-builder-el-8  el_after_av_social_share  el_before_av_comments_list '><span class='hr-inner ' ><span class='hr-inner-style'><\/span><\/span><\/div>\n<div  class='av-buildercomment  av-blog-meta-html-info-disabled av-blog-meta-tag-disabled  '><\/div>\n","protected":false},"excerpt":{"rendered":"","protected":false},"author":1,"featured_media":62383,"comment_status":"closed","ping_status":"closed","sticky":false,"template":"","format":"standard","meta":{"footnotes":""},"categories":[38],"tags":[],"class_list":["post-62382","post","type-post","status-publish","format-standard","has-post-thumbnail","hentry","category-regional"],"jetpack_featured_media_url":"https:\/\/radiorevelacionfm.cl\/wp-content\/uploads\/2025\/12\/vista-general-faja-sur-de-avenida-divisadero-oriente-que-sera-pavimentada-en-coyhaique-1_optimized.jpeg","_links":{"self":[{"href":"https:\/\/radiorevelacionfm.cl\/index.php?rest_route=\/wp\/v2\/posts\/62382","targetHints":{"allow":["GET"]}}],"collection":[{"href":"https:\/\/radiorevelacionfm.cl\/index.php?rest_route=\/wp\/v2\/posts"}],"about":[{"href":"https:\/\/radiorevelacionfm.cl\/index.php?rest_route=\/wp\/v2\/types\/post"}],"author":[{"embeddable":true,"href":"https:\/\/radiorevelacionfm.cl\/index.php?rest_route=\/wp\/v2\/users\/1"}],"replies":[{"embeddable":true,"href":"https:\/\/radiorevelacionfm.cl\/index.php?rest_route=%2Fwp%2Fv2%2Fcomments&post=62382"}],"version-history":[{"count":2,"href":"https:\/\/radiorevelacionfm.cl\/index.php?rest_route=\/wp\/v2\/posts\/62382\/revisions"}],"predecessor-version":[{"id":62385,"href":"https:\/\/radiorevelacionfm.cl\/index.php?rest_route=\/wp\/v2\/posts\/62382\/revisions\/62385"}],"wp:featuredmedia":[{"embeddable":true,"href":"https:\/\/radiorevelacionfm.cl\/index.php?rest_route=\/wp\/v2\/media\/62383"}],"wp:attachment":[{"href":"https:\/\/radiorevelacionfm.cl\/index.php?rest_route=%2Fwp%2Fv2%2Fmedia&parent=62382"}],"wp:term":[{"taxonomy":"category","embeddable":true,"href":"https:\/\/radiorevelacionfm.cl\/index.php?rest_route=%2Fwp%2Fv2%2Fcategories&post=62382"},{"taxonomy":"post_tag","embeddable":true,"href":"https:\/\/radiorevelacionfm.cl\/index.php?rest_route=%2Fwp%2Fv2%2Ftags&post=62382"}],"curies":[{"name":"wp","href":"https:\/\/api.w.org\/{rel}","templated":true}]}}