{"id":62378,"date":"2025-12-11T14:48:08","date_gmt":"2025-12-11T17:48:08","guid":{"rendered":"https:\/\/radiorevelacionfm.cl\/?p=62378"},"modified":"2025-12-11T14:48:08","modified_gmt":"2025-12-11T17:48:08","slug":"18-alumnos-de-la-escuela-independencia-se-licenciaron-de-ensenanza-basica-y-media","status":"publish","type":"post","link":"https:\/\/radiorevelacionfm.cl\/?p=62378","title":{"rendered":"18 alumnos de la Escuela Independencia se licenciaron de ense\u00f1anza b\u00e1sica y media"},"content":{"rendered":"<div class=\"flex_column av_one_full  flex_column_div av-zero-column-padding first  avia-builder-el-0  el_before_av_one_full  avia-builder-el-first  \" style='border-radius:0px; '><div  class='avia-image-container  av-styling-    avia-builder-el-1  avia-builder-el-no-sibling  avia-align-center '  itemprop=\"image\" itemscope=\"itemscope\" itemtype=\"https:\/\/schema.org\/ImageObject\"  ><div class='avia-image-container-inner'><div class='avia-image-overlay-wrap'><img decoding=\"async\" class='wp-image-62379 avia-img-lazy-loading-not-62379 avia_image' src=\"https:\/\/radiorevelacionfm.cl\/wp-content\/uploads\/2025\/12\/licenciatura-3-2-1-1.jpg\" alt='' title='licenciatura 3 (2) (1) (1)' height=\"600\" width=\"900\"  itemprop=\"thumbnailUrl\" srcset=\"https:\/\/radiorevelacionfm.cl\/wp-content\/uploads\/2025\/12\/licenciatura-3-2-1-1.jpg 900w, https:\/\/radiorevelacionfm.cl\/wp-content\/uploads\/2025\/12\/licenciatura-3-2-1-1-300x200.jpg 300w, https:\/\/radiorevelacionfm.cl\/wp-content\/uploads\/2025\/12\/licenciatura-3-2-1-1-768x512.jpg 768w, https:\/\/radiorevelacionfm.cl\/wp-content\/uploads\/2025\/12\/licenciatura-3-2-1-1-705x470.jpg 705w, https:\/\/radiorevelacionfm.cl\/wp-content\/uploads\/2025\/12\/licenciatura-3-2-1-1-450x300.jpg 450w, https:\/\/radiorevelacionfm.cl\/wp-content\/uploads\/2025\/12\/licenciatura-3-2-1-1-600x400.jpg 600w\" sizes=\"(max-width: 900px) 100vw, 900px\" \/><\/div><\/div><\/div><\/div><div class=\"flex_column av_one_full  flex_column_div av-zero-column-padding first  avia-builder-el-2  el_after_av_one_full  el_before_av_one_full  column-top-margin\" style='border-radius:0px; '><section class=\"av_textblock_section \"  itemscope=\"itemscope\" itemtype=\"https:\/\/schema.org\/BlogPosting\" itemprop=\"blogPost\" ><div class='avia_textblock  '   itemprop=\"text\" ><p style=\"text-align: center;\"><strong><span style=\"font-size: 18pt;\">18 alumnos de la Escuela Independencia se licenciaron de ense\u00f1anza b\u00e1sica y media<\/span><\/strong><\/p>\n<div id=\"gtx-trans\" style=\"position: absolute; left: -50px; top: 4.31534px;\">\n<div class=\"gtx-trans-icon\"><\/div>\n<\/div>\n<\/div><\/section><\/div><div class=\"flex_column av_one_full  flex_column_div av-zero-column-padding first  avia-builder-el-4  el_after_av_one_full  el_before_av_hr  column-top-margin\" style='border-radius:0px; '><section class=\"av_textblock_section \"  itemscope=\"itemscope\" itemtype=\"https:\/\/schema.org\/BlogPosting\" itemprop=\"blogPost\" ><div class='avia_textblock  '   itemprop=\"text\" ><p style=\"text-align: justify;\">Este mi\u00e9rcoles en dependencias de la c\u00e1rcel de Coyhaique, se llev\u00f3 a cabo la ceremonia de licenciatura de la Escuela Independencia, instancia en que 9 estudiantes recibieron su licencia de ense\u00f1anza b\u00e1sica y 9 de ense\u00f1anza media.<\/p>\n<p style=\"text-align: justify;\">La actividad fue encabezada por el seremi de Justicia y Derechos Humanos Samuel Navarro, el alcaide (s) del Centro de Cumplimiento Penitenciario de Coyhaique Mayor Alexi Lozano, la directora de la Escuela Independencia Constanza Niedmann, adem\u00e1s de familiares e invitados especiales.<\/p>\n<p style=\"text-align: justify;\">Respecto a la finalizaci\u00f3n de las actividades acad\u00e9micas de la Escuela Independencia, su directora Constanza Niedmann se\u00f1al\u00f3 que \u201cvivimos una ceremonia de licenciatura en contexto de encierro, bajo la modalidad de educaci\u00f3n para personas j\u00f3venes y adultas que nos record\u00f3 el poder transformador de la educaci\u00f3n, en un contexto de encierro donde a veces cuesta ver horizontes, en donde nuestro estudiantes han demostrado que siempre es posible volver a empezar, cada diploma fue entregado como un acto de valent\u00eda, un paso hacia la libertad personal y un compromiso profundo con sus historias, agradecemos a quienes hicieron posible este momento, al equipo que los compa\u00f1a d\u00eda a d\u00eda desde Gendarmer\u00eda, a este lazo que tenemos entre el Ministerio de Educaci\u00f3n y el Ministerio de Justicia y a los docentes que creen en los estudiantes a pesar del contexto complejo en el que se trabaja por sobre todo agradecemos a nuestros estudiantes que nos ense\u00f1an d\u00eda a d\u00eda que la esperanza tambi\u00e9n se construye estudiando\u201d.<\/p>\n<p style=\"text-align: justify;\">En tanto, el Seremi de Justicia y Derechos Humanos, Samuel Navarro Castro indic\u00f3 que \u201cesto refleja el trabajo que hace el Servicio Local de Educaci\u00f3n P\u00fablica (SLEP) Ays\u00e9n junto a\u00a0 Gendarmer\u00eda de Chile en aras de entregar la posibilidad de completar estudios a las personas privadas de libertad que aprovechan esta oportunidad para trabajar en su reinserci\u00f3n social, nos parece satisfactorio sobre todo en un d\u00eda como hoy, del D\u00eda Internacional de los Derechos Humanos que se sigan desarrollando este tipo de actividades, agradecer la colaboraci\u00f3n de todos aquellos que hacen posible el desarrollo de esta actividad educativa, al Ministerio de Educaci\u00f3n, Escuela Independencia, a los trabajadores y funcionarios de Gendarmer\u00eda de Chile que permiten que est\u00e9n las condiciones para que las personas a trav\u00e9s de su expresi\u00f3n de voluntad puedan escoger el camino de la reinserci\u00f3n a trav\u00e9s del desarrollo de actividades educativas\u201d.<\/p>\n<p style=\"text-align: justify;\">Finalmente, el alcaide del CCP (s) Mayor Alexi Lozano indic\u00f3 que \u201ces una actividad muy significativa para el CCP Coyhaique, pues \u00a0viene en dar \u00e9nfasis a los procesos educativos que se desarrollan en el interior del penal, la poblaci\u00f3n penal si bien es cierto est\u00e1n bajo medidas restrictivas de libertad aun as\u00ed el Estado se hace presente por intermedio de Gendarmer\u00eda para otorgar las pol\u00edticas de Estado a las personas privadas de libertad, para que puedan culminar sus estudios, damos con ello paso firme a lo que es nuestra misi\u00f3n principal que es la reinserci\u00f3n de las personas, as\u00ed que muy contentos que los alumnos se hayan licenciado y que en este proceso los hayan acompa\u00f1ado las personas mas significativas, sus familiares y los profesores que estuvieron todo el a\u00f1o con ellos\u201d.<\/p>\n<\/div><\/section><\/div><div  style='height:50px' class='hr hr-invisible   avia-builder-el-6  el_after_av_one_full  el_before_av_social_share '><span class='hr-inner ' ><span class='hr-inner-style'><\/span><\/span><\/div><\/p>\n<div  class='av-social-sharing-box  avia-builder-el-7  el_after_av_hr  el_before_av_hr  '><div class='av-share-box'><h5 class='av-share-link-description av-no-toc '>Compartir esta noticia<\/h5><ul class='av-share-box-list noLightbox'><li class='av-share-link av-social-link-facebook' ><a target=\"_blank\" aria-label=\"Compartir en Facebook\" href='https:\/\/www.facebook.com\/sharer.php?u=https:\/\/radiorevelacionfm.cl\/?p=62378&#038;t=18%20alumnos%20de%20la%20Escuela%20Independencia%20se%20licenciaron%20de%20ense%C3%B1anza%20b%C3%A1sica%20y%20media' aria-hidden='false' data-av_icon='\ue8f3' data-av_iconfont='entypo-fontello' title='' data-avia-related-tooltip='Compartir en Facebook' rel=\"noopener\"><span class='avia_hidden_link_text'>Compartir en Facebook<\/span><\/a><\/li><li class='av-share-link av-social-link-twitter' ><a target=\"_blank\" aria-label=\"Compartir en Twitter\" href='https:\/\/twitter.com\/share?text=18%20alumnos%20de%20la%20Escuela%20Independencia%20se%20licenciaron%20de%20ense%C3%B1anza%20b%C3%A1sica%20y%20media&#038;url=https:\/\/radiorevelacionfm.cl\/?p=62378' aria-hidden='false' data-av_icon='\ue8f1' data-av_iconfont='entypo-fontello' title='' data-avia-related-tooltip='Compartir en Twitter' rel=\"noopener\"><span class='avia_hidden_link_text'>Compartir en Twitter<\/span><\/a><\/li><li class='av-share-link av-social-link-whatsapp' ><a target=\"_blank\" aria-label=\"Compartir en Whatsapp\" href='https:\/\/api.whatsapp.com\/send?text=https:\/\/radiorevelacionfm.cl\/?p=62378' aria-hidden='false' data-av_icon='\uf232' data-av_iconfont='entypo-fontello' title='' data-avia-related-tooltip='Compartir en Whatsapp' rel=\"noopener\"><span class='avia_hidden_link_text'>Compartir en Whatsapp<\/span><\/a><\/li><li class='av-share-link av-social-link-linkedin' ><a target=\"_blank\" aria-label=\"Compartir en LinkedIn\" href='https:\/\/linkedin.com\/shareArticle?mini=true&#038;title=18%20alumnos%20de%20la%20Escuela%20Independencia%20se%20licenciaron%20de%20ense%C3%B1anza%20b%C3%A1sica%20y%20media&#038;url=https:\/\/radiorevelacionfm.cl\/?p=62378' aria-hidden='false' data-av_icon='\ue8fc' data-av_iconfont='entypo-fontello' title='' data-avia-related-tooltip='Compartir en LinkedIn' rel=\"noopener\"><span class='avia_hidden_link_text'>Compartir en LinkedIn<\/span><\/a><\/li><li class='av-share-link av-social-link-mail' ><a  aria-label=\"Compartir por correo\" href='mailto:?subject=18%20alumnos%20de%20la%20Escuela%20Independencia%20se%20licenciaron%20de%20ense%C3%B1anza%20b%C3%A1sica%20y%20media&#038;body=https:\/\/radiorevelacionfm.cl\/?p=62378' aria-hidden='false' data-av_icon='\ue805' data-av_iconfont='entypo-fontello' title='' data-avia-related-tooltip='Compartir por correo'><span class='avia_hidden_link_text'>Compartir por correo<\/span><\/a><\/li><\/ul><\/div><\/div>\n<div  style='height:50px' class='hr hr-invisible   avia-builder-el-8  el_after_av_social_share  el_before_av_comments_list '><span class='hr-inner ' ><span class='hr-inner-style'><\/span><\/span><\/div>\n<div  class='av-buildercomment  av-blog-meta-html-info-disabled av-blog-meta-tag-disabled  '><\/div>\n","protected":false},"excerpt":{"rendered":"","protected":false},"author":1,"featured_media":62379,"comment_status":"closed","ping_status":"closed","sticky":false,"template":"","format":"standard","meta":{"footnotes":""},"categories":[55],"tags":[],"class_list":["post-62378","post","type-post","status-publish","format-standard","has-post-thumbnail","hentry","category-justicia"],"jetpack_featured_media_url":"https:\/\/radiorevelacionfm.cl\/wp-content\/uploads\/2025\/12\/licenciatura-3-2-1-1.jpg","_links":{"self":[{"href":"https:\/\/radiorevelacionfm.cl\/index.php?rest_route=\/wp\/v2\/posts\/62378","targetHints":{"allow":["GET"]}}],"collection":[{"href":"https:\/\/radiorevelacionfm.cl\/index.php?rest_route=\/wp\/v2\/posts"}],"about":[{"href":"https:\/\/radiorevelacionfm.cl\/index.php?rest_route=\/wp\/v2\/types\/post"}],"author":[{"embeddable":true,"href":"https:\/\/radiorevelacionfm.cl\/index.php?rest_route=\/wp\/v2\/users\/1"}],"replies":[{"embeddable":true,"href":"https:\/\/radiorevelacionfm.cl\/index.php?rest_route=%2Fwp%2Fv2%2Fcomments&post=62378"}],"version-history":[{"count":2,"href":"https:\/\/radiorevelacionfm.cl\/index.php?rest_route=\/wp\/v2\/posts\/62378\/revisions"}],"predecessor-version":[{"id":62381,"href":"https:\/\/radiorevelacionfm.cl\/index.php?rest_route=\/wp\/v2\/posts\/62378\/revisions\/62381"}],"wp:featuredmedia":[{"embeddable":true,"href":"https:\/\/radiorevelacionfm.cl\/index.php?rest_route=\/wp\/v2\/media\/62379"}],"wp:attachment":[{"href":"https:\/\/radiorevelacionfm.cl\/index.php?rest_route=%2Fwp%2Fv2%2Fmedia&parent=62378"}],"wp:term":[{"taxonomy":"category","embeddable":true,"href":"https:\/\/radiorevelacionfm.cl\/index.php?rest_route=%2Fwp%2Fv2%2Fcategories&post=62378"},{"taxonomy":"post_tag","embeddable":true,"href":"https:\/\/radiorevelacionfm.cl\/index.php?rest_route=%2Fwp%2Fv2%2Ftags&post=62378"}],"curies":[{"name":"wp","href":"https:\/\/api.w.org\/{rel}","templated":true}]}}