{"id":62373,"date":"2025-12-11T11:20:51","date_gmt":"2025-12-11T14:20:51","guid":{"rendered":"https:\/\/radiorevelacionfm.cl\/?p=62373"},"modified":"2025-12-11T11:20:51","modified_gmt":"2025-12-11T14:20:51","slug":"delegado-provincial-lidera-reunion-de-coordinacion-para-la-segunda-vuelta-presidencial","status":"publish","type":"post","link":"https:\/\/radiorevelacionfm.cl\/?p=62373","title":{"rendered":"Delegado Provincial lidera reuni\u00f3n de coordinaci\u00f3n para la segunda vuelta presidencial"},"content":{"rendered":"<div class=\"flex_column av_one_full  flex_column_div av-zero-column-padding first  avia-builder-el-0  el_before_av_one_full  avia-builder-el-first  \" style='border-radius:0px; '><div  class='avia-image-container  av-styling-    avia-builder-el-1  avia-builder-el-no-sibling  avia-align-center '  itemprop=\"image\" itemscope=\"itemscope\" itemtype=\"https:\/\/schema.org\/ImageObject\"  ><div class='avia-image-container-inner'><div class='avia-image-overlay-wrap'><img decoding=\"async\" class='wp-image-62374 avia-img-lazy-loading-not-62374 avia_image' src=\"https:\/\/radiorevelacionfm.cl\/wp-content\/uploads\/2025\/12\/whatsapp-image-2025-12-11-at-09_optimized.50.49-2-1.jpeg\" alt='' title='whatsapp-image-2025-12-11-at-09_optimized.50.49-(2)-(1)' height=\"600\" width=\"800\"  itemprop=\"thumbnailUrl\" srcset=\"https:\/\/radiorevelacionfm.cl\/wp-content\/uploads\/2025\/12\/whatsapp-image-2025-12-11-at-09_optimized.50.49-2-1.jpeg 800w, https:\/\/radiorevelacionfm.cl\/wp-content\/uploads\/2025\/12\/whatsapp-image-2025-12-11-at-09_optimized.50.49-2-1-300x225.jpeg 300w, https:\/\/radiorevelacionfm.cl\/wp-content\/uploads\/2025\/12\/whatsapp-image-2025-12-11-at-09_optimized.50.49-2-1-768x576.jpeg 768w, https:\/\/radiorevelacionfm.cl\/wp-content\/uploads\/2025\/12\/whatsapp-image-2025-12-11-at-09_optimized.50.49-2-1-705x529.jpeg 705w, https:\/\/radiorevelacionfm.cl\/wp-content\/uploads\/2025\/12\/whatsapp-image-2025-12-11-at-09_optimized.50.49-2-1-450x338.jpeg 450w, https:\/\/radiorevelacionfm.cl\/wp-content\/uploads\/2025\/12\/whatsapp-image-2025-12-11-at-09_optimized.50.49-2-1-600x450.jpeg 600w\" sizes=\"(max-width: 800px) 100vw, 800px\" \/><\/div><\/div><\/div><\/div><div class=\"flex_column av_one_full  flex_column_div av-zero-column-padding first  avia-builder-el-2  el_after_av_one_full  el_before_av_one_full  column-top-margin\" style='border-radius:0px; '><section class=\"av_textblock_section \"  itemscope=\"itemscope\" itemtype=\"https:\/\/schema.org\/BlogPosting\" itemprop=\"blogPost\" ><div class='avia_textblock  '   itemprop=\"text\" ><p style=\"text-align: center;\"><strong><span style=\"font-size: 18pt;\">Delegado Provincial lidera reuni\u00f3n de coordinaci\u00f3n para la segunda vuelta presidencial<\/span><\/strong><\/p>\n<div id=\"gtx-trans\" style=\"position: absolute; left: -50px; top: 4.31534px;\">\n<div class=\"gtx-trans-icon\"><\/div>\n<\/div>\n<\/div><\/section><\/div><div class=\"flex_column av_one_full  flex_column_div av-zero-column-padding first  avia-builder-el-4  el_after_av_one_full  el_before_av_hr  column-top-margin\" style='border-radius:0px; '><section class=\"av_textblock_section \"  itemscope=\"itemscope\" itemtype=\"https:\/\/schema.org\/BlogPosting\" itemprop=\"blogPost\" ><div class='avia_textblock  '   itemprop=\"text\" ><p style=\"text-align: justify;\">Esta semana se llev\u00f3 a cabo reuni\u00f3n de coordinaci\u00f3n entre Carabineros, la Armada, el Ej\u00e9rcito, Municipalidad de Ays\u00e9n, Guaitecas y Puerto Cisnes, adem\u00e1s de la presencia de Slep y Servel.<\/p>\n<p style=\"text-align: justify;\">Durante la instancia se realiz\u00f3 una peque\u00f1a evaluaci\u00f3n del proceso anterior; para mejorar lo que ser\u00e1 la log\u00edstica y coordinaci\u00f3n de todos los representantes para este domingo 14 de Diciembre.<\/p>\n<p style=\"text-align: justify;\">Rodrigo Moreno Rivera, el Delegado Presidencial Provincial de Ays\u00e9n, se\u00f1al\u00f3 que, \u201cesta jornada nos reunimos junto a las instituciones que est\u00e1n a cargo de este proceso eleccionario, es por esto que quisiera destacar la labor y coordinaci\u00f3n que se gener\u00f3 con la finalidad de mejorar\u00a0 algunos asuntos de log\u00edstica para esta votaci\u00f3n que se realizar\u00e1 la 2da vuelta presidencial y terminar\u00e1 el proceso eleccionario 2025. Quiero hacer \u00e9nfasis en agradecer el compromiso de cada instituci\u00f3n por colaborar y adem\u00e1s estar atentos a las solicitudes y necesidades del proceso y de quienes lo llevan a cabo en cada mesa este d\u00eda domingo. Invitamos a todos y todas a concurrir a cumplir su deber c\u00edvico con tiempo para tener una excelente jornada\u201d.<\/p>\n<p style=\"text-align: justify;\">Patricio Parada, Mayor de Carabineros, coment\u00f3, \u201cNo var\u00eda mucho en raz\u00f3n de la elecci\u00f3n anterior solamente que ahora tenemos dos opciones en la candidatura\u00a0 a elecci\u00f3n presidencial. Carabineros de Chile ya parti\u00f3 hace d\u00edas atr\u00e1s la planificaci\u00f3n se encuentra en forma permanente en la bodega de Servel regional, es mas en este momento estamos desplazando los votos y quedan en resguardo hasta el d\u00eda de la elecci\u00f3n. Para el d\u00eda de la elecci\u00f3n, va a haber servicio al exterior como lo demanda la ley,\u00a0 y a la vez estar\u00e1 la toma de constancia de excusas en todos los cuarteles de carabineros de Chile desde el domingo a las 00 hasta las 23:59 del mismo d\u00eda, adem\u00e1s mencionar que desde el d\u00eda domingo a las 08 de la ma\u00f1ana estar\u00e1 disponible la casa de la cultura de Ays\u00e9n hasta la hora que sea necesaria para tomar recibo de las excusas de la comunidad\u201d.<\/p>\n<p style=\"text-align: justify;\">Miguel Ortiz Valenzuela, encargado de fiscalizaci\u00f3n y formaci\u00f3n ciudadana del Servel, \u201cHemos afinado los \u00faltimos detalles de la elecci\u00f3n de este fin de semana, sabemos que fue un poco agobiante la votaci\u00f3n anterior por la afluencia de p\u00fablico y tiempos de espera, pero hemos procurado en hacer las coordinaciones para que no vuelva a repetir. Nombrar de todos modos que la naturaleza de la votaci\u00f3n es distinta por lo que deber\u00eda ser una elecci\u00f3n mucho m\u00e1s fluida mucho m\u00e1s r\u00e1pida, las personas tomaran mucho menos tiempo en la c\u00e1mara secreta, as\u00ed que esperamos tener a las 18 horas todas las mesas cerradas y pronto los c\u00f3mputos con los resultados\u201d.<\/p>\n<\/div><\/section><\/div><div  style='height:50px' class='hr hr-invisible   avia-builder-el-6  el_after_av_one_full  el_before_av_social_share '><span class='hr-inner ' ><span class='hr-inner-style'><\/span><\/span><\/div><\/p>\n<div  class='av-social-sharing-box  avia-builder-el-7  el_after_av_hr  el_before_av_hr  '><div class='av-share-box'><h5 class='av-share-link-description av-no-toc '>Compartir esta noticia<\/h5><ul class='av-share-box-list noLightbox'><li class='av-share-link av-social-link-facebook' ><a target=\"_blank\" aria-label=\"Compartir en Facebook\" href='https:\/\/www.facebook.com\/sharer.php?u=https:\/\/radiorevelacionfm.cl\/?p=62373&#038;t=Delegado%20Provincial%20lidera%20reuni%C3%B3n%20de%20coordinaci%C3%B3n%20para%20la%20segunda%20vuelta%20presidencial' aria-hidden='false' data-av_icon='\ue8f3' data-av_iconfont='entypo-fontello' title='' data-avia-related-tooltip='Compartir en Facebook' rel=\"noopener\"><span class='avia_hidden_link_text'>Compartir en Facebook<\/span><\/a><\/li><li class='av-share-link av-social-link-twitter' ><a target=\"_blank\" aria-label=\"Compartir en Twitter\" href='https:\/\/twitter.com\/share?text=Delegado%20Provincial%20lidera%20reuni%C3%B3n%20de%20coordinaci%C3%B3n%20para%20la%20segunda%20vuelta%20presidencial&#038;url=https:\/\/radiorevelacionfm.cl\/?p=62373' aria-hidden='false' data-av_icon='\ue8f1' data-av_iconfont='entypo-fontello' title='' data-avia-related-tooltip='Compartir en Twitter' rel=\"noopener\"><span class='avia_hidden_link_text'>Compartir en Twitter<\/span><\/a><\/li><li class='av-share-link av-social-link-whatsapp' ><a target=\"_blank\" aria-label=\"Compartir en Whatsapp\" href='https:\/\/api.whatsapp.com\/send?text=https:\/\/radiorevelacionfm.cl\/?p=62373' aria-hidden='false' data-av_icon='\uf232' data-av_iconfont='entypo-fontello' title='' data-avia-related-tooltip='Compartir en Whatsapp' rel=\"noopener\"><span class='avia_hidden_link_text'>Compartir en Whatsapp<\/span><\/a><\/li><li class='av-share-link av-social-link-linkedin' ><a target=\"_blank\" aria-label=\"Compartir en LinkedIn\" href='https:\/\/linkedin.com\/shareArticle?mini=true&#038;title=Delegado%20Provincial%20lidera%20reuni%C3%B3n%20de%20coordinaci%C3%B3n%20para%20la%20segunda%20vuelta%20presidencial&#038;url=https:\/\/radiorevelacionfm.cl\/?p=62373' aria-hidden='false' data-av_icon='\ue8fc' data-av_iconfont='entypo-fontello' title='' data-avia-related-tooltip='Compartir en LinkedIn' rel=\"noopener\"><span class='avia_hidden_link_text'>Compartir en LinkedIn<\/span><\/a><\/li><li class='av-share-link av-social-link-mail' ><a  aria-label=\"Compartir por correo\" href='mailto:?subject=Delegado%20Provincial%20lidera%20reuni%C3%B3n%20de%20coordinaci%C3%B3n%20para%20la%20segunda%20vuelta%20presidencial&#038;body=https:\/\/radiorevelacionfm.cl\/?p=62373' aria-hidden='false' data-av_icon='\ue805' data-av_iconfont='entypo-fontello' title='' data-avia-related-tooltip='Compartir por correo'><span class='avia_hidden_link_text'>Compartir por correo<\/span><\/a><\/li><\/ul><\/div><\/div>\n<div  style='height:50px' class='hr hr-invisible   avia-builder-el-8  el_after_av_social_share  el_before_av_comments_list '><span class='hr-inner ' ><span class='hr-inner-style'><\/span><\/span><\/div>\n<div  class='av-buildercomment  av-blog-meta-html-info-disabled av-blog-meta-tag-disabled  '><\/div>\n","protected":false},"excerpt":{"rendered":"","protected":false},"author":1,"featured_media":62374,"comment_status":"closed","ping_status":"closed","sticky":false,"template":"","format":"standard","meta":{"footnotes":""},"categories":[38],"tags":[],"class_list":["post-62373","post","type-post","status-publish","format-standard","has-post-thumbnail","hentry","category-regional"],"jetpack_featured_media_url":"https:\/\/radiorevelacionfm.cl\/wp-content\/uploads\/2025\/12\/whatsapp-image-2025-12-11-at-09_optimized.50.49-2-1.jpeg","_links":{"self":[{"href":"https:\/\/radiorevelacionfm.cl\/index.php?rest_route=\/wp\/v2\/posts\/62373","targetHints":{"allow":["GET"]}}],"collection":[{"href":"https:\/\/radiorevelacionfm.cl\/index.php?rest_route=\/wp\/v2\/posts"}],"about":[{"href":"https:\/\/radiorevelacionfm.cl\/index.php?rest_route=\/wp\/v2\/types\/post"}],"author":[{"embeddable":true,"href":"https:\/\/radiorevelacionfm.cl\/index.php?rest_route=\/wp\/v2\/users\/1"}],"replies":[{"embeddable":true,"href":"https:\/\/radiorevelacionfm.cl\/index.php?rest_route=%2Fwp%2Fv2%2Fcomments&post=62373"}],"version-history":[{"count":2,"href":"https:\/\/radiorevelacionfm.cl\/index.php?rest_route=\/wp\/v2\/posts\/62373\/revisions"}],"predecessor-version":[{"id":62376,"href":"https:\/\/radiorevelacionfm.cl\/index.php?rest_route=\/wp\/v2\/posts\/62373\/revisions\/62376"}],"wp:featuredmedia":[{"embeddable":true,"href":"https:\/\/radiorevelacionfm.cl\/index.php?rest_route=\/wp\/v2\/media\/62374"}],"wp:attachment":[{"href":"https:\/\/radiorevelacionfm.cl\/index.php?rest_route=%2Fwp%2Fv2%2Fmedia&parent=62373"}],"wp:term":[{"taxonomy":"category","embeddable":true,"href":"https:\/\/radiorevelacionfm.cl\/index.php?rest_route=%2Fwp%2Fv2%2Fcategories&post=62373"},{"taxonomy":"post_tag","embeddable":true,"href":"https:\/\/radiorevelacionfm.cl\/index.php?rest_route=%2Fwp%2Fv2%2Ftags&post=62373"}],"curies":[{"name":"wp","href":"https:\/\/api.w.org\/{rel}","templated":true}]}}