{"id":6237,"date":"2021-07-14T10:12:38","date_gmt":"2021-07-14T13:12:38","guid":{"rendered":"https:\/\/radiorevelacionfm.cl\/?p=6237"},"modified":"2021-07-14T10:12:38","modified_gmt":"2021-07-14T13:12:38","slug":"municipio-de-aysen-aborda-nuevas-perspectivas-en-materia-de-seguridad-publica","status":"publish","type":"post","link":"https:\/\/radiorevelacionfm.cl\/?p=6237","title":{"rendered":"Municipio de Ays\u00e9n aborda nuevas perspectivas en materia de seguridad p\u00fablica"},"content":{"rendered":"<div class=\"flex_column av_one_full  flex_column_div av-zero-column-padding first  avia-builder-el-0  el_before_av_one_full  avia-builder-el-first  \" style='border-radius:0px; '><div  class='avia-image-container  av-styling-    avia-builder-el-1  avia-builder-el-no-sibling  avia-align-center '  itemprop=\"image\" itemscope=\"itemscope\" itemtype=\"https:\/\/schema.org\/ImageObject\"  ><div class='avia-image-container-inner'><div class='avia-image-overlay-wrap'><img decoding=\"async\" class='wp-image-6238 avia-img-lazy-loading-not-6238 avia_image' src=\"https:\/\/radiorevelacionfm.cl\/wp-content\/uploads\/2021\/07\/REUNION-SEGURIDAD-PUBLICA-1-1.jpg\" alt='' title='REUNI\u00d3N SEGURIDAD P\u00daBLICA (1) (1)' height=\"600\" width=\"900\"  itemprop=\"thumbnailUrl\" srcset=\"https:\/\/radiorevelacionfm.cl\/wp-content\/uploads\/2021\/07\/REUNION-SEGURIDAD-PUBLICA-1-1.jpg 900w, https:\/\/radiorevelacionfm.cl\/wp-content\/uploads\/2021\/07\/REUNION-SEGURIDAD-PUBLICA-1-1-300x200.jpg 300w, https:\/\/radiorevelacionfm.cl\/wp-content\/uploads\/2021\/07\/REUNION-SEGURIDAD-PUBLICA-1-1-768x512.jpg 768w, https:\/\/radiorevelacionfm.cl\/wp-content\/uploads\/2021\/07\/REUNION-SEGURIDAD-PUBLICA-1-1-705x470.jpg 705w, https:\/\/radiorevelacionfm.cl\/wp-content\/uploads\/2021\/07\/REUNION-SEGURIDAD-PUBLICA-1-1-600x400.jpg 600w\" sizes=\"(max-width: 900px) 100vw, 900px\" \/><\/div><\/div><\/div><\/div><div class=\"flex_column av_one_full  flex_column_div av-zero-column-padding first  avia-builder-el-2  el_after_av_one_full  el_before_av_one_full  column-top-margin\" style='border-radius:0px; '><section class=\"av_textblock_section \"  itemscope=\"itemscope\" itemtype=\"https:\/\/schema.org\/BlogPosting\" itemprop=\"blogPost\" ><div class='avia_textblock  '   itemprop=\"text\" ><p style=\"text-align: center;\"><span style=\"font-size: 18pt;\"><strong>Municipio de Ays\u00e9n aborda nuevas perspectivas en materia de seguridad p\u00fablica<\/strong><\/span><\/p>\n<div id=\"gtx-trans\" style=\"position: absolute; left: -50px; top: 4.31534px;\">\n<div class=\"gtx-trans-icon\"><\/div>\n<\/div>\n<\/div><\/section><\/div><div class=\"flex_column av_one_full  flex_column_div av-zero-column-padding first  avia-builder-el-4  el_after_av_one_full  el_before_av_hr  column-top-margin\" style='border-radius:0px; '><section class=\"av_textblock_section \"  itemscope=\"itemscope\" itemtype=\"https:\/\/schema.org\/BlogPosting\" itemprop=\"blogPost\" ><div class='avia_textblock  '   itemprop=\"text\" ><p style=\"text-align: justify;\">Con el fin de avanzar en una materia tan relevante y sensible como es la seguridad p\u00fablica, este martes en dependencias de la Municipalidad de Ays\u00e9n se desarroll\u00f3 una reuni\u00f3n en la que particip\u00f3 el Coordinador Macrocomunal de la Subsecretar\u00eda de Prevenci\u00f3n del Delito, \u00c1lvaro Arriagada conjuntamente al jefe de gabinete, Marco Co\u00f1uecar y los concejales Gabriel Mu\u00f1oz y Jorge Figueroa.<\/p>\n<p style=\"text-align: justify;\">Al respecto, ambos concejales relevaron esta instancia, que busca trabajar en un acabado plan que permita caminar hacia la seguridad de los ayseninos.<\/p>\n<p style=\"text-align: justify;\">\u201cJunto a \u00c1lvaro logramos conocer mayores antecedentes sobre esta \u00e1rea que es tan importante. Est\u00e1bamos viendo, inclusive, los motivos de por qu\u00e9 no funcionaban las c\u00e1maras que tenemos hace bastante tiempo en Ays\u00e9n. Pero van a haber sorpresas sobre este asunto porque la seguridad ciudadana es muy necesaria para Puerto Ays\u00e9n y la comuna en general. El desaf\u00edo es que los ayseninos se sientan m\u00e1s protegidos, queremos tener comunicaci\u00f3n m\u00e1s directa con la gente, ser un apoyo para las polic\u00edas y todo lo que como concejales podamos abarcar para poder apoyar\u201d, manifest\u00f3 Mu\u00f1oz Abello, representante del Concejo Municipal.<\/p>\n<p style=\"text-align: justify;\">Por su parte, el concejal Jorge Figueroa se refiri\u00f3 a lo positivo de la reuni\u00f3n, que dio cuenta de la actual situaci\u00f3n de la comuna en este \u00e1mbito, as\u00ed como delinear un trabajo en el corto, mediano y largo plazo que involucre a todos y cada una de las instituciones dispuestas para este fin.<\/p>\n<p style=\"text-align: justify;\">\u201cHay que recordar que en la \u00faltima sesi\u00f3n se aprob\u00f3 la creaci\u00f3n de la direcci\u00f3n de Seguridad P\u00fablica. As\u00ed que empezamos a darle el plus que se necesita para hacer las coordinaciones, ver a qu\u00e9 fondos podemos postular, de d\u00f3nde podemos obtener los recursos, todo esto de manera coordinada con las diversas instituciones que se requieran para que Ays\u00e9n y la ciudadan\u00eda se sienta seguro. Y como municipio debemos hacernos responsables y hacernos part\u00edcipes de las soluciones que podamos darles a la comunidad. Las instituciones est\u00e1n al servicio de nuestra comunidad, y ante eso hay que hacerlas funcionar y como municipio necesitamos coordinar eso a trav\u00e9s de un ente garante y un ente eficiente de este trabajo, a trav\u00e9s de la direcci\u00f3n de Seguridad P\u00fablica\u201d, finaliz\u00f3 Figueroa Jara.<\/p>\n<\/div><\/section><\/div><div  style='height:50px' class='hr hr-invisible   avia-builder-el-6  el_after_av_one_full  el_before_av_social_share '><span class='hr-inner ' ><span class='hr-inner-style'><\/span><\/span><\/div><\/p>\n<div  class='av-social-sharing-box  avia-builder-el-7  el_after_av_hr  el_before_av_hr  '><div class='av-share-box'><h5 class='av-share-link-description av-no-toc '>Compartir esta noticia<\/h5><ul class='av-share-box-list noLightbox'><li class='av-share-link av-social-link-facebook' ><a target=\"_blank\" aria-label=\"Compartir en Facebook\" href='https:\/\/www.facebook.com\/sharer.php?u=https:\/\/radiorevelacionfm.cl\/?p=6237&#038;t=Municipio%20de%20Ays%C3%A9n%20aborda%20nuevas%20perspectivas%20en%20materia%20de%20seguridad%20p%C3%BAblica' aria-hidden='false' data-av_icon='\ue8f3' data-av_iconfont='entypo-fontello' title='' data-avia-related-tooltip='Compartir en Facebook' rel=\"noopener\"><span class='avia_hidden_link_text'>Compartir en Facebook<\/span><\/a><\/li><li class='av-share-link av-social-link-twitter' ><a target=\"_blank\" aria-label=\"Compartir en Twitter\" href='https:\/\/twitter.com\/share?text=Municipio%20de%20Ays%C3%A9n%20aborda%20nuevas%20perspectivas%20en%20materia%20de%20seguridad%20p%C3%BAblica&#038;url=https:\/\/radiorevelacionfm.cl\/?p=6237' aria-hidden='false' data-av_icon='\ue8f1' data-av_iconfont='entypo-fontello' title='' data-avia-related-tooltip='Compartir en Twitter' rel=\"noopener\"><span class='avia_hidden_link_text'>Compartir en Twitter<\/span><\/a><\/li><li class='av-share-link av-social-link-whatsapp' ><a target=\"_blank\" aria-label=\"Compartir en Whatsapp\" href='https:\/\/api.whatsapp.com\/send?text=https:\/\/radiorevelacionfm.cl\/?p=6237' aria-hidden='false' data-av_icon='\uf232' data-av_iconfont='entypo-fontello' title='' data-avia-related-tooltip='Compartir en Whatsapp' rel=\"noopener\"><span class='avia_hidden_link_text'>Compartir en Whatsapp<\/span><\/a><\/li><li class='av-share-link av-social-link-linkedin' ><a target=\"_blank\" aria-label=\"Compartir en LinkedIn\" href='https:\/\/linkedin.com\/shareArticle?mini=true&#038;title=Municipio%20de%20Ays%C3%A9n%20aborda%20nuevas%20perspectivas%20en%20materia%20de%20seguridad%20p%C3%BAblica&#038;url=https:\/\/radiorevelacionfm.cl\/?p=6237' aria-hidden='false' data-av_icon='\ue8fc' data-av_iconfont='entypo-fontello' title='' data-avia-related-tooltip='Compartir en LinkedIn' rel=\"noopener\"><span class='avia_hidden_link_text'>Compartir en LinkedIn<\/span><\/a><\/li><li class='av-share-link av-social-link-mail' ><a  aria-label=\"Compartir por correo\" href='mailto:?subject=Municipio%20de%20Ays%C3%A9n%20aborda%20nuevas%20perspectivas%20en%20materia%20de%20seguridad%20p%C3%BAblica&#038;body=https:\/\/radiorevelacionfm.cl\/?p=6237' aria-hidden='false' data-av_icon='\ue805' data-av_iconfont='entypo-fontello' title='' data-avia-related-tooltip='Compartir por correo'><span class='avia_hidden_link_text'>Compartir por correo<\/span><\/a><\/li><\/ul><\/div><\/div>\n<div  style='height:50px' class='hr hr-invisible   avia-builder-el-8  el_after_av_social_share  el_before_av_comments_list '><span class='hr-inner ' ><span class='hr-inner-style'><\/span><\/span><\/div>\n<div  class='av-buildercomment  av-blog-meta-html-info-disabled av-blog-meta-tag-disabled  '><\/div>\n","protected":false},"excerpt":{"rendered":"","protected":false},"author":1,"featured_media":6238,"comment_status":"open","ping_status":"open","sticky":false,"template":"","format":"standard","meta":{"footnotes":""},"categories":[38],"tags":[],"class_list":["post-6237","post","type-post","status-publish","format-standard","has-post-thumbnail","hentry","category-regional"],"jetpack_featured_media_url":"https:\/\/radiorevelacionfm.cl\/wp-content\/uploads\/2021\/07\/REUNION-SEGURIDAD-PUBLICA-1-1.jpg","_links":{"self":[{"href":"https:\/\/radiorevelacionfm.cl\/index.php?rest_route=\/wp\/v2\/posts\/6237","targetHints":{"allow":["GET"]}}],"collection":[{"href":"https:\/\/radiorevelacionfm.cl\/index.php?rest_route=\/wp\/v2\/posts"}],"about":[{"href":"https:\/\/radiorevelacionfm.cl\/index.php?rest_route=\/wp\/v2\/types\/post"}],"author":[{"embeddable":true,"href":"https:\/\/radiorevelacionfm.cl\/index.php?rest_route=\/wp\/v2\/users\/1"}],"replies":[{"embeddable":true,"href":"https:\/\/radiorevelacionfm.cl\/index.php?rest_route=%2Fwp%2Fv2%2Fcomments&post=6237"}],"version-history":[{"count":1,"href":"https:\/\/radiorevelacionfm.cl\/index.php?rest_route=\/wp\/v2\/posts\/6237\/revisions"}],"predecessor-version":[{"id":6239,"href":"https:\/\/radiorevelacionfm.cl\/index.php?rest_route=\/wp\/v2\/posts\/6237\/revisions\/6239"}],"wp:featuredmedia":[{"embeddable":true,"href":"https:\/\/radiorevelacionfm.cl\/index.php?rest_route=\/wp\/v2\/media\/6238"}],"wp:attachment":[{"href":"https:\/\/radiorevelacionfm.cl\/index.php?rest_route=%2Fwp%2Fv2%2Fmedia&parent=6237"}],"wp:term":[{"taxonomy":"category","embeddable":true,"href":"https:\/\/radiorevelacionfm.cl\/index.php?rest_route=%2Fwp%2Fv2%2Fcategories&post=6237"},{"taxonomy":"post_tag","embeddable":true,"href":"https:\/\/radiorevelacionfm.cl\/index.php?rest_route=%2Fwp%2Fv2%2Ftags&post=6237"}],"curies":[{"name":"wp","href":"https:\/\/api.w.org\/{rel}","templated":true}]}}