{"id":62369,"date":"2025-12-11T11:09:06","date_gmt":"2025-12-11T14:09:06","guid":{"rendered":"https:\/\/radiorevelacionfm.cl\/?p=62369"},"modified":"2025-12-11T11:09:06","modified_gmt":"2025-12-11T14:09:06","slug":"uaysen-abre-segunda-etapa-de-admision-especial-con-vacantes-en-ocho-carreras","status":"publish","type":"post","link":"https:\/\/radiorevelacionfm.cl\/?p=62369","title":{"rendered":"UAys\u00e9n abre segunda etapa de Admisi\u00f3n Especial con vacantes en ocho carreras"},"content":{"rendered":"<div class=\"flex_column av_one_full  flex_column_div av-zero-column-padding first  avia-builder-el-0  el_before_av_one_full  avia-builder-el-first  \" style='border-radius:0px; '><div  class='avia-image-container  av-styling-    avia-builder-el-1  avia-builder-el-no-sibling  avia-align-center '  itemprop=\"image\" itemscope=\"itemscope\" itemtype=\"https:\/\/schema.org\/ImageObject\"  ><div class='avia-image-container-inner'><div class='avia-image-overlay-wrap'><img decoding=\"async\" class='wp-image-62370 avia-img-lazy-loading-not-62370 avia_image' src=\"https:\/\/radiorevelacionfm.cl\/wp-content\/uploads\/2025\/12\/DSC_3210-1-1.jpg\" alt='' title='DSC_3210 (1) (1)' height=\"600\" width=\"902\"  itemprop=\"thumbnailUrl\" srcset=\"https:\/\/radiorevelacionfm.cl\/wp-content\/uploads\/2025\/12\/DSC_3210-1-1.jpg 902w, https:\/\/radiorevelacionfm.cl\/wp-content\/uploads\/2025\/12\/DSC_3210-1-1-300x200.jpg 300w, https:\/\/radiorevelacionfm.cl\/wp-content\/uploads\/2025\/12\/DSC_3210-1-1-768x511.jpg 768w, https:\/\/radiorevelacionfm.cl\/wp-content\/uploads\/2025\/12\/DSC_3210-1-1-705x469.jpg 705w, https:\/\/radiorevelacionfm.cl\/wp-content\/uploads\/2025\/12\/DSC_3210-1-1-450x299.jpg 450w, https:\/\/radiorevelacionfm.cl\/wp-content\/uploads\/2025\/12\/DSC_3210-1-1-600x399.jpg 600w\" sizes=\"(max-width: 902px) 100vw, 902px\" \/><\/div><\/div><\/div><\/div><div class=\"flex_column av_one_full  flex_column_div av-zero-column-padding first  avia-builder-el-2  el_after_av_one_full  el_before_av_one_full  column-top-margin\" style='border-radius:0px; '><section class=\"av_textblock_section \"  itemscope=\"itemscope\" itemtype=\"https:\/\/schema.org\/BlogPosting\" itemprop=\"blogPost\" ><div class='avia_textblock  '   itemprop=\"text\" ><p style=\"text-align: center;\"><strong><span style=\"font-size: 18pt;\">UAys\u00e9n abre segunda etapa de Admisi\u00f3n Especial con vacantes en ocho carreras<\/span><\/strong><\/p>\n<\/div><\/section><\/div><div class=\"flex_column av_one_full  flex_column_div av-zero-column-padding first  avia-builder-el-4  el_after_av_one_full  el_before_av_hr  column-top-margin\" style='border-radius:0px; '><section class=\"av_textblock_section \"  itemscope=\"itemscope\" itemtype=\"https:\/\/schema.org\/BlogPosting\" itemprop=\"blogPost\" ><div class='avia_textblock  '   itemprop=\"text\" ><p style=\"text-align: justify;\"><em>La Universidad de Ays\u00e9n inici\u00f3 la segunda etapa de su proceso de Admisi\u00f3n Especial, un mecanismo que reconoce trayectorias diversas y promueve el acceso equitativo a la educaci\u00f3n superior.<\/em><\/p>\n<p style=\"text-align: justify;\">Tras culminar exitosamente el primer periodo de Admisi\u00f3n Especial, la Universidad de Ays\u00e9n abri\u00f3 la segunda etapa del Proceso de Admisi\u00f3n Especial, instancia que permite a postulantes de la regi\u00f3n y del pa\u00eds acceder a una vacante en pregrado a trav\u00e9s de criterios que valoran m\u00e9ritos y experiencias que no siempre se reflejan en pruebas estandarizadas. Esta v\u00eda se ha consolidado como una alternativa inclusiva y pertinente al contexto territorial.<\/p>\n<p style=\"text-align: justify;\">En esta l\u00ednea, David V\u00e1squez, Coordinador de Admisi\u00f3n UAys\u00e9n, recalc\u00f3 parte del balance y las vacantes que siguen disponibles, se\u00f1alando que \u201chemos culminado el primer periodo de Admisi\u00f3n Especial con un gran \u00e9xito, m\u00e1s de 130 estudiantes postularon a las distintas carreras por esta v\u00eda de admisi\u00f3n especial. Si bien varias completaron sus vacantes, hay algunas que todav\u00eda conservan cupos para que los y las j\u00f3venes aprovechen para postular. Ingenier\u00eda Forestal, Agronom\u00eda, Ingenier\u00eda Civil Inform\u00e1tica, Ingenier\u00eda Civil Industrial e Ingenier\u00eda Civil en Energ\u00edas Renovables, una carrera vanguardista, de futuro, que abriremos este a\u00f1o y que seguramente marcar\u00e1 un hito en Chile con los primeros ingenieros e ingenieras formados en esta l\u00ednea. Adem\u00e1s tenemos vacantes en Trabajo Social, Administraci\u00f3n P\u00fablica y Terapia Ocupacional.\u201d<\/p>\n<p style=\"text-align: justify;\">La Admisi\u00f3n Especial establece criterios de selecci\u00f3n basados en m\u00e9ritos que no necesariamente se reflejan en pruebas estandarizadas. Este sistema considera cuatro v\u00edas tales como inclusi\u00f3n, diversidad, pertinencia regional y contextos especiales, las cuales permiten que hasta un 25% del total de vacantes institucionales sean asignadas mediante estos mecanismos. Con ello, la UAys\u00e9n reconoce situaciones particulares, talentos, trayectorias acad\u00e9micas y condiciones territoriales de las y los postulantes. Entre los criterios destacan la equidad de g\u00e9nero, la discapacidad compatible con la carrera, el talento acad\u00e9mico, art\u00edstico o cient\u00edfico, pertenencia a pueblos originarios, egreso de establecimientos de la Regi\u00f3n de Ays\u00e9n, colegios aislados geogr\u00e1ficamente, participaci\u00f3n en academias formativas UAys\u00e9n y situaciones personales especiales.<\/p>\n<p style=\"text-align: justify;\">La Admisi\u00f3n Especial es una de las cuatro v\u00edas de ingreso a la Universidad de Ays\u00e9n, junto con la Admisi\u00f3n Regular, las Transferencias Externas y otras v\u00edas de ingreso. Las personas interesadas en participar de esta segunda etapa pueden postular en<a href=\"http:\/\/www.uaysen.cl\/\">\u00a0www.uaysen.cl<\/a> o escribir a admision@uaysen.c o al fono Whatsapp +56 9 39332051.<\/p>\n<\/div><\/section><\/div><div  style='height:50px' class='hr hr-invisible   avia-builder-el-6  el_after_av_one_full  el_before_av_social_share '><span class='hr-inner ' ><span class='hr-inner-style'><\/span><\/span><\/div><\/p>\n<div  class='av-social-sharing-box  avia-builder-el-7  el_after_av_hr  el_before_av_hr  '><div class='av-share-box'><h5 class='av-share-link-description av-no-toc '>Compartir esta noticia<\/h5><ul class='av-share-box-list noLightbox'><li class='av-share-link av-social-link-facebook' ><a target=\"_blank\" aria-label=\"Compartir en Facebook\" href='https:\/\/www.facebook.com\/sharer.php?u=https:\/\/radiorevelacionfm.cl\/?p=62369&#038;t=UAys%C3%A9n%20abre%20segunda%20etapa%20de%20Admisi%C3%B3n%20Especial%20con%20vacantes%20en%20ocho%20carreras' aria-hidden='false' data-av_icon='\ue8f3' data-av_iconfont='entypo-fontello' title='' data-avia-related-tooltip='Compartir en Facebook' rel=\"noopener\"><span class='avia_hidden_link_text'>Compartir en Facebook<\/span><\/a><\/li><li class='av-share-link av-social-link-twitter' ><a target=\"_blank\" aria-label=\"Compartir en Twitter\" href='https:\/\/twitter.com\/share?text=UAys%C3%A9n%20abre%20segunda%20etapa%20de%20Admisi%C3%B3n%20Especial%20con%20vacantes%20en%20ocho%20carreras&#038;url=https:\/\/radiorevelacionfm.cl\/?p=62369' aria-hidden='false' data-av_icon='\ue8f1' data-av_iconfont='entypo-fontello' title='' data-avia-related-tooltip='Compartir en Twitter' rel=\"noopener\"><span class='avia_hidden_link_text'>Compartir en Twitter<\/span><\/a><\/li><li class='av-share-link av-social-link-whatsapp' ><a target=\"_blank\" aria-label=\"Compartir en Whatsapp\" href='https:\/\/api.whatsapp.com\/send?text=https:\/\/radiorevelacionfm.cl\/?p=62369' aria-hidden='false' data-av_icon='\uf232' data-av_iconfont='entypo-fontello' title='' data-avia-related-tooltip='Compartir en Whatsapp' rel=\"noopener\"><span class='avia_hidden_link_text'>Compartir en Whatsapp<\/span><\/a><\/li><li class='av-share-link av-social-link-linkedin' ><a target=\"_blank\" aria-label=\"Compartir en LinkedIn\" href='https:\/\/linkedin.com\/shareArticle?mini=true&#038;title=UAys%C3%A9n%20abre%20segunda%20etapa%20de%20Admisi%C3%B3n%20Especial%20con%20vacantes%20en%20ocho%20carreras&#038;url=https:\/\/radiorevelacionfm.cl\/?p=62369' aria-hidden='false' data-av_icon='\ue8fc' data-av_iconfont='entypo-fontello' title='' data-avia-related-tooltip='Compartir en LinkedIn' rel=\"noopener\"><span class='avia_hidden_link_text'>Compartir en LinkedIn<\/span><\/a><\/li><li class='av-share-link av-social-link-mail' ><a  aria-label=\"Compartir por correo\" href='mailto:?subject=UAys%C3%A9n%20abre%20segunda%20etapa%20de%20Admisi%C3%B3n%20Especial%20con%20vacantes%20en%20ocho%20carreras&#038;body=https:\/\/radiorevelacionfm.cl\/?p=62369' aria-hidden='false' data-av_icon='\ue805' data-av_iconfont='entypo-fontello' title='' data-avia-related-tooltip='Compartir por correo'><span class='avia_hidden_link_text'>Compartir por correo<\/span><\/a><\/li><\/ul><\/div><\/div>\n<div  style='height:50px' class='hr hr-invisible   avia-builder-el-8  el_after_av_social_share  el_before_av_comments_list '><span class='hr-inner ' ><span class='hr-inner-style'><\/span><\/span><\/div>\n<div  class='av-buildercomment  av-blog-meta-html-info-disabled av-blog-meta-tag-disabled  '><\/div>\n","protected":false},"excerpt":{"rendered":"","protected":false},"author":1,"featured_media":62370,"comment_status":"closed","ping_status":"closed","sticky":false,"template":"","format":"standard","meta":{"footnotes":""},"categories":[49],"tags":[],"class_list":["post-62369","post","type-post","status-publish","format-standard","has-post-thumbnail","hentry","category-educacion"],"jetpack_featured_media_url":"https:\/\/radiorevelacionfm.cl\/wp-content\/uploads\/2025\/12\/DSC_3210-1-1.jpg","_links":{"self":[{"href":"https:\/\/radiorevelacionfm.cl\/index.php?rest_route=\/wp\/v2\/posts\/62369","targetHints":{"allow":["GET"]}}],"collection":[{"href":"https:\/\/radiorevelacionfm.cl\/index.php?rest_route=\/wp\/v2\/posts"}],"about":[{"href":"https:\/\/radiorevelacionfm.cl\/index.php?rest_route=\/wp\/v2\/types\/post"}],"author":[{"embeddable":true,"href":"https:\/\/radiorevelacionfm.cl\/index.php?rest_route=\/wp\/v2\/users\/1"}],"replies":[{"embeddable":true,"href":"https:\/\/radiorevelacionfm.cl\/index.php?rest_route=%2Fwp%2Fv2%2Fcomments&post=62369"}],"version-history":[{"count":2,"href":"https:\/\/radiorevelacionfm.cl\/index.php?rest_route=\/wp\/v2\/posts\/62369\/revisions"}],"predecessor-version":[{"id":62372,"href":"https:\/\/radiorevelacionfm.cl\/index.php?rest_route=\/wp\/v2\/posts\/62369\/revisions\/62372"}],"wp:featuredmedia":[{"embeddable":true,"href":"https:\/\/radiorevelacionfm.cl\/index.php?rest_route=\/wp\/v2\/media\/62370"}],"wp:attachment":[{"href":"https:\/\/radiorevelacionfm.cl\/index.php?rest_route=%2Fwp%2Fv2%2Fmedia&parent=62369"}],"wp:term":[{"taxonomy":"category","embeddable":true,"href":"https:\/\/radiorevelacionfm.cl\/index.php?rest_route=%2Fwp%2Fv2%2Fcategories&post=62369"},{"taxonomy":"post_tag","embeddable":true,"href":"https:\/\/radiorevelacionfm.cl\/index.php?rest_route=%2Fwp%2Fv2%2Ftags&post=62369"}],"curies":[{"name":"wp","href":"https:\/\/api.w.org\/{rel}","templated":true}]}}