{"id":62359,"date":"2025-12-11T09:59:59","date_gmt":"2025-12-11T12:59:59","guid":{"rendered":"https:\/\/radiorevelacionfm.cl\/?p=62359"},"modified":"2025-12-11T09:59:59","modified_gmt":"2025-12-11T12:59:59","slug":"indap-aysen-destaca-avances-y-logros-del-2025-en-beneficio-de-las-familias-campesinas-en-el-marco-del-63-aniversario-institucional","status":"publish","type":"post","link":"https:\/\/radiorevelacionfm.cl\/?p=62359","title":{"rendered":"Indap Ays\u00e9n destaca avances y logros del 2025 en beneficio de las familias campesinas en el marco del 63\u00b0 aniversario institucional"},"content":{"rendered":"<div class=\"flex_column av_one_full  flex_column_div av-zero-column-padding first  avia-builder-el-0  el_before_av_one_full  avia-builder-el-first  \" style='border-radius:0px; '><div  class='avia-image-container  av-styling-    avia-builder-el-1  avia-builder-el-no-sibling  avia-align-center '  itemprop=\"image\" itemscope=\"itemscope\" itemtype=\"https:\/\/schema.org\/ImageObject\"  ><div class='avia-image-container-inner'><div class='avia-image-overlay-wrap'><img decoding=\"async\" class='wp-image-62360 avia-img-lazy-loading-not-62360 avia_image' src=\"https:\/\/radiorevelacionfm.cl\/wp-content\/uploads\/2025\/12\/gestion-indap-2025-2-1_optimized.jpeg\" alt='' title='gestion-indap-2025-(2)-(1)_optimized' height=\"600\" width=\"800\"  itemprop=\"thumbnailUrl\" srcset=\"https:\/\/radiorevelacionfm.cl\/wp-content\/uploads\/2025\/12\/gestion-indap-2025-2-1_optimized.jpeg 800w, https:\/\/radiorevelacionfm.cl\/wp-content\/uploads\/2025\/12\/gestion-indap-2025-2-1_optimized-300x225.jpeg 300w, https:\/\/radiorevelacionfm.cl\/wp-content\/uploads\/2025\/12\/gestion-indap-2025-2-1_optimized-768x576.jpeg 768w, https:\/\/radiorevelacionfm.cl\/wp-content\/uploads\/2025\/12\/gestion-indap-2025-2-1_optimized-705x529.jpeg 705w, https:\/\/radiorevelacionfm.cl\/wp-content\/uploads\/2025\/12\/gestion-indap-2025-2-1_optimized-450x338.jpeg 450w, https:\/\/radiorevelacionfm.cl\/wp-content\/uploads\/2025\/12\/gestion-indap-2025-2-1_optimized-600x450.jpeg 600w\" sizes=\"(max-width: 800px) 100vw, 800px\" \/><\/div><\/div><\/div><\/div><div class=\"flex_column av_one_full  flex_column_div av-zero-column-padding first  avia-builder-el-2  el_after_av_one_full  el_before_av_one_full  column-top-margin\" style='border-radius:0px; '><section class=\"av_textblock_section \"  itemscope=\"itemscope\" itemtype=\"https:\/\/schema.org\/BlogPosting\" itemprop=\"blogPost\" ><div class='avia_textblock  '   itemprop=\"text\" ><p style=\"text-align: center;\"><strong><span style=\"font-size: 18pt;\">Indap Ays\u00e9n destaca avances y logros del 2025 en beneficio de las familias campesinas en el marco del 63\u00b0 aniversario institucional<\/span><\/strong><\/p>\n<div id=\"gtx-trans\" style=\"position: absolute; left: -50px; top: 4.31534px;\">\n<div class=\"gtx-trans-icon\"><\/div>\n<\/div>\n<\/div><\/section><\/div><div class=\"flex_column av_one_full  flex_column_div av-zero-column-padding first  avia-builder-el-4  el_after_av_one_full  el_before_av_hr  column-top-margin\" style='border-radius:0px; '><section class=\"av_textblock_section \"  itemscope=\"itemscope\" itemtype=\"https:\/\/schema.org\/BlogPosting\" itemprop=\"blogPost\" ><div class='avia_textblock  '   itemprop=\"text\" ><p style=\"text-align: justify;\">En el marco del aniversario n\u00famero 63 de INDAP del Ministerio de Agricultura, la Direcci\u00f3n Regional de Ays\u00e9n relev\u00f3 los avances alcanzados durante 2025, un a\u00f1o marcado por inversiones hist\u00f3ricas, fortalecimiento del acompa\u00f1amiento territorial y una gesti\u00f3n orientada a mejorar la calidad de vida y las oportunidades productivas de las familias campesinas e ind\u00edgenas de la regi\u00f3n. Ays\u00e9n ha consolidado un trabajo t\u00e9cnico robusto que se expresa en m\u00e1s asesor\u00edas, m\u00e1s inversi\u00f3n, programas innovadores y una presencia permanente en terreno para enfrentar los desaf\u00edos clim\u00e1ticos, productivos y sociales de la ruralidad extrema.<\/p>\n<p style=\"text-align: justify;\">\u201cEste a\u00f1o demostramos que el compromiso de INDAP con el mundo rural es concreto y se expresa en servicios fortalecidos, m\u00e1s capacidades para nuestros usuarios y usuarias, y una gesti\u00f3n que prioriza el bienestar de las familias campesinas sobre cualquier dificultad administrativa o clim\u00e1tica\u201d, se\u00f1al\u00f3 la directora regional, Yessica Lagos C\u00e1rdenas, destacando que el aniversario encuentra a la instituci\u00f3n \u201cen plena expansi\u00f3n de sus programas estrat\u00e9gicos para Ays\u00e9n\u201d.<\/p>\n<p style=\"text-align: justify;\">Durante 2025, INDAP Ays\u00e9n increment\u00f3 en m\u00e1s de un 20% su oferta de asesor\u00eda t\u00e9cnica, ampliando la cobertura del Programa de Desarrollo Local (PRODESAL), del Programa de Desarrollo Territorial Ind\u00edgena (PDTI) y del Servicio de Asesor\u00eda T\u00e9cnica (SAT), y el programa Transici\u00f3n a la Agricultura Sostenible (TAS) consolidando un modelo territorial que promueve pr\u00e1cticas agroecol\u00f3gicas que permitan enfrentar los efectos del cambio clim\u00e1tico, que entrega acompa\u00f1amiento permanente a las comunidades rurales y refuerza el trabajo con municipios y organizaciones campesinas.<\/p>\n<p style=\"text-align: justify;\">En materia de inversi\u00f3n, la regi\u00f3n avanz\u00f3 en programas claves como el Programa de Desarrollo de Inversiones (PDI), Suelos, Riego, impulsando iniciativas orientadas a mejorar la infraestructura productiva, recuperar praderas, fortalecer la horticultura local. Adem\u00e1s, se sum\u00f3 la aprobaci\u00f3n del nuevo programa financiado por el Gobierno Regional, que incrementa en m\u00e1s de 2 mil millones anuales la capacidad de asesor\u00eda e inversi\u00f3n destinada a la Agricultura Familiar Campesina e Ind\u00edgena para el 2026.<\/p>\n<p style=\"text-align: justify;\">Ays\u00e9n tambi\u00e9n lider\u00f3 a nivel nacional iniciativas estrat\u00e9gicas de juventud, g\u00e9nero y sustentabilidad. La regi\u00f3n abri\u00f3 el primer ciclo de formaci\u00f3n para j\u00f3venes rurales dentro de una agenda nacional que ha fortalecido de manera concreta la agricultura familiar, con iniciativas como Mi Primer Negocio Rural, la Pol\u00edtica Nacional de Juventudes Rurales, encuentros macrozonales y programas de transici\u00f3n productiva y acciones focalizadas para el recambio generacional y la soberan\u00eda alimentaria en los territorios. Asimismo, INDAP Ays\u00e9n desarroll\u00f3 capacitaciones, fortaleci\u00f3 la Mesa de la Mujer Rural con actividades permanentes y contribuy\u00f3 a posicionar las fibras naturales de la Patagonia como patrimonio cultural a trav\u00e9s de ferias como ExpoLanas 2025.<\/p>\n<p style=\"text-align: justify;\">Otro eje destacado fue la gesti\u00f3n de emergencias clim\u00e1ticas. INDAP Ays\u00e9n implement\u00f3 un plan de respuesta temprana en nevadas, lluvias intensas y episodios asociados al manejo y monitoreo de la cuncunilla negra, coordinando capacitaciones con INIA, concursos especiales de forraje y un despliegue completo de equipos t\u00e9cnicos en terreno para apoyar a las familias cuando su sistema productivo se ve amenazado.<\/p>\n<p style=\"text-align: justify;\">Con estos avances, producto de un robusto presupuesto sectorial de aproximadamente 4.800 millones de pesos, y un presupuesto FNDR de m\u00e1s de 2.000 millones de pesos, INDAP Ays\u00e9n reafirma su rol hist\u00f3rico en la consolidaci\u00f3n de un campo vivo, productivo y con oportunidades, fortaleciendo a las familias que sostienen la alimentaci\u00f3n, la cultura y la identidad de la regi\u00f3n de Ays\u00e9n.<\/p>\n<\/div><\/section><\/div><div  style='height:50px' class='hr hr-invisible   avia-builder-el-6  el_after_av_one_full  el_before_av_social_share '><span class='hr-inner ' ><span class='hr-inner-style'><\/span><\/span><\/div><\/p>\n<div  class='av-social-sharing-box  avia-builder-el-7  el_after_av_hr  el_before_av_hr  '><div class='av-share-box'><h5 class='av-share-link-description av-no-toc '>Compartir esta noticia<\/h5><ul class='av-share-box-list noLightbox'><li class='av-share-link av-social-link-facebook' ><a target=\"_blank\" aria-label=\"Compartir en Facebook\" href='https:\/\/www.facebook.com\/sharer.php?u=https:\/\/radiorevelacionfm.cl\/?p=62359&#038;t=Indap%20Ays%C3%A9n%20destaca%20avances%20y%20logros%20del%202025%20en%20beneficio%20de%20las%20familias%20campesinas%20en%20el%20marco%20del%2063%C2%B0%20aniversario%20institucional' aria-hidden='false' data-av_icon='\ue8f3' data-av_iconfont='entypo-fontello' title='' data-avia-related-tooltip='Compartir en Facebook' rel=\"noopener\"><span class='avia_hidden_link_text'>Compartir en Facebook<\/span><\/a><\/li><li class='av-share-link av-social-link-twitter' ><a target=\"_blank\" aria-label=\"Compartir en Twitter\" href='https:\/\/twitter.com\/share?text=Indap%20Ays%C3%A9n%20destaca%20avances%20y%20logros%20del%202025%20en%20beneficio%20de%20las%20familias%20campesinas%20en%20el%20marco%20del%2063%C2%B0%20aniversario%20institucional&#038;url=https:\/\/radiorevelacionfm.cl\/?p=62359' aria-hidden='false' data-av_icon='\ue8f1' data-av_iconfont='entypo-fontello' title='' data-avia-related-tooltip='Compartir en Twitter' rel=\"noopener\"><span class='avia_hidden_link_text'>Compartir en Twitter<\/span><\/a><\/li><li class='av-share-link av-social-link-whatsapp' ><a target=\"_blank\" aria-label=\"Compartir en Whatsapp\" href='https:\/\/api.whatsapp.com\/send?text=https:\/\/radiorevelacionfm.cl\/?p=62359' aria-hidden='false' data-av_icon='\uf232' data-av_iconfont='entypo-fontello' title='' data-avia-related-tooltip='Compartir en Whatsapp' rel=\"noopener\"><span class='avia_hidden_link_text'>Compartir en Whatsapp<\/span><\/a><\/li><li class='av-share-link av-social-link-linkedin' ><a target=\"_blank\" aria-label=\"Compartir en LinkedIn\" href='https:\/\/linkedin.com\/shareArticle?mini=true&#038;title=Indap%20Ays%C3%A9n%20destaca%20avances%20y%20logros%20del%202025%20en%20beneficio%20de%20las%20familias%20campesinas%20en%20el%20marco%20del%2063%C2%B0%20aniversario%20institucional&#038;url=https:\/\/radiorevelacionfm.cl\/?p=62359' aria-hidden='false' data-av_icon='\ue8fc' data-av_iconfont='entypo-fontello' title='' data-avia-related-tooltip='Compartir en LinkedIn' rel=\"noopener\"><span class='avia_hidden_link_text'>Compartir en LinkedIn<\/span><\/a><\/li><li class='av-share-link av-social-link-mail' ><a  aria-label=\"Compartir por correo\" href='mailto:?subject=Indap%20Ays%C3%A9n%20destaca%20avances%20y%20logros%20del%202025%20en%20beneficio%20de%20las%20familias%20campesinas%20en%20el%20marco%20del%2063%C2%B0%20aniversario%20institucional&#038;body=https:\/\/radiorevelacionfm.cl\/?p=62359' aria-hidden='false' data-av_icon='\ue805' data-av_iconfont='entypo-fontello' title='' data-avia-related-tooltip='Compartir por correo'><span class='avia_hidden_link_text'>Compartir por correo<\/span><\/a><\/li><\/ul><\/div><\/div>\n<div  style='height:50px' class='hr hr-invisible   avia-builder-el-8  el_after_av_social_share  el_before_av_comments_list '><span class='hr-inner ' ><span class='hr-inner-style'><\/span><\/span><\/div>\n<div  class='av-buildercomment  av-blog-meta-html-info-disabled av-blog-meta-tag-disabled  '><\/div>\n","protected":false},"excerpt":{"rendered":"","protected":false},"author":1,"featured_media":62360,"comment_status":"closed","ping_status":"closed","sticky":false,"template":"","format":"standard","meta":{"footnotes":""},"categories":[58],"tags":[],"class_list":["post-62359","post","type-post","status-publish","format-standard","has-post-thumbnail","hentry","category-agricultura"],"jetpack_featured_media_url":"https:\/\/radiorevelacionfm.cl\/wp-content\/uploads\/2025\/12\/gestion-indap-2025-2-1_optimized.jpeg","_links":{"self":[{"href":"https:\/\/radiorevelacionfm.cl\/index.php?rest_route=\/wp\/v2\/posts\/62359","targetHints":{"allow":["GET"]}}],"collection":[{"href":"https:\/\/radiorevelacionfm.cl\/index.php?rest_route=\/wp\/v2\/posts"}],"about":[{"href":"https:\/\/radiorevelacionfm.cl\/index.php?rest_route=\/wp\/v2\/types\/post"}],"author":[{"embeddable":true,"href":"https:\/\/radiorevelacionfm.cl\/index.php?rest_route=\/wp\/v2\/users\/1"}],"replies":[{"embeddable":true,"href":"https:\/\/radiorevelacionfm.cl\/index.php?rest_route=%2Fwp%2Fv2%2Fcomments&post=62359"}],"version-history":[{"count":2,"href":"https:\/\/radiorevelacionfm.cl\/index.php?rest_route=\/wp\/v2\/posts\/62359\/revisions"}],"predecessor-version":[{"id":62368,"href":"https:\/\/radiorevelacionfm.cl\/index.php?rest_route=\/wp\/v2\/posts\/62359\/revisions\/62368"}],"wp:featuredmedia":[{"embeddable":true,"href":"https:\/\/radiorevelacionfm.cl\/index.php?rest_route=\/wp\/v2\/media\/62360"}],"wp:attachment":[{"href":"https:\/\/radiorevelacionfm.cl\/index.php?rest_route=%2Fwp%2Fv2%2Fmedia&parent=62359"}],"wp:term":[{"taxonomy":"category","embeddable":true,"href":"https:\/\/radiorevelacionfm.cl\/index.php?rest_route=%2Fwp%2Fv2%2Fcategories&post=62359"},{"taxonomy":"post_tag","embeddable":true,"href":"https:\/\/radiorevelacionfm.cl\/index.php?rest_route=%2Fwp%2Fv2%2Ftags&post=62359"}],"curies":[{"name":"wp","href":"https:\/\/api.w.org\/{rel}","templated":true}]}}