{"id":62355,"date":"2025-12-10T19:38:12","date_gmt":"2025-12-10T22:38:12","guid":{"rendered":"https:\/\/radiorevelacionfm.cl\/?p=62355"},"modified":"2025-12-10T20:12:36","modified_gmt":"2025-12-10T23:12:36","slug":"gran-noticia-para-aysen-aprueban-el-proyecto-de-ley-de-sistemas-medianos-en-la-comision-de-energia","status":"publish","type":"post","link":"https:\/\/radiorevelacionfm.cl\/?p=62355","title":{"rendered":"\u00a1Gran noticia para Ays\u00e9n!: Aprueban el proyecto de ley de Sistemas Medianos en la Comisi\u00f3n de Energ\u00eda"},"content":{"rendered":"<div class=\"flex_column av_one_full  flex_column_div av-zero-column-padding first  avia-builder-el-0  el_before_av_one_full  avia-builder-el-first  \" style='border-radius:0px; '><div  class='avia-image-container  av-styling-    avia-builder-el-1  avia-builder-el-no-sibling  avia-align-center '  itemprop=\"image\" itemscope=\"itemscope\" itemtype=\"https:\/\/schema.org\/ImageObject\"  ><div class='avia-image-container-inner'><div class='avia-image-overlay-wrap'><img decoding=\"async\" class='wp-image-62356 avia-img-lazy-loading-not-62356 avia_image' src=\"https:\/\/radiorevelacionfm.cl\/wp-content\/uploads\/2025\/12\/FOTO-24-1-1.jpeg\" alt='' title='FOTO (24) (1) (1)' height=\"600\" width=\"898\"  itemprop=\"thumbnailUrl\" srcset=\"https:\/\/radiorevelacionfm.cl\/wp-content\/uploads\/2025\/12\/FOTO-24-1-1.jpeg 898w, https:\/\/radiorevelacionfm.cl\/wp-content\/uploads\/2025\/12\/FOTO-24-1-1-300x200.jpeg 300w, https:\/\/radiorevelacionfm.cl\/wp-content\/uploads\/2025\/12\/FOTO-24-1-1-768x513.jpeg 768w, https:\/\/radiorevelacionfm.cl\/wp-content\/uploads\/2025\/12\/FOTO-24-1-1-705x471.jpeg 705w, https:\/\/radiorevelacionfm.cl\/wp-content\/uploads\/2025\/12\/FOTO-24-1-1-450x301.jpeg 450w, https:\/\/radiorevelacionfm.cl\/wp-content\/uploads\/2025\/12\/FOTO-24-1-1-600x401.jpeg 600w\" sizes=\"(max-width: 898px) 100vw, 898px\" \/><\/div><\/div><\/div><\/div><div class=\"flex_column av_one_full  flex_column_div av-zero-column-padding first  avia-builder-el-2  el_after_av_one_full  el_before_av_one_full  column-top-margin\" style='border-radius:0px; '><section class=\"av_textblock_section \"  itemscope=\"itemscope\" itemtype=\"https:\/\/schema.org\/BlogPosting\" itemprop=\"blogPost\" ><div class='avia_textblock  '   itemprop=\"text\" ><p style=\"text-align: center;\"><strong><span style=\"font-size: 18pt;\">\u00a1Gran noticia para Ays\u00e9n!: Aprueban el proyecto de ley de Sistemas Medianos en la Comisi\u00f3n de Energ\u00eda<\/span><\/strong><\/p>\n<div id=\"gtx-trans\" style=\"position: absolute; left: -50px; top: 4.31534px;\">\n<div class=\"gtx-trans-icon\"><\/div>\n<\/div>\n<\/div><\/section><\/div><div class=\"flex_column av_one_full  flex_column_div av-zero-column-padding first  avia-builder-el-4  el_after_av_one_full  el_before_av_hr  column-top-margin\" style='border-radius:0px; '><section class=\"av_textblock_section \"  itemscope=\"itemscope\" itemtype=\"https:\/\/schema.org\/BlogPosting\" itemprop=\"blogPost\" ><div class='avia_textblock  '   itemprop=\"text\" ><p style=\"text-align: justify;\">Durante la primera semana de diciembre, los representantes ayseninos en el Senado, Ximena Ordenes Neira y David Sandoval Plaza, compartieron en sus redes sociales la noticia de que la Comisi\u00f3n de Miner\u00eda y Energ\u00eda dio discusi\u00f3n inmediata al proyecto de ley de Sistemas Medianos, una importante legislaci\u00f3n para el desarrollo de Ays\u00e9n que parec\u00eda no avanzar. De este modo, una semana despu\u00e9s, en la sesi\u00f3n del mi\u00e9rcoles 10 de diciembre, se logr\u00f3 aprobar la iniciativa de forma un\u00e1nime.<\/p>\n<p style=\"text-align: justify;\">La senadora sostuvo que \u201cesta es una gran noticia para la regi\u00f3n de Ays\u00e9n, no solo porque define y categoriza los Sistemas en la Ley General de Electricidad, sino que tambi\u00e9n porque avanza en la l\u00f3gica que hemos apostado durante mucho tiempo, que es la equidad tarifaria para las regiones extremas, especialmente para Ays\u00e9n. Creemos que este es un avance muy importante\u201d.<\/p>\n<p style=\"text-align: justify;\">\u201cHace muchos a\u00f1os, en conjunto con el senador Sandoval, presentamos una indicaci\u00f3n a la Ley Corta de Electricidad para que se empiece a trabajar este tema. Finalmente se tradujo en un proyecto que hoy tiene muy buenos resultados. Logramos discusi\u00f3n inmediata, se aprueba en la Comisi\u00f3n, va a sala y ya est\u00e1 ad-portas de ser ley de la Rep\u00fablica\u201d, destac\u00f3 la parlamentaria recientemente reelecta por la regi\u00f3n de Ays\u00e9n.<\/p>\n<p style=\"text-align: justify;\">Por su parte, el senador David Sandoval fue en\u00e9rgico al destacar el trabajo de la Subsecretar\u00eda del Ministerio de Energ\u00eda, se\u00f1alando que \u201csin dudas nos alegra lograr este paso tan relevante, de dotar a la regi\u00f3n de Ays\u00e9n con un instrumento legal que nos permita ser parte de los d\u00e9ficits que tenemos en materia de energ\u00eda. Hoy, la energ\u00eda es un gran cuello de botella en el emprendimiento de muchos sectores productivos peque\u00f1os y medianos en nuestra regi\u00f3n, los que se han visto frenados y limitados por no tener un sistema eficiente\u201d.<\/p>\n<p style=\"text-align: justify;\">\u201cCreo que esto abre un espacio muy interesante para que nuevos generadores se incorporen en este proceso y significa dar un paso adelante en lo que la regi\u00f3n tanto reclama: la energ\u00eda m\u00e1s cara de Chile, la energ\u00eda m\u00e1s cara en todos los procesos\u201d, sostuvo el legislador, recalcando que \u201cesto es un paso adelante y nos alegramos por la respuesta que hemos tenido desde el Ejecutivo\u201d.<\/p>\n<p style=\"text-align: justify;\">Finalmente, pese a reconocer el avance en la materia, el senador record\u00f3 que a\u00fan quedar\u00eda pendiente avanzar con los Sistemas Aislados, mientras que destac\u00f3 el trabajo realizado con la senadora Ordenes: \u201cJuntamos voluntades para temas que son propios de la regi\u00f3n, que terminan beneficiando a toda la gente de Ays\u00e9n\u201d.<\/p>\n<p style=\"text-align: justify;\">Entre otras materias, el proyecto propone una mayor flexibilidad al incorporar un nuevo t\u00edtulo a la Ley General de Servicio El\u00e9ctricos (LGSE) considerando variables como el aislamiento geogr\u00e1fico, las condiciones clim\u00e1ticas o poblaci\u00f3n atendida y establece un proceso de categorizaci\u00f3n quinquenal de los sistemas el\u00e9ctricos distintos al SEN, a cargo de la Comisi\u00f3n Nacional de Energ\u00eda (CNE).<\/p>\n<p style=\"text-align: justify;\">El subsecretario de Energ\u00eda, Luis Felipe Ramos, tambi\u00e9n indic\u00f3 que \u201cesto es una gran noticia para los sistemas que se encuentran en la regi\u00f3n de Los Lagos, Ays\u00e9n y Magallanes, especialmente porque de esta forma vamos a llevar las medidas tarifarias que actualmente se aplican en el Sistema El\u00e9ctrico Nacional a los Sistemas Medianos y establecer una serie de mejoras que permitir\u00e1n ir incorporando energ\u00edas renovables para el desarrollo de una matriz m\u00e1s limpia\u201d.<\/p>\n<p style=\"text-align: justify;\">Tal como lo indic\u00f3 el subsecretario, otro foco importante son los incentivos a una generaci\u00f3n renovable, mediante la especificaci\u00f3n del principio de acceso abierto, para que las empresas transmisoras y distribuidoras permitan nuevos proyectos que se conectan por l\u00edneas propias o de terceros, as\u00ed se fomentan aquellas obras de planes de expansi\u00f3n que incorporan generaci\u00f3n renovable.<\/p>\n<\/div><\/section><\/div><div  style='height:50px' class='hr hr-invisible   avia-builder-el-6  el_after_av_one_full  el_before_av_social_share '><span class='hr-inner ' ><span class='hr-inner-style'><\/span><\/span><\/div><\/p>\n<div  class='av-social-sharing-box  avia-builder-el-7  el_after_av_hr  el_before_av_hr  '><div class='av-share-box'><h5 class='av-share-link-description av-no-toc '>Compartir esta noticia<\/h5><ul class='av-share-box-list noLightbox'><li class='av-share-link av-social-link-facebook' ><a target=\"_blank\" aria-label=\"Compartir en Facebook\" href='https:\/\/www.facebook.com\/sharer.php?u=https:\/\/radiorevelacionfm.cl\/?p=62355&#038;t=%C2%A1Gran%20noticia%20para%20Ays%C3%A9n%21%3A%20Aprueban%20el%20proyecto%20de%20ley%20de%20Sistemas%20Medianos%20en%20la%20Comisi%C3%B3n%20de%20Energ%C3%ADa' aria-hidden='false' data-av_icon='\ue8f3' data-av_iconfont='entypo-fontello' title='' data-avia-related-tooltip='Compartir en Facebook' rel=\"noopener\"><span class='avia_hidden_link_text'>Compartir en Facebook<\/span><\/a><\/li><li class='av-share-link av-social-link-twitter' ><a target=\"_blank\" aria-label=\"Compartir en Twitter\" href='https:\/\/twitter.com\/share?text=%C2%A1Gran%20noticia%20para%20Ays%C3%A9n%21%3A%20Aprueban%20el%20proyecto%20de%20ley%20de%20Sistemas%20Medianos%20en%20la%20Comisi%C3%B3n%20de%20Energ%C3%ADa&#038;url=https:\/\/radiorevelacionfm.cl\/?p=62355' aria-hidden='false' data-av_icon='\ue8f1' data-av_iconfont='entypo-fontello' title='' data-avia-related-tooltip='Compartir en Twitter' rel=\"noopener\"><span class='avia_hidden_link_text'>Compartir en Twitter<\/span><\/a><\/li><li class='av-share-link av-social-link-whatsapp' ><a target=\"_blank\" aria-label=\"Compartir en Whatsapp\" href='https:\/\/api.whatsapp.com\/send?text=https:\/\/radiorevelacionfm.cl\/?p=62355' aria-hidden='false' data-av_icon='\uf232' data-av_iconfont='entypo-fontello' title='' data-avia-related-tooltip='Compartir en Whatsapp' rel=\"noopener\"><span class='avia_hidden_link_text'>Compartir en Whatsapp<\/span><\/a><\/li><li class='av-share-link av-social-link-linkedin' ><a target=\"_blank\" aria-label=\"Compartir en LinkedIn\" href='https:\/\/linkedin.com\/shareArticle?mini=true&#038;title=%C2%A1Gran%20noticia%20para%20Ays%C3%A9n%21%3A%20Aprueban%20el%20proyecto%20de%20ley%20de%20Sistemas%20Medianos%20en%20la%20Comisi%C3%B3n%20de%20Energ%C3%ADa&#038;url=https:\/\/radiorevelacionfm.cl\/?p=62355' aria-hidden='false' data-av_icon='\ue8fc' data-av_iconfont='entypo-fontello' title='' data-avia-related-tooltip='Compartir en LinkedIn' rel=\"noopener\"><span class='avia_hidden_link_text'>Compartir en LinkedIn<\/span><\/a><\/li><li class='av-share-link av-social-link-mail' ><a  aria-label=\"Compartir por correo\" href='mailto:?subject=%C2%A1Gran%20noticia%20para%20Ays%C3%A9n%21%3A%20Aprueban%20el%20proyecto%20de%20ley%20de%20Sistemas%20Medianos%20en%20la%20Comisi%C3%B3n%20de%20Energ%C3%ADa&#038;body=https:\/\/radiorevelacionfm.cl\/?p=62355' aria-hidden='false' data-av_icon='\ue805' data-av_iconfont='entypo-fontello' title='' data-avia-related-tooltip='Compartir por correo'><span class='avia_hidden_link_text'>Compartir por correo<\/span><\/a><\/li><\/ul><\/div><\/div>\n<div  style='height:50px' class='hr hr-invisible   avia-builder-el-8  el_after_av_social_share  el_before_av_comments_list '><span class='hr-inner ' ><span class='hr-inner-style'><\/span><\/span><\/div>\n<div  class='av-buildercomment  av-blog-meta-html-info-disabled av-blog-meta-tag-disabled  '><\/div>\n","protected":false},"excerpt":{"rendered":"","protected":false},"author":1,"featured_media":62356,"comment_status":"closed","ping_status":"closed","sticky":false,"template":"","format":"standard","meta":{"footnotes":""},"categories":[38],"tags":[],"class_list":["post-62355","post","type-post","status-publish","format-standard","has-post-thumbnail","hentry","category-regional"],"jetpack_featured_media_url":"https:\/\/radiorevelacionfm.cl\/wp-content\/uploads\/2025\/12\/FOTO-24-1-1.jpeg","_links":{"self":[{"href":"https:\/\/radiorevelacionfm.cl\/index.php?rest_route=\/wp\/v2\/posts\/62355","targetHints":{"allow":["GET"]}}],"collection":[{"href":"https:\/\/radiorevelacionfm.cl\/index.php?rest_route=\/wp\/v2\/posts"}],"about":[{"href":"https:\/\/radiorevelacionfm.cl\/index.php?rest_route=\/wp\/v2\/types\/post"}],"author":[{"embeddable":true,"href":"https:\/\/radiorevelacionfm.cl\/index.php?rest_route=\/wp\/v2\/users\/1"}],"replies":[{"embeddable":true,"href":"https:\/\/radiorevelacionfm.cl\/index.php?rest_route=%2Fwp%2Fv2%2Fcomments&post=62355"}],"version-history":[{"count":2,"href":"https:\/\/radiorevelacionfm.cl\/index.php?rest_route=\/wp\/v2\/posts\/62355\/revisions"}],"predecessor-version":[{"id":62362,"href":"https:\/\/radiorevelacionfm.cl\/index.php?rest_route=\/wp\/v2\/posts\/62355\/revisions\/62362"}],"wp:featuredmedia":[{"embeddable":true,"href":"https:\/\/radiorevelacionfm.cl\/index.php?rest_route=\/wp\/v2\/media\/62356"}],"wp:attachment":[{"href":"https:\/\/radiorevelacionfm.cl\/index.php?rest_route=%2Fwp%2Fv2%2Fmedia&parent=62355"}],"wp:term":[{"taxonomy":"category","embeddable":true,"href":"https:\/\/radiorevelacionfm.cl\/index.php?rest_route=%2Fwp%2Fv2%2Fcategories&post=62355"},{"taxonomy":"post_tag","embeddable":true,"href":"https:\/\/radiorevelacionfm.cl\/index.php?rest_route=%2Fwp%2Fv2%2Ftags&post=62355"}],"curies":[{"name":"wp","href":"https:\/\/api.w.org\/{rel}","templated":true}]}}