{"id":62351,"date":"2025-12-11T11:59:17","date_gmt":"2025-12-11T14:59:17","guid":{"rendered":"https:\/\/radiorevelacionfm.cl\/?p=62351"},"modified":"2025-12-11T11:59:17","modified_gmt":"2025-12-11T14:59:17","slug":"circo-de-tradicion-familiar-en-chile-es-reconocido-como-patrimonio-inmaterial-de-la-humanidad-por-la-unesco","status":"publish","type":"post","link":"https:\/\/radiorevelacionfm.cl\/?p=62351","title":{"rendered":"Circo de Tradici\u00f3n Familiar en Chile es reconocido como Patrimonio Inmaterial de la Humanidad por la UNESCO"},"content":{"rendered":"<div class=\"flex_column av_one_full  flex_column_div av-zero-column-padding first  avia-builder-el-0  el_before_av_one_full  avia-builder-el-first  \" style='border-radius:0px; '><div  class='avia-image-container  av-styling-    avia-builder-el-1  avia-builder-el-no-sibling  avia-align-center '  itemprop=\"image\" itemscope=\"itemscope\" itemtype=\"https:\/\/schema.org\/ImageObject\"  ><div class='avia-image-container-inner'><div class='avia-image-overlay-wrap'><img decoding=\"async\" class='wp-image-62352 avia-img-lazy-loading-not-62352 avia_image' src=\"https:\/\/radiorevelacionfm.cl\/wp-content\/uploads\/2025\/12\/FOTO_002-1-1.jpg\" alt='' title='FOTO_002 (1) (1)' height=\"600\" width=\"900\"  itemprop=\"thumbnailUrl\" srcset=\"https:\/\/radiorevelacionfm.cl\/wp-content\/uploads\/2025\/12\/FOTO_002-1-1.jpg 900w, https:\/\/radiorevelacionfm.cl\/wp-content\/uploads\/2025\/12\/FOTO_002-1-1-300x200.jpg 300w, https:\/\/radiorevelacionfm.cl\/wp-content\/uploads\/2025\/12\/FOTO_002-1-1-768x512.jpg 768w, https:\/\/radiorevelacionfm.cl\/wp-content\/uploads\/2025\/12\/FOTO_002-1-1-705x470.jpg 705w, https:\/\/radiorevelacionfm.cl\/wp-content\/uploads\/2025\/12\/FOTO_002-1-1-450x300.jpg 450w, https:\/\/radiorevelacionfm.cl\/wp-content\/uploads\/2025\/12\/FOTO_002-1-1-600x400.jpg 600w\" sizes=\"(max-width: 900px) 100vw, 900px\" \/><\/div><\/div><\/div><\/div><div class=\"flex_column av_one_full  flex_column_div av-zero-column-padding first  avia-builder-el-2  el_after_av_one_full  el_before_av_one_full  column-top-margin\" style='border-radius:0px; '><section class=\"av_textblock_section \"  itemscope=\"itemscope\" itemtype=\"https:\/\/schema.org\/BlogPosting\" itemprop=\"blogPost\" ><div class='avia_textblock  '   itemprop=\"text\" ><p style=\"text-align: center;\"><strong><span style=\"font-size: 18pt;\">Circo de Tradici\u00f3n Familiar en Chile es reconocido como Patrimonio Inmaterial de la Humanidad por la UNESCO<\/span><\/strong><\/p>\n<div id=\"gtx-trans\" style=\"position: absolute; left: -50px; top: 4.31534px;\">\n<div class=\"gtx-trans-icon\"><\/div>\n<\/div>\n<\/div><\/section><\/div><div class=\"flex_column av_one_full  flex_column_div av-zero-column-padding first  avia-builder-el-4  el_after_av_one_full  el_before_av_hr  column-top-margin\" style='border-radius:0px; '><section class=\"av_textblock_section \"  itemscope=\"itemscope\" itemtype=\"https:\/\/schema.org\/BlogPosting\" itemprop=\"blogPost\" ><div class='avia_textblock  '   itemprop=\"text\" ><ul>\n<li style=\"text-align: justify;\"><em>\u201cComo Estado de Chile sentimos un profundo orgullo de haber trabajado junto a las familias circenses, sus organizaciones, la academia y la sociedad civil, para avanzar en esta postulaci\u00f3n que hoy estamos coronando con este reconocimiento internacional que consagra el valor hist\u00f3rico, social y art\u00edstico del circo chileno como un patrimonio del mundo\u201d, dijo la ministra de las Culturas, las Artes y el Patrimonio, tras conocer la noticia. <\/em><\/li>\n<\/ul>\n<p style=\"text-align: justify;\">El Comit\u00e9 Intergubernamental para la Salvaguardia del Patrimonio Cultural Inmaterial de la UNESCO aprob\u00f3 hoy la inscripci\u00f3n del Circo de Tradici\u00f3n Familiar en Chile en la Lista Representativa del Patrimonio Cultural Inmaterial de la Humanidad, un hito hist\u00f3rico para las artes, la memoria afectiva del pa\u00eds y las comunidades que han resguardado este oficio por generaciones.<\/p>\n<p style=\"text-align: justify;\">La decisi\u00f3n fue adoptada durante la 20\u00aa sesi\u00f3n realizada en Nueva Delhi, India, instancia en la que la delegaci\u00f3n chilena present\u00f3 los elementos centrales del expediente elaborado para dar respaldo a esta postulaci\u00f3n. El proceso, impulsado por las comunidades circenses desde 2017, cont\u00f3 con amplia participaci\u00f3n, instancias de validaci\u00f3n y 657 cartas de apoyo.<\/p>\n<p style=\"text-align: justify;\">\u201cEsta es una gran noticia para Chile. El Circo de Tradici\u00f3n Familiar es parte de la cultura, patrimonio e identidad de nuestro pa\u00eds, ha cautivado a distintas generaciones y tambi\u00e9n ha cumplido un rol fundamental en la democratizaci\u00f3n y descentralizaci\u00f3n de la participaci\u00f3n cultural, lo que los ha llevado a transformarse en una de las manifestaciones art\u00edsticas m\u00e1s populares y queridas del pa\u00eds\u201d, dijo la ministra de las Culturas, las Artes y el Patrimonio, Carolina Arredondo, tras confirmarse el anuncio. \u201cPor eso, como Estado de Chile sentimos un profundo orgullo de haber trabajado junto a las familias circenses, sus organizaciones, la academia y la sociedad civil, para avanzar en esta postulaci\u00f3n que hoy estamos coronando con este reconocimiento internacional que consagra el valor hist\u00f3rico, social y art\u00edstico del circo chileno como un patrimonio del mundo\u201d, agreg\u00f3 la secretaria de Estado.<\/p>\n<p style=\"text-align: justify;\">\u201cEste reconocimiento a nivel global destaca un patrimonio popular de nuestro pa\u00eds que tiene m\u00e1s de 200 a\u00f1os. Desde hoy esta pr\u00e1ctica es una tradici\u00f3n que pertenece no solo a las chilenas y chilenos, sino al mundo entero. Fueron reconocidas las caracter\u00edsticas universales excepcionales que posee el circo de tradici\u00f3n familiar en Chile, lo que refuerza el rol del Estado de contribuir y promover los procesos necesarios para su salvaguardia y continuar con su transmisi\u00f3n para que la ciudadan\u00eda y las futuras generaciones conozcan su importancia hist\u00f3rica\u201d, agreg\u00f3 la subsecretaria Carolina P\u00e9rez Dattari desde Nueva Delhi, quien junto a la directora del Servicio Nacional del Patrimonio Cultural, N\u00e9lida Pozo Kudo; y la subdirectora nacional de Patrimonio Cultural Inmaterial, Paula Jaraquemada Rass\u00e9, encabezaron la delegaci\u00f3n chilena compuesta tambi\u00e9n por cultores y cultoras del circo tradicional.<\/p>\n<p style=\"text-align: justify;\">Tradici\u00f3n, movilidad y arraigo territorial son rasgos centrales del circo familiar chileno. Su car\u00e1cter trashumante ha permitido que durante m\u00e1s de un siglo llegue a lugares donde el acceso a actividades art\u00edsticas no es permanente, extendiendo su carpa desde peque\u00f1as localidades hasta territorios insulares y zonas extremas del pa\u00eds. Su presencia ha cruzado fronteras y forjado lazos con comunidades circenses de distintas regiones del mundo, consolidando un patrimonio que dialoga m\u00e1s all\u00e1 de sus l\u00edmites geogr\u00e1ficos.<\/p>\n<p style=\"text-align: justify;\">La directora nacional del Servicio Nacional del Patrimonio Cultural, N\u00e9lida Pozo, destac\u00f3 que \u201ceste hito abre una puerta para todos los circos de Latinoam\u00e9rica y el Caribe. Es un paso hist\u00f3rico que va a permitir que el Circo de Tradici\u00f3n Familiar en todo el mundo tenga el reconocimiento social y siga m\u00e1s vital que nunca para que los estados podamos seguir apoyando a sus comunidades\u201d.<\/p>\n<p style=\"text-align: justify;\">Desde la India, donde participa como parte de la comitiva oficial de nuestro pa\u00eds, el reconocido Joaqu\u00edn Gast\u00f3n Maluenda, \u201cTachuela Grande\u201d, dedica este trascendente reconocimiento a \u201cquienes est\u00e1n en el cielo\u201d. Dice que este \u201ces un homenaje a todos los que se fueron a lo largo de d\u00e9cadas y d\u00e9cadas de trabajo y pasi\u00f3n, a todos los heroicos y heroicas circenses que lograron que nuestro circo tenga 200 a\u00f1os de vida\u201d.<\/p>\n<p style=\"text-align: justify;\"><strong>La decisi\u00f3n de UNESCO<\/strong><\/p>\n<p style=\"text-align: justify;\">El Comit\u00e9 Intergubermanental de la Unesco aprob\u00f3 la inscripci\u00f3n de esta pr\u00e1ctica, reconociendo su valor cultural, social y comunitario y destacando que constituye un modo de vida transmitido de generaci\u00f3n en generaci\u00f3n, por clanes familiares que itineran durante todo el a\u00f1o, preservan y difunden conocimientos, habilidades art\u00edsticas y pr\u00e1cticas propias del oficio circense, fortaleciendo la identidad y el sentido de pertenencia.<\/p>\n<p style=\"text-align: justify;\">El organismo valor\u00f3, especialmente, la transmisi\u00f3n continua de saberes desde la infancia, basada en la oralidad, el juego y la pr\u00e1ctica cotidiana, as\u00ed como el car\u00e1cter inclusivo, solidario y diverso del circo tradicional. Tambi\u00e9n subray\u00f3 su contribuci\u00f3n a la visibilizaci\u00f3n del patrimonio cultural inmaterial y al desarrollo sostenible, as\u00ed como su aporte a las econom\u00edas familiares y a la integraci\u00f3n de personas de distintas identidades y capacidades.<\/p>\n<p style=\"text-align: justify;\">Asimismo, se reconoci\u00f3 la larga trayectoria de organizaci\u00f3n del sector circense de Chile en la protecci\u00f3n de su patrimonio, desde la creaci\u00f3n del sindicato de artistas circenses en 1935 hasta las actuales medidas de salvaguardia que incluyen formaci\u00f3n, archivo, difusi\u00f3n y sensibilizaci\u00f3n.<\/p>\n<p style=\"text-align: justify;\">\u201cPor a\u00f1os los circenses hemos so\u00f1ado con que el circo ocupe el lugar que merece, y que se reconozca su aporte a la cultura y a la identidad del pa\u00eds. Este paso honra a nuestras nuevas generaciones, pero tambi\u00e9n a quienes nos antecedieron y entregaron su vida al circo, ense\u00f1\u00e1ndonos el amor por la pista, los trapos, los palos y cada una de nuestras tradiciones. Somos m\u00e1s que un espect\u00e1culo centenario: somos una comunidad unida por una forma de vida\u201d, coment\u00f3 la gestora y artista circense, Cristina C\u00f3rdoba \u201cChubytolina\u201d, quien sigui\u00f3 la votaci\u00f3n junto a la comunidad durante la madrugada en Chile.<\/p>\n<\/div><\/section><\/div><div  style='height:50px' class='hr hr-invisible   avia-builder-el-6  el_after_av_one_full  el_before_av_social_share '><span class='hr-inner ' ><span class='hr-inner-style'><\/span><\/span><\/div><\/p>\n<div  class='av-social-sharing-box  avia-builder-el-7  el_after_av_hr  el_before_av_hr  '><div class='av-share-box'><h5 class='av-share-link-description av-no-toc '>Compartir esta noticia<\/h5><ul class='av-share-box-list noLightbox'><li class='av-share-link av-social-link-facebook' ><a target=\"_blank\" aria-label=\"Compartir en Facebook\" href='https:\/\/www.facebook.com\/sharer.php?u=https:\/\/radiorevelacionfm.cl\/?p=62351&#038;t=Circo%20de%20Tradici%C3%B3n%20Familiar%20en%20Chile%20es%20reconocido%20como%20Patrimonio%20Inmaterial%20de%20la%20Humanidad%20por%20la%20UNESCO' aria-hidden='false' data-av_icon='\ue8f3' data-av_iconfont='entypo-fontello' title='' data-avia-related-tooltip='Compartir en Facebook' rel=\"noopener\"><span class='avia_hidden_link_text'>Compartir en Facebook<\/span><\/a><\/li><li class='av-share-link av-social-link-twitter' ><a target=\"_blank\" aria-label=\"Compartir en Twitter\" href='https:\/\/twitter.com\/share?text=Circo%20de%20Tradici%C3%B3n%20Familiar%20en%20Chile%20es%20reconocido%20como%20Patrimonio%20Inmaterial%20de%20la%20Humanidad%20por%20la%20UNESCO&#038;url=https:\/\/radiorevelacionfm.cl\/?p=62351' aria-hidden='false' data-av_icon='\ue8f1' data-av_iconfont='entypo-fontello' title='' data-avia-related-tooltip='Compartir en Twitter' rel=\"noopener\"><span class='avia_hidden_link_text'>Compartir en Twitter<\/span><\/a><\/li><li class='av-share-link av-social-link-whatsapp' ><a target=\"_blank\" aria-label=\"Compartir en Whatsapp\" href='https:\/\/api.whatsapp.com\/send?text=https:\/\/radiorevelacionfm.cl\/?p=62351' aria-hidden='false' data-av_icon='\uf232' data-av_iconfont='entypo-fontello' title='' data-avia-related-tooltip='Compartir en Whatsapp' rel=\"noopener\"><span class='avia_hidden_link_text'>Compartir en Whatsapp<\/span><\/a><\/li><li class='av-share-link av-social-link-linkedin' ><a target=\"_blank\" aria-label=\"Compartir en LinkedIn\" href='https:\/\/linkedin.com\/shareArticle?mini=true&#038;title=Circo%20de%20Tradici%C3%B3n%20Familiar%20en%20Chile%20es%20reconocido%20como%20Patrimonio%20Inmaterial%20de%20la%20Humanidad%20por%20la%20UNESCO&#038;url=https:\/\/radiorevelacionfm.cl\/?p=62351' aria-hidden='false' data-av_icon='\ue8fc' data-av_iconfont='entypo-fontello' title='' data-avia-related-tooltip='Compartir en LinkedIn' rel=\"noopener\"><span class='avia_hidden_link_text'>Compartir en LinkedIn<\/span><\/a><\/li><li class='av-share-link av-social-link-mail' ><a  aria-label=\"Compartir por correo\" href='mailto:?subject=Circo%20de%20Tradici%C3%B3n%20Familiar%20en%20Chile%20es%20reconocido%20como%20Patrimonio%20Inmaterial%20de%20la%20Humanidad%20por%20la%20UNESCO&#038;body=https:\/\/radiorevelacionfm.cl\/?p=62351' aria-hidden='false' data-av_icon='\ue805' data-av_iconfont='entypo-fontello' title='' data-avia-related-tooltip='Compartir por correo'><span class='avia_hidden_link_text'>Compartir por correo<\/span><\/a><\/li><\/ul><\/div><\/div>\n<div  style='height:50px' class='hr hr-invisible   avia-builder-el-8  el_after_av_social_share  el_before_av_comments_list '><span class='hr-inner ' ><span class='hr-inner-style'><\/span><\/span><\/div>\n<div  class='av-buildercomment  av-blog-meta-html-info-disabled av-blog-meta-tag-disabled  '><\/div>\n","protected":false},"excerpt":{"rendered":"","protected":false},"author":1,"featured_media":62352,"comment_status":"closed","ping_status":"closed","sticky":false,"template":"","format":"standard","meta":{"footnotes":""},"categories":[52],"tags":[],"class_list":["post-62351","post","type-post","status-publish","format-standard","has-post-thumbnail","hentry","category-cultura"],"jetpack_featured_media_url":"https:\/\/radiorevelacionfm.cl\/wp-content\/uploads\/2025\/12\/FOTO_002-1-1.jpg","_links":{"self":[{"href":"https:\/\/radiorevelacionfm.cl\/index.php?rest_route=\/wp\/v2\/posts\/62351","targetHints":{"allow":["GET"]}}],"collection":[{"href":"https:\/\/radiorevelacionfm.cl\/index.php?rest_route=\/wp\/v2\/posts"}],"about":[{"href":"https:\/\/radiorevelacionfm.cl\/index.php?rest_route=\/wp\/v2\/types\/post"}],"author":[{"embeddable":true,"href":"https:\/\/radiorevelacionfm.cl\/index.php?rest_route=\/wp\/v2\/users\/1"}],"replies":[{"embeddable":true,"href":"https:\/\/radiorevelacionfm.cl\/index.php?rest_route=%2Fwp%2Fv2%2Fcomments&post=62351"}],"version-history":[{"count":2,"href":"https:\/\/radiorevelacionfm.cl\/index.php?rest_route=\/wp\/v2\/posts\/62351\/revisions"}],"predecessor-version":[{"id":62377,"href":"https:\/\/radiorevelacionfm.cl\/index.php?rest_route=\/wp\/v2\/posts\/62351\/revisions\/62377"}],"wp:featuredmedia":[{"embeddable":true,"href":"https:\/\/radiorevelacionfm.cl\/index.php?rest_route=\/wp\/v2\/media\/62352"}],"wp:attachment":[{"href":"https:\/\/radiorevelacionfm.cl\/index.php?rest_route=%2Fwp%2Fv2%2Fmedia&parent=62351"}],"wp:term":[{"taxonomy":"category","embeddable":true,"href":"https:\/\/radiorevelacionfm.cl\/index.php?rest_route=%2Fwp%2Fv2%2Fcategories&post=62351"},{"taxonomy":"post_tag","embeddable":true,"href":"https:\/\/radiorevelacionfm.cl\/index.php?rest_route=%2Fwp%2Fv2%2Ftags&post=62351"}],"curies":[{"name":"wp","href":"https:\/\/api.w.org\/{rel}","templated":true}]}}