{"id":62348,"date":"2025-12-10T18:04:37","date_gmt":"2025-12-10T21:04:37","guid":{"rendered":"https:\/\/radiorevelacionfm.cl\/?p=62348"},"modified":"2025-12-10T18:04:37","modified_gmt":"2025-12-10T21:04:37","slug":"junaeb-desarrolla-iniciativa-piloto-de-consumo-de-merluza-en-el-programa-de-alimentacion-escolar-pae","status":"publish","type":"post","link":"https:\/\/radiorevelacionfm.cl\/?p=62348","title":{"rendered":"JUNAEB desarrolla iniciativa piloto de Consumo de Merluza en el Programa de Alimentaci\u00f3n Escolar (PAE)"},"content":{"rendered":"<div class=\"flex_column av_one_full  flex_column_div av-zero-column-padding first  avia-builder-el-0  el_before_av_one_full  avia-builder-el-first  \" style='border-radius:0px; '><div  class='avia-image-container  av-styling-    avia-builder-el-1  avia-builder-el-no-sibling  avia-align-center '  itemprop=\"image\" itemscope=\"itemscope\" itemtype=\"https:\/\/schema.org\/ImageObject\"  ><div class='avia-image-container-inner'><div class='avia-image-overlay-wrap'><img decoding=\"async\" class='wp-image-62349 avia-img-lazy-loading-not-62349 avia_image' src=\"https:\/\/radiorevelacionfm.cl\/wp-content\/uploads\/2025\/12\/00fd8d3a-afd0-4640-8486-08f79e79b431-1_optimized.jpeg\" alt='' title='00fd8d3a-afd0-4640-8486-08f79e79b431-(1)_optimized' height=\"685\" width=\"802\"  itemprop=\"thumbnailUrl\" srcset=\"https:\/\/radiorevelacionfm.cl\/wp-content\/uploads\/2025\/12\/00fd8d3a-afd0-4640-8486-08f79e79b431-1_optimized.jpeg 802w, https:\/\/radiorevelacionfm.cl\/wp-content\/uploads\/2025\/12\/00fd8d3a-afd0-4640-8486-08f79e79b431-1_optimized-300x256.jpeg 300w, https:\/\/radiorevelacionfm.cl\/wp-content\/uploads\/2025\/12\/00fd8d3a-afd0-4640-8486-08f79e79b431-1_optimized-768x656.jpeg 768w, https:\/\/radiorevelacionfm.cl\/wp-content\/uploads\/2025\/12\/00fd8d3a-afd0-4640-8486-08f79e79b431-1_optimized-705x602.jpeg 705w, https:\/\/radiorevelacionfm.cl\/wp-content\/uploads\/2025\/12\/00fd8d3a-afd0-4640-8486-08f79e79b431-1_optimized-450x384.jpeg 450w, https:\/\/radiorevelacionfm.cl\/wp-content\/uploads\/2025\/12\/00fd8d3a-afd0-4640-8486-08f79e79b431-1_optimized-600x512.jpeg 600w\" sizes=\"(max-width: 802px) 100vw, 802px\" \/><\/div><\/div><\/div><\/div><div class=\"flex_column av_one_full  flex_column_div av-zero-column-padding first  avia-builder-el-2  el_after_av_one_full  el_before_av_one_full  column-top-margin\" style='border-radius:0px; '><section class=\"av_textblock_section \"  itemscope=\"itemscope\" itemtype=\"https:\/\/schema.org\/BlogPosting\" itemprop=\"blogPost\" ><div class='avia_textblock  '   itemprop=\"text\" ><p style=\"text-align: center;\"><span style=\"font-size: 18pt;\"><b><span lang=\"ES\">JUNAEB desarrolla iniciativa piloto de Consumo de Merluza en el Programa de Alimentaci\u00f3n Escolar (PAE)<\/span><\/b><\/span><\/p>\n<div id=\"gtx-trans\" style=\"position: absolute; left: -50px; top: 4.31534px;\">\n<div class=\"gtx-trans-icon\"><\/div>\n<\/div>\n<\/div><\/section><\/div><div class=\"flex_column av_one_full  flex_column_div av-zero-column-padding first  avia-builder-el-4  el_after_av_one_full  el_before_av_hr  column-top-margin\" style='border-radius:0px; '><section class=\"av_textblock_section \"  itemscope=\"itemscope\" itemtype=\"https:\/\/schema.org\/BlogPosting\" itemprop=\"blogPost\" ><div class='avia_textblock  '   itemprop=\"text\" ><p style=\"font-weight: 400; text-align: justify;\">Uno de los desaf\u00edos del Programa de Alimentaci\u00f3n Escolar (PAE) de JUNAEB, es poder introducir m\u00e1s productos que se generen desde los mismos territorios y comunidades locales.<\/p>\n<p style=\"font-weight: 400; text-align: justify;\">En ese contexto, es que el viernes 05 de diciembre, en el Liceo Bicentenario Arturo Prat Chac\u00f3n de Puerto Cisnes se desarroll\u00f3 una iniciativa piloto que busca\u00a0 incorporar la Merluza Austral en la minuta de alimentaci\u00f3n.<\/p>\n<p style=\"font-weight: 400; text-align: justify;\">Esta iniciativa se gener\u00f3 a trav\u00e9s de una alianza de la Direcci\u00f3n Regional de Ays\u00e9n de JUNAEB\u00a0 con un proyecto que apoya a pescadores artesanales de Puerto Gala, para mejorar sus estrategias de comercializaci\u00f3n y puesta en valor. El proyecto, impulsado por las organizaciones OCEANA y Future of Fish\u00a0 Chile, y en asociaci\u00f3n adem\u00e1s con la iniciativa\u00a0 Gobernanza Marino Costera GEF-FAO, busca posicionar el recurso merluza en la regi\u00f3n a trav\u00e9s de instancias de procesamiento local y visibilizaci\u00f3n de la historia de los pescadores artesanales que capturan el recurso.<\/p>\n<p style=\"font-weight: 400; text-align: justify;\">El director regional de JUNAEB Manuel Vivar, valor\u00f3 la iniciativa: \u201cHoy estamos iniciando un piloto para que, por primera vez, tengamos un producto local vinculado a la pesca artesanal en los comedores de nuestros establecimientos. Nos cuesta mucho tener alimentos de la zona dentro del programa de alimentaci\u00f3n, por eso, este v\u00ednculo directo entre la pesca artesanal y los estudiantes es tan significativo\u201d.<\/p>\n<p style=\"font-weight: 400; text-align: justify;\">Sobre los pasos que vienen, agreg\u00f3: \u201cTenemos la expectativa de que este piloto avance bien; es un proceso largo pero la idea es que, paulatinamente podamos incorporar m\u00e1s raciones a los distintos establecimientos de la regi\u00f3n\u201d.<\/p>\n<p style=\"font-weight: 400; text-align: justify;\"><a href=\"https:\/\/www.facebook.com\/koleyptogala?__cft__%5b0%5d=AZV7Xi9WJXfcsfoU8Jqe3cvy9lNmKH9gqCYf6Y1KZqjqXjNmhl6OZuawn0IWi6p8IH5gipQL6uj2j0ReuvNGgOikfRG8BF3QAP8OCH3OD898QBdxobXUB_FOyF59oYkYJxpX2Eni7lNcgnw28QY7r-OG7kBjeMiIguO2bD8Cj9zrRQ&amp;__tn__=-%5dK-R\" data-saferedirecturl=\"https:\/\/www.google.com\/url?q=https:\/\/www.facebook.com\/koleyptogala?__cft__%255b0%255d%3DAZV7Xi9WJXfcsfoU8Jqe3cvy9lNmKH9gqCYf6Y1KZqjqXjNmhl6OZuawn0IWi6p8IH5gipQL6uj2j0ReuvNGgOikfRG8BF3QAP8OCH3OD898QBdxobXUB_FOyF59oYkYJxpX2Eni7lNcgnw28QY7r-OG7kBjeMiIguO2bD8Cj9zrRQ%26__tn__%3D-%255dK-R&amp;source=gmail&amp;ust=1765478521270000&amp;usg=AOvVaw2W_-IH4YNoKonlRWjUUCP3\">Maria Luisa Pate Pe\u00f1a<\/a>, pescadora artesanal, vicepresidenta del\u00a0<a href=\"https:\/\/www.facebook.com\/people\/Sindicato-N1-Pescadores-Grupo-Gala\/61581927452968\/?__cft__%5b0%5d=AZV7Xi9WJXfcsfoU8Jqe3cvy9lNmKH9gqCYf6Y1KZqjqXjNmhl6OZuawn0IWi6p8IH5gipQL6uj2j0ReuvNGgOikfRG8BF3QAP8OCH3OD898QBdxobXUB_FOyF59oYkYJxpX2Eni7lNcgnw28QY7r-OG7kBjeMiIguO2bD8Cj9zrRQ&amp;__tn__=-%5dK-R\" data-saferedirecturl=\"https:\/\/www.google.com\/url?q=https:\/\/www.facebook.com\/people\/Sindicato-N1-Pescadores-Grupo-Gala\/61581927452968\/?__cft__%255b0%255d%3DAZV7Xi9WJXfcsfoU8Jqe3cvy9lNmKH9gqCYf6Y1KZqjqXjNmhl6OZuawn0IWi6p8IH5gipQL6uj2j0ReuvNGgOikfRG8BF3QAP8OCH3OD898QBdxobXUB_FOyF59oYkYJxpX2Eni7lNcgnw28QY7r-OG7kBjeMiIguO2bD8Cj9zrRQ%26__tn__%3D-%255dK-R&amp;source=gmail&amp;ust=1765478521270000&amp;usg=AOvVaw0Z5V5QuTgFMrYILMr0PGzt\">Sindicato N1 Pescadores Grupo Gala<\/a>\u00a0y una de las directoras de Conapach, destac\u00f3 la emoci\u00f3n de ver este esfuerzo materializado: \u201cAgradecemos la disposici\u00f3n de Junaeb para tomar en cuenta un trabajo que llevamos realizando hace m\u00e1s de cuatro a\u00f1os. Estamos muy orgullosos como sindicato de ver nuestros productos en las mesas de nuestra localidad, especialmente en el Liceo de Puerto Cisnes\u201d. Como apoderada, Pat\u00e9 tambi\u00e9n valor\u00f3 el impacto en su propia familia: \u201cEs bonito que nuestros hijos entiendan el esfuerzo que hacen sus pap\u00e1s, sus amigos y sus vecinos. Detr\u00e1s de cada plato hay sacrificio y amor por Puerto Gala\u201d.<\/p>\n<p style=\"font-weight: 400; text-align: justify;\">En esa misma l\u00ednea, Gabriela N\u00fa\u00f1ez del proyecto de Gobernanza Marino Costera, en alianza con Future of Fish Chile (FOF Chile) y Oceana en la iniciativa por darle valor y comercializaci\u00f3n a la merluza austral en la regi\u00f3n de Ays\u00e9n coment\u00f3 que \u201cEstamos muy contentos, es primera instancia en donde el recurso logra entrar en una minuta escolar, para nosotros es un hito muy importante\u201d, agregando que \u201cojal\u00e1 que la impresi\u00f3n de los estudiantes sea buena y que quede claro que este recurso viene de la misma localidad, y\u00a0 eso es motivo de orgullo\u201d.<\/p>\n<p style=\"font-weight: 400; text-align: justify;\">Este plan piloto no solo representa un avance t\u00e9cnico, sino un acto de identidad territorial: un puente entre la comunidad pesquera y los estudiantes, que acerca el mar a la mesa y reconoce el valor del trabajo artesanal en la regi\u00f3n de Ays\u00e9n.<\/p>\n<\/div><\/section><\/div><div  style='height:50px' class='hr hr-invisible   avia-builder-el-6  el_after_av_one_full  el_before_av_social_share '><span class='hr-inner ' ><span class='hr-inner-style'><\/span><\/span><\/div><\/p>\n<div  class='av-social-sharing-box  avia-builder-el-7  el_after_av_hr  el_before_av_hr  '><div class='av-share-box'><h5 class='av-share-link-description av-no-toc '>Compartir esta noticia<\/h5><ul class='av-share-box-list noLightbox'><li class='av-share-link av-social-link-facebook' ><a target=\"_blank\" aria-label=\"Compartir en Facebook\" href='https:\/\/www.facebook.com\/sharer.php?u=https:\/\/radiorevelacionfm.cl\/?p=62348&#038;t=JUNAEB%20desarrolla%20iniciativa%20piloto%20de%20Consumo%20de%20Merluza%20en%20el%20Programa%20de%20Alimentaci%C3%B3n%20Escolar%20%28PAE%29' aria-hidden='false' data-av_icon='\ue8f3' data-av_iconfont='entypo-fontello' title='' data-avia-related-tooltip='Compartir en Facebook' rel=\"noopener\"><span class='avia_hidden_link_text'>Compartir en Facebook<\/span><\/a><\/li><li class='av-share-link av-social-link-twitter' ><a target=\"_blank\" aria-label=\"Compartir en Twitter\" href='https:\/\/twitter.com\/share?text=JUNAEB%20desarrolla%20iniciativa%20piloto%20de%20Consumo%20de%20Merluza%20en%20el%20Programa%20de%20Alimentaci%C3%B3n%20Escolar%20%28PAE%29&#038;url=https:\/\/radiorevelacionfm.cl\/?p=62348' aria-hidden='false' data-av_icon='\ue8f1' data-av_iconfont='entypo-fontello' title='' data-avia-related-tooltip='Compartir en Twitter' rel=\"noopener\"><span class='avia_hidden_link_text'>Compartir en Twitter<\/span><\/a><\/li><li class='av-share-link av-social-link-whatsapp' ><a target=\"_blank\" aria-label=\"Compartir en Whatsapp\" href='https:\/\/api.whatsapp.com\/send?text=https:\/\/radiorevelacionfm.cl\/?p=62348' aria-hidden='false' data-av_icon='\uf232' data-av_iconfont='entypo-fontello' title='' data-avia-related-tooltip='Compartir en Whatsapp' rel=\"noopener\"><span class='avia_hidden_link_text'>Compartir en Whatsapp<\/span><\/a><\/li><li class='av-share-link av-social-link-linkedin' ><a target=\"_blank\" aria-label=\"Compartir en LinkedIn\" href='https:\/\/linkedin.com\/shareArticle?mini=true&#038;title=JUNAEB%20desarrolla%20iniciativa%20piloto%20de%20Consumo%20de%20Merluza%20en%20el%20Programa%20de%20Alimentaci%C3%B3n%20Escolar%20%28PAE%29&#038;url=https:\/\/radiorevelacionfm.cl\/?p=62348' aria-hidden='false' data-av_icon='\ue8fc' data-av_iconfont='entypo-fontello' title='' data-avia-related-tooltip='Compartir en LinkedIn' rel=\"noopener\"><span class='avia_hidden_link_text'>Compartir en LinkedIn<\/span><\/a><\/li><li class='av-share-link av-social-link-mail' ><a  aria-label=\"Compartir por correo\" href='mailto:?subject=JUNAEB%20desarrolla%20iniciativa%20piloto%20de%20Consumo%20de%20Merluza%20en%20el%20Programa%20de%20Alimentaci%C3%B3n%20Escolar%20%28PAE%29&#038;body=https:\/\/radiorevelacionfm.cl\/?p=62348' aria-hidden='false' data-av_icon='\ue805' data-av_iconfont='entypo-fontello' title='' data-avia-related-tooltip='Compartir por correo'><span class='avia_hidden_link_text'>Compartir por correo<\/span><\/a><\/li><\/ul><\/div><\/div>\n<div  style='height:50px' class='hr hr-invisible   avia-builder-el-8  el_after_av_social_share  el_before_av_comments_list '><span class='hr-inner ' ><span class='hr-inner-style'><\/span><\/span><\/div>\n<div  class='av-buildercomment  av-blog-meta-html-info-disabled av-blog-meta-tag-disabled  '><\/div>\n","protected":false},"excerpt":{"rendered":"","protected":false},"author":1,"featured_media":62349,"comment_status":"closed","ping_status":"closed","sticky":false,"template":"","format":"standard","meta":{"footnotes":""},"categories":[49],"tags":[],"class_list":["post-62348","post","type-post","status-publish","format-standard","has-post-thumbnail","hentry","category-educacion"],"jetpack_featured_media_url":"https:\/\/radiorevelacionfm.cl\/wp-content\/uploads\/2025\/12\/00fd8d3a-afd0-4640-8486-08f79e79b431-1_optimized.jpeg","_links":{"self":[{"href":"https:\/\/radiorevelacionfm.cl\/index.php?rest_route=\/wp\/v2\/posts\/62348","targetHints":{"allow":["GET"]}}],"collection":[{"href":"https:\/\/radiorevelacionfm.cl\/index.php?rest_route=\/wp\/v2\/posts"}],"about":[{"href":"https:\/\/radiorevelacionfm.cl\/index.php?rest_route=\/wp\/v2\/types\/post"}],"author":[{"embeddable":true,"href":"https:\/\/radiorevelacionfm.cl\/index.php?rest_route=\/wp\/v2\/users\/1"}],"replies":[{"embeddable":true,"href":"https:\/\/radiorevelacionfm.cl\/index.php?rest_route=%2Fwp%2Fv2%2Fcomments&post=62348"}],"version-history":[{"count":2,"href":"https:\/\/radiorevelacionfm.cl\/index.php?rest_route=\/wp\/v2\/posts\/62348\/revisions"}],"predecessor-version":[{"id":62358,"href":"https:\/\/radiorevelacionfm.cl\/index.php?rest_route=\/wp\/v2\/posts\/62348\/revisions\/62358"}],"wp:featuredmedia":[{"embeddable":true,"href":"https:\/\/radiorevelacionfm.cl\/index.php?rest_route=\/wp\/v2\/media\/62349"}],"wp:attachment":[{"href":"https:\/\/radiorevelacionfm.cl\/index.php?rest_route=%2Fwp%2Fv2%2Fmedia&parent=62348"}],"wp:term":[{"taxonomy":"category","embeddable":true,"href":"https:\/\/radiorevelacionfm.cl\/index.php?rest_route=%2Fwp%2Fv2%2Fcategories&post=62348"},{"taxonomy":"post_tag","embeddable":true,"href":"https:\/\/radiorevelacionfm.cl\/index.php?rest_route=%2Fwp%2Fv2%2Ftags&post=62348"}],"curies":[{"name":"wp","href":"https:\/\/api.w.org\/{rel}","templated":true}]}}