{"id":62345,"date":"2025-12-10T17:01:22","date_gmt":"2025-12-10T20:01:22","guid":{"rendered":"https:\/\/radiorevelacionfm.cl\/?p=62345"},"modified":"2025-12-10T17:01:22","modified_gmt":"2025-12-10T20:01:22","slug":"region-de-aysen-se-adjudica-50-millones-para-ejecutar-proyectos-del-fondo-a-la-interdisciplinariedad-en-el-ecosistema-creativo-2025","status":"publish","type":"post","link":"https:\/\/radiorevelacionfm.cl\/?p=62345","title":{"rendered":"Regi\u00f3n de Ays\u00e9n se adjudica 50 millones para ejecutar proyectos del Fondo a la Interdisciplinariedad en el Ecosistema Creativo 2025"},"content":{"rendered":"<div class=\"flex_column av_one_full  flex_column_div av-zero-column-padding first  avia-builder-el-0  el_before_av_one_full  avia-builder-el-first  \" style='border-radius:0px; '><div  class='avia-image-container  av-styling-    avia-builder-el-1  avia-builder-el-no-sibling  avia-align-center '  itemprop=\"image\" itemscope=\"itemscope\" itemtype=\"https:\/\/schema.org\/ImageObject\"  ><div class='avia-image-container-inner'><div class='avia-image-overlay-wrap'><img decoding=\"async\" class='wp-image-62346 avia-img-lazy-loading-not-62346 avia_image' src=\"https:\/\/radiorevelacionfm.cl\/wp-content\/uploads\/2025\/12\/Puerto-Guadal-Rodrigo-Campusano-1-1.jpeg\" alt='' title='Puerto Guadal - Rodrigo Campusano (1) (1)' height=\"601\" width=\"801\"  itemprop=\"thumbnailUrl\" srcset=\"https:\/\/radiorevelacionfm.cl\/wp-content\/uploads\/2025\/12\/Puerto-Guadal-Rodrigo-Campusano-1-1.jpeg 801w, https:\/\/radiorevelacionfm.cl\/wp-content\/uploads\/2025\/12\/Puerto-Guadal-Rodrigo-Campusano-1-1-300x225.jpeg 300w, https:\/\/radiorevelacionfm.cl\/wp-content\/uploads\/2025\/12\/Puerto-Guadal-Rodrigo-Campusano-1-1-768x576.jpeg 768w, https:\/\/radiorevelacionfm.cl\/wp-content\/uploads\/2025\/12\/Puerto-Guadal-Rodrigo-Campusano-1-1-705x529.jpeg 705w, https:\/\/radiorevelacionfm.cl\/wp-content\/uploads\/2025\/12\/Puerto-Guadal-Rodrigo-Campusano-1-1-450x338.jpeg 450w, https:\/\/radiorevelacionfm.cl\/wp-content\/uploads\/2025\/12\/Puerto-Guadal-Rodrigo-Campusano-1-1-600x450.jpeg 600w\" sizes=\"(max-width: 801px) 100vw, 801px\" \/><\/div><\/div><\/div><\/div><div class=\"flex_column av_one_full  flex_column_div av-zero-column-padding first  avia-builder-el-2  el_after_av_one_full  el_before_av_one_full  column-top-margin\" style='border-radius:0px; '><section class=\"av_textblock_section \"  itemscope=\"itemscope\" itemtype=\"https:\/\/schema.org\/BlogPosting\" itemprop=\"blogPost\" ><div class='avia_textblock  '   itemprop=\"text\" ><p style=\"text-align: center;\"><strong><span style=\"font-size: 18pt;\">Regi\u00f3n de Ays\u00e9n se adjudica 50 millones para ejecutar proyectos del Fondo a la Interdisciplinariedad en el Ecosistema Creativo 2025<\/span><\/strong><\/p>\n<div id=\"gtx-trans\" style=\"position: absolute; left: -50px; top: 4.31534px;\">\n<div class=\"gtx-trans-icon\"><\/div>\n<\/div>\n<\/div><\/section><\/div><div class=\"flex_column av_one_full  flex_column_div av-zero-column-padding first  avia-builder-el-4  el_after_av_one_full  el_before_av_hr  column-top-margin\" style='border-radius:0px; '><section class=\"av_textblock_section \"  itemscope=\"itemscope\" itemtype=\"https:\/\/schema.org\/BlogPosting\" itemprop=\"blogPost\" ><div class='avia_textblock  '   itemprop=\"text\" ><p style=\"text-align: justify;\"><em>El Festival de la Cosecha 2026: Experiencias Interdisciplinarias en la Patagonia Creativa y La Minga Cultural del Litoral, fueron los proyectos regionales que se adjudicaron 25 millones de pesos cada uno, para ejecutar sus iniciativas en Ays\u00e9n. <\/em><\/p>\n<p style=\"text-align: justify;\">La convocatoria al Fondo a la Interdisciplinariedad en el Ecosistema Creativo busca robustecer la cooperaci\u00f3n entre agentes culturales con otros sectores productivos, promoviendo la integraci\u00f3n de diferentes disciplinas, para el desarrollo econ\u00f3mico del sector cultural. La Regi\u00f3n de Ays\u00e9n fue adjudicada con $50.000.000 para ejecutar dos iniciativas.<\/p>\n<p style=\"text-align: justify;\">\u201cEl Festival de la Cosecha 2026: Experiencias Interdisciplinarias en la Patagonia Creativa\u201d, intenta fomentar un modelo de desarrollo econ\u00f3mico local sostenible para el ecosistema creativo de Puerto Guadal. Carolina Rojas, de la A.G. de Turismo, Cultura y Artesan\u00eda de Puerto Guadal, agradeci\u00f3 la adjudicaci\u00f3n, que permitir\u00e1 potenciar la econom\u00eda y la sustentabilidad local, abordando la brecha de la estacionalidad tur\u00edstica con el Festival.<\/p>\n<p style=\"text-align: justify;\">\u201cBuscamos potenciar la cocreaci\u00f3n, la producci\u00f3n y la difusi\u00f3n de experiencia y productos de turismo creativo que pongan en valor el patrimonio y contribuyan a extender la temporada tur\u00edstica. Vamos a desarrollar, distintas actividades previo, post y durante el Festival de la Cosecha. Un dise\u00f1ador trabajar\u00e1 en la creaci\u00f3n de nuevos productos y colecciones textiles con los artesanos locales, enfocando el trabajo en la lana y el cuero. Tambi\u00e9n vamos a dar la posibilidad a chefs regionales especializados en productos locales y gastronom\u00eda patrimonial, quienes coordinar\u00e1n con los distintos emprendimientos tur\u00edsticos gastron\u00f3micos, para ofrecer una oferta culinaria en el Festival de la Cosecha, con estos productos locales. Estamos asoci\u00e1ndonos a una agrupaci\u00f3n musical para que haya una composici\u00f3n musical y tambi\u00e9n una creaci\u00f3n teatral, orientada al concepto de la cosecha y la importancia de este oficio en el patrimonio cultural del Lago General Carrera y de la regi\u00f3n de Ays\u00e9n\u201d, se\u00f1al\u00f3.<\/p>\n<p style=\"text-align: justify;\">El seremi de Culturas Ays\u00e9n, Felipe Quiroz, dijo que \u201cse trata de dos proyectos que enriquecen, sin duda, nuestro ecosistema cultural. Es una excelente noticia que estos recursos puedan ser ejecutados en nuestro territorio en iniciativas que conjugan cultura y comunidad, fiesta y tradiciones. Esto va en la l\u00ednea que venimos trabajando desde un inicio junto al Gobierno del presidente Boric\u201d.<\/p>\n<p style=\"text-align: justify;\">La \u201cMinga Cultural del Litoral\u201d es un proyecto que pretende generar la articulaci\u00f3n y valoraci\u00f3n cultural, acercando a cuatro localidades del litoral de la comuna de Cisnes, en un evento enmarcado en la protecci\u00f3n del ecosistema natural y las culturas comunitarias, por medio de actividades creativas, recreativas, educativas.<\/p>\n<p style=\"text-align: justify;\">Constanza Gonz\u00e1lez, quien integra el Colectivo Mujer Austral y la Red Minga Cultural del Litoral, se refiri\u00f3 al impacto de la adjudicaci\u00f3n para el desarrollo del proyecto: \u201cEstamos muy contentos de habernos adjudicado este fondo, ya que nos permitir\u00e1 realizar finalmente una segunda versi\u00f3n de nuestro Carnaval del Fin del Mundo en Ra\u00fal Mar\u00edn Balmaceda, el cual va a ser una invitaci\u00f3n o un primer encuentro entre las comunidades del litoral, donde participar\u00e1 Puerto Cisnes, Puyuhuapi, Gala y Mar\u00edn. Vamos a tener exposiciones fotogr\u00e1ficas, exposiciones de patrimonio vivo, de los distintos oficios del litoral. Vamos a tener una noche de cine litoral, junto con actividades de intervenci\u00f3n en los espacios p\u00fablicos, con batucada, con esculturas org\u00e1nicas vivas, fiesta y presentaci\u00f3n de grupos musicales. Es un evento bastante contundente, integra principalmente cultura, patrimonio, pero tambi\u00e9n ciencia y conservaci\u00f3n. As\u00ed que estamos muy contentos con lo que se viene de ahora en m\u00e1s\u201d.<\/p>\n<\/div><\/section><\/div><div  style='height:50px' class='hr hr-invisible   avia-builder-el-6  el_after_av_one_full  el_before_av_social_share '><span class='hr-inner ' ><span class='hr-inner-style'><\/span><\/span><\/div><\/p>\n<div  class='av-social-sharing-box  avia-builder-el-7  el_after_av_hr  el_before_av_hr  '><div class='av-share-box'><h5 class='av-share-link-description av-no-toc '>Compartir esta noticia<\/h5><ul class='av-share-box-list noLightbox'><li class='av-share-link av-social-link-facebook' ><a target=\"_blank\" aria-label=\"Compartir en Facebook\" href='https:\/\/www.facebook.com\/sharer.php?u=https:\/\/radiorevelacionfm.cl\/?p=62345&#038;t=Regi%C3%B3n%20de%20Ays%C3%A9n%20se%20adjudica%2050%20millones%20para%20ejecutar%20proyectos%20del%20Fondo%20a%20la%20Interdisciplinariedad%20en%20el%20Ecosistema%20Creativo%202025' aria-hidden='false' data-av_icon='\ue8f3' data-av_iconfont='entypo-fontello' title='' data-avia-related-tooltip='Compartir en Facebook' rel=\"noopener\"><span class='avia_hidden_link_text'>Compartir en Facebook<\/span><\/a><\/li><li class='av-share-link av-social-link-twitter' ><a target=\"_blank\" aria-label=\"Compartir en Twitter\" href='https:\/\/twitter.com\/share?text=Regi%C3%B3n%20de%20Ays%C3%A9n%20se%20adjudica%2050%20millones%20para%20ejecutar%20proyectos%20del%20Fondo%20a%20la%20Interdisciplinariedad%20en%20el%20Ecosistema%20Creativo%202025&#038;url=https:\/\/radiorevelacionfm.cl\/?p=62345' aria-hidden='false' data-av_icon='\ue8f1' data-av_iconfont='entypo-fontello' title='' data-avia-related-tooltip='Compartir en Twitter' rel=\"noopener\"><span class='avia_hidden_link_text'>Compartir en Twitter<\/span><\/a><\/li><li class='av-share-link av-social-link-whatsapp' ><a target=\"_blank\" aria-label=\"Compartir en Whatsapp\" href='https:\/\/api.whatsapp.com\/send?text=https:\/\/radiorevelacionfm.cl\/?p=62345' aria-hidden='false' data-av_icon='\uf232' data-av_iconfont='entypo-fontello' title='' data-avia-related-tooltip='Compartir en Whatsapp' rel=\"noopener\"><span class='avia_hidden_link_text'>Compartir en Whatsapp<\/span><\/a><\/li><li class='av-share-link av-social-link-linkedin' ><a target=\"_blank\" aria-label=\"Compartir en LinkedIn\" href='https:\/\/linkedin.com\/shareArticle?mini=true&#038;title=Regi%C3%B3n%20de%20Ays%C3%A9n%20se%20adjudica%2050%20millones%20para%20ejecutar%20proyectos%20del%20Fondo%20a%20la%20Interdisciplinariedad%20en%20el%20Ecosistema%20Creativo%202025&#038;url=https:\/\/radiorevelacionfm.cl\/?p=62345' aria-hidden='false' data-av_icon='\ue8fc' data-av_iconfont='entypo-fontello' title='' data-avia-related-tooltip='Compartir en LinkedIn' rel=\"noopener\"><span class='avia_hidden_link_text'>Compartir en LinkedIn<\/span><\/a><\/li><li class='av-share-link av-social-link-mail' ><a  aria-label=\"Compartir por correo\" href='mailto:?subject=Regi%C3%B3n%20de%20Ays%C3%A9n%20se%20adjudica%2050%20millones%20para%20ejecutar%20proyectos%20del%20Fondo%20a%20la%20Interdisciplinariedad%20en%20el%20Ecosistema%20Creativo%202025&#038;body=https:\/\/radiorevelacionfm.cl\/?p=62345' aria-hidden='false' data-av_icon='\ue805' data-av_iconfont='entypo-fontello' title='' data-avia-related-tooltip='Compartir por correo'><span class='avia_hidden_link_text'>Compartir por correo<\/span><\/a><\/li><\/ul><\/div><\/div>\n<div  style='height:50px' class='hr hr-invisible   avia-builder-el-8  el_after_av_social_share  el_before_av_comments_list '><span class='hr-inner ' ><span class='hr-inner-style'><\/span><\/span><\/div>\n<div  class='av-buildercomment  av-blog-meta-html-info-disabled av-blog-meta-tag-disabled  '><\/div>\n","protected":false},"excerpt":{"rendered":"","protected":false},"author":1,"featured_media":62346,"comment_status":"closed","ping_status":"closed","sticky":false,"template":"","format":"standard","meta":{"footnotes":""},"categories":[52],"tags":[],"class_list":["post-62345","post","type-post","status-publish","format-standard","has-post-thumbnail","hentry","category-cultura"],"jetpack_featured_media_url":"https:\/\/radiorevelacionfm.cl\/wp-content\/uploads\/2025\/12\/Puerto-Guadal-Rodrigo-Campusano-1-1.jpeg","_links":{"self":[{"href":"https:\/\/radiorevelacionfm.cl\/index.php?rest_route=\/wp\/v2\/posts\/62345","targetHints":{"allow":["GET"]}}],"collection":[{"href":"https:\/\/radiorevelacionfm.cl\/index.php?rest_route=\/wp\/v2\/posts"}],"about":[{"href":"https:\/\/radiorevelacionfm.cl\/index.php?rest_route=\/wp\/v2\/types\/post"}],"author":[{"embeddable":true,"href":"https:\/\/radiorevelacionfm.cl\/index.php?rest_route=\/wp\/v2\/users\/1"}],"replies":[{"embeddable":true,"href":"https:\/\/radiorevelacionfm.cl\/index.php?rest_route=%2Fwp%2Fv2%2Fcomments&post=62345"}],"version-history":[{"count":2,"href":"https:\/\/radiorevelacionfm.cl\/index.php?rest_route=\/wp\/v2\/posts\/62345\/revisions"}],"predecessor-version":[{"id":62354,"href":"https:\/\/radiorevelacionfm.cl\/index.php?rest_route=\/wp\/v2\/posts\/62345\/revisions\/62354"}],"wp:featuredmedia":[{"embeddable":true,"href":"https:\/\/radiorevelacionfm.cl\/index.php?rest_route=\/wp\/v2\/media\/62346"}],"wp:attachment":[{"href":"https:\/\/radiorevelacionfm.cl\/index.php?rest_route=%2Fwp%2Fv2%2Fmedia&parent=62345"}],"wp:term":[{"taxonomy":"category","embeddable":true,"href":"https:\/\/radiorevelacionfm.cl\/index.php?rest_route=%2Fwp%2Fv2%2Fcategories&post=62345"},{"taxonomy":"post_tag","embeddable":true,"href":"https:\/\/radiorevelacionfm.cl\/index.php?rest_route=%2Fwp%2Fv2%2Ftags&post=62345"}],"curies":[{"name":"wp","href":"https:\/\/api.w.org\/{rel}","templated":true}]}}