{"id":62341,"date":"2025-12-10T16:36:16","date_gmt":"2025-12-10T19:36:16","guid":{"rendered":"https:\/\/radiorevelacionfm.cl\/?p=62341"},"modified":"2025-12-10T16:36:16","modified_gmt":"2025-12-10T19:36:16","slug":"mas-de-400-personas-de-la-comuna-de-guaitecas-potencian-su-trabajo-en-pesca-artesanal","status":"publish","type":"post","link":"https:\/\/radiorevelacionfm.cl\/?p=62341","title":{"rendered":"M\u00e1s de 400 personas de la comuna de Guaitecas potencian su trabajo en pesca artesanal"},"content":{"rendered":"<div class=\"flex_column av_one_full  flex_column_div av-zero-column-padding first  avia-builder-el-0  el_before_av_one_full  avia-builder-el-first  \" style='border-radius:0px; '><div  class='avia-image-container  av-styling-    avia-builder-el-1  avia-builder-el-no-sibling  avia-align-center '  itemprop=\"image\" itemscope=\"itemscope\" itemtype=\"https:\/\/schema.org\/ImageObject\"  ><div class='avia-image-container-inner'><div class='avia-image-overlay-wrap'><img decoding=\"async\" class='wp-image-62342 avia-img-lazy-loading-not-62342 avia_image' src=\"https:\/\/radiorevelacionfm.cl\/wp-content\/uploads\/2025\/12\/1-pesca-fosis-fndr-guaitecas-1_optimized-1.jpeg\" alt='' title='1-pesca-fosis-fndr-guaitecas-(1)_optimized (1)' height=\"600\" width=\"1067\"  itemprop=\"thumbnailUrl\" srcset=\"https:\/\/radiorevelacionfm.cl\/wp-content\/uploads\/2025\/12\/1-pesca-fosis-fndr-guaitecas-1_optimized-1.jpeg 1067w, https:\/\/radiorevelacionfm.cl\/wp-content\/uploads\/2025\/12\/1-pesca-fosis-fndr-guaitecas-1_optimized-1-300x169.jpeg 300w, https:\/\/radiorevelacionfm.cl\/wp-content\/uploads\/2025\/12\/1-pesca-fosis-fndr-guaitecas-1_optimized-1-1030x579.jpeg 1030w, https:\/\/radiorevelacionfm.cl\/wp-content\/uploads\/2025\/12\/1-pesca-fosis-fndr-guaitecas-1_optimized-1-768x432.jpeg 768w, https:\/\/radiorevelacionfm.cl\/wp-content\/uploads\/2025\/12\/1-pesca-fosis-fndr-guaitecas-1_optimized-1-705x396.jpeg 705w, https:\/\/radiorevelacionfm.cl\/wp-content\/uploads\/2025\/12\/1-pesca-fosis-fndr-guaitecas-1_optimized-1-450x253.jpeg 450w, https:\/\/radiorevelacionfm.cl\/wp-content\/uploads\/2025\/12\/1-pesca-fosis-fndr-guaitecas-1_optimized-1-600x337.jpeg 600w\" sizes=\"(max-width: 1067px) 100vw, 1067px\" \/><\/div><\/div><\/div><\/div><div class=\"flex_column av_one_full  flex_column_div av-zero-column-padding first  avia-builder-el-2  el_after_av_one_full  el_before_av_one_full  column-top-margin\" style='border-radius:0px; '><section class=\"av_textblock_section \"  itemscope=\"itemscope\" itemtype=\"https:\/\/schema.org\/BlogPosting\" itemprop=\"blogPost\" ><div class='avia_textblock  '   itemprop=\"text\" ><p style=\"text-align: center;\"><strong><span style=\"font-size: 18pt;\">M\u00e1s de 400 personas de la comuna de Guaitecas potencian su trabajo en pesca artesanal<\/span><\/strong><\/p>\n<div id=\"gtx-trans\" style=\"position: absolute; left: -50px; top: 4.31534px;\">\n<div class=\"gtx-trans-icon\"><\/div>\n<\/div>\n<\/div><\/section><\/div><div class=\"flex_column av_one_full  flex_column_div av-zero-column-padding first  avia-builder-el-4  el_after_av_one_full  el_before_av_hr  column-top-margin\" style='border-radius:0px; '><section class=\"av_textblock_section \"  itemscope=\"itemscope\" itemtype=\"https:\/\/schema.org\/BlogPosting\" itemprop=\"blogPost\" ><div class='avia_textblock  '   itemprop=\"text\" ><ul>\n<li style=\"text-align: justify;\"><em>El programa permiti\u00f3 entregar capacitaci\u00f3n, asesor\u00eda y financiamiento a quienes se dedican a la pesca artesanal en Melinka, Repollal Bajo y Repollal Alto; gracias al financiamiento del Gobierno Regional de Ays\u00e9n y su Consejo y la ejecuci\u00f3n del FOSIS.<\/em><\/li>\n<\/ul>\n<p style=\"text-align: justify;\">Hasta Melinka lleg\u00f3 la directora regional del FOSIS, Fernanda Leiva, acompa\u00f1ada del gobernador regional de Ays\u00e9n, Marcelo Santana, para participar de la ceremonia de cierre y certificaci\u00f3n en la que estuvieron presentes representantes de los 12 sindicatos que fueron parte del programa. \u00a0Se trata de m\u00e1s de 400 personas que fueron parte del programa de Fortalecimiento a la Pesca Artesanal, ejecutado en la comuna de Guaitecas por el FOSIS con apoyo de Consultores de la Patagonia, gracias a recursos aprobados por el Gobierno Regional de Ays\u00e9n y su Consejo.<\/p>\n<p style=\"text-align: justify;\">Esta iniciativa hizo posible entregar capacitaci\u00f3n, asesor\u00eda y recursos para que trabajadores y trabajadoras que se dedican al mar, puedan aumentar su generaci\u00f3n de ingresos y que estos sean m\u00e1s estables en el tiempo, fruto de la pesca artesanal y otras iniciativas vinculadas a esta actividad productiva.<\/p>\n<p style=\"text-align: justify;\">Juan Romero Aguirre, presidente del sindicato San Pedro de Melinka, asegur\u00f3 que \u201cnos sentimos conformes porque cost\u00f3 harto, fue un trabajo de largo aliento como dirigentes de la pesca y mucha gente que nos apoy\u00f3. Hoy nos sentimos conformes porque todos recibimos nuestros recursos y fue un aporte bueno de zona contiguas, porque se ocuparon bien los recursos, obtuvimos una embarcaci\u00f3n, los socios un equipo de buceo, entre otras cosas. Nos encontramos felices porque se cerr\u00f3 un ciclo que se ve\u00eda dif\u00edcil que se cumpla. Yo hice una sociedad con mi se\u00f1ora y mi hijo donde compramos una embarcaci\u00f3n, esta embarcaci\u00f3n est\u00e1 operando y con eso nos estamos sustentando hoy en la pesca artesanal\u201d.<\/p>\n<p style=\"text-align: justify;\">El gobernador regional de Ays\u00e9n, Marcelo Santana Vargas, destac\u00f3 el impulso estrat\u00e9gico que est\u00e1 liderando el Gobierno Regional para fortalecer el litoral: \u201cEste a\u00f1o iniciamos el Plan Ays\u00e9n Azul, que busca potenciar de manera integral el desarrollo costero de nuestra regi\u00f3n. En ese sentido, este programa del FOSIS es un aporte concreto, porque acompa\u00f1a a los dirigentes de la pesca artesanal de Guaitecas en la mejora de sus procesos productivos y en el fortalecimiento de su asociatividad. El objetivo es que puedan consolidar sus unidades productivas, fortalecer sus negocios y proyectar nuevas oportunidades de desarrollo\u201d.<\/p>\n<p style=\"text-align: justify;\">Fernanda Leiva Mu\u00f1oz, directora regional del FOSIS en Ays\u00e9n, recalc\u00f3 que \u201cestamos muy contentos porque pudimos llegar a 401 personas que trabajan en la pesca, que se desarrollan en torno a este oficio y estuvimos dando cuenta hoy del trabajo cercano, concreto y constante que se estuvo realizando de parte del FOSIS y la consultora que estuvo ejecutando este proyecto con los sindicatos, sus dirigentes y las personas beneficiarias que fueron parte de esto. Esto nos da cuenta de que se puede realizar un trabajo correcto, dar ejecuci\u00f3n a los recursos y adem\u00e1s entregar herramientas y otras capacidades a las personas para poder desarrollar mejor sus oficios y traer bienestar a sus familias\u201d.<\/p>\n<p style=\"text-align: justify;\">En la ceremonia de cierre del programa tambi\u00e9n estuvo presente el alcalde de Guaitecas, Bans Puinao; los consejeros regionales, Julio Rossel y Rosita Gonz\u00e1lez; los concejales de Guaitecas, Tamara Chiguay y V\u00edctor \u00c1lvarez; el jefe de divisi\u00f3n Fomento e Industria de Gobierno Regional de Ays\u00e9n, Fernando Guzm\u00e1n junto a representantes de Sernapesca y la Armada de Chile.<\/p>\n<p style=\"text-align: justify;\">El programa de Fortalecimiento a la Pesca Artesanal ejecutado en la comuna de Guaitecas consider\u00f3 una inversi\u00f3n superior a los $1.600 millones de pesos para potenciar la actividad y mejorar la calidad de vida de m\u00e1s de 400 mujeres y hombres de mar.<\/p>\n<\/div><\/section><\/div><div  style='height:50px' class='hr hr-invisible   avia-builder-el-6  el_after_av_one_full  el_before_av_social_share '><span class='hr-inner ' ><span class='hr-inner-style'><\/span><\/span><\/div><\/p>\n<div  class='av-social-sharing-box  avia-builder-el-7  el_after_av_hr  el_before_av_hr  '><div class='av-share-box'><h5 class='av-share-link-description av-no-toc '>Compartir esta noticia<\/h5><ul class='av-share-box-list noLightbox'><li class='av-share-link av-social-link-facebook' ><a target=\"_blank\" aria-label=\"Compartir en Facebook\" href='https:\/\/www.facebook.com\/sharer.php?u=https:\/\/radiorevelacionfm.cl\/?p=62341&#038;t=M%C3%A1s%20de%20400%20personas%20de%20la%20comuna%20de%20Guaitecas%20potencian%20su%20trabajo%20en%20pesca%20artesanal' aria-hidden='false' data-av_icon='\ue8f3' data-av_iconfont='entypo-fontello' title='' data-avia-related-tooltip='Compartir en Facebook' rel=\"noopener\"><span class='avia_hidden_link_text'>Compartir en Facebook<\/span><\/a><\/li><li class='av-share-link av-social-link-twitter' ><a target=\"_blank\" aria-label=\"Compartir en Twitter\" href='https:\/\/twitter.com\/share?text=M%C3%A1s%20de%20400%20personas%20de%20la%20comuna%20de%20Guaitecas%20potencian%20su%20trabajo%20en%20pesca%20artesanal&#038;url=https:\/\/radiorevelacionfm.cl\/?p=62341' aria-hidden='false' data-av_icon='\ue8f1' data-av_iconfont='entypo-fontello' title='' data-avia-related-tooltip='Compartir en Twitter' rel=\"noopener\"><span class='avia_hidden_link_text'>Compartir en Twitter<\/span><\/a><\/li><li class='av-share-link av-social-link-whatsapp' ><a target=\"_blank\" aria-label=\"Compartir en Whatsapp\" href='https:\/\/api.whatsapp.com\/send?text=https:\/\/radiorevelacionfm.cl\/?p=62341' aria-hidden='false' data-av_icon='\uf232' data-av_iconfont='entypo-fontello' title='' data-avia-related-tooltip='Compartir en Whatsapp' rel=\"noopener\"><span class='avia_hidden_link_text'>Compartir en Whatsapp<\/span><\/a><\/li><li class='av-share-link av-social-link-linkedin' ><a target=\"_blank\" aria-label=\"Compartir en LinkedIn\" href='https:\/\/linkedin.com\/shareArticle?mini=true&#038;title=M%C3%A1s%20de%20400%20personas%20de%20la%20comuna%20de%20Guaitecas%20potencian%20su%20trabajo%20en%20pesca%20artesanal&#038;url=https:\/\/radiorevelacionfm.cl\/?p=62341' aria-hidden='false' data-av_icon='\ue8fc' data-av_iconfont='entypo-fontello' title='' data-avia-related-tooltip='Compartir en LinkedIn' rel=\"noopener\"><span class='avia_hidden_link_text'>Compartir en LinkedIn<\/span><\/a><\/li><li class='av-share-link av-social-link-mail' ><a  aria-label=\"Compartir por correo\" href='mailto:?subject=M%C3%A1s%20de%20400%20personas%20de%20la%20comuna%20de%20Guaitecas%20potencian%20su%20trabajo%20en%20pesca%20artesanal&#038;body=https:\/\/radiorevelacionfm.cl\/?p=62341' aria-hidden='false' data-av_icon='\ue805' data-av_iconfont='entypo-fontello' title='' data-avia-related-tooltip='Compartir por correo'><span class='avia_hidden_link_text'>Compartir por correo<\/span><\/a><\/li><\/ul><\/div><\/div>\n<div  style='height:50px' class='hr hr-invisible   avia-builder-el-8  el_after_av_social_share  el_before_av_comments_list '><span class='hr-inner ' ><span class='hr-inner-style'><\/span><\/span><\/div>\n<div  class='av-buildercomment  av-blog-meta-html-info-disabled av-blog-meta-tag-disabled  '><\/div>\n","protected":false},"excerpt":{"rendered":"","protected":false},"author":1,"featured_media":62342,"comment_status":"closed","ping_status":"closed","sticky":false,"template":"","format":"standard","meta":{"footnotes":""},"categories":[38],"tags":[],"class_list":["post-62341","post","type-post","status-publish","format-standard","has-post-thumbnail","hentry","category-regional"],"jetpack_featured_media_url":"https:\/\/radiorevelacionfm.cl\/wp-content\/uploads\/2025\/12\/1-pesca-fosis-fndr-guaitecas-1_optimized-1.jpeg","_links":{"self":[{"href":"https:\/\/radiorevelacionfm.cl\/index.php?rest_route=\/wp\/v2\/posts\/62341","targetHints":{"allow":["GET"]}}],"collection":[{"href":"https:\/\/radiorevelacionfm.cl\/index.php?rest_route=\/wp\/v2\/posts"}],"about":[{"href":"https:\/\/radiorevelacionfm.cl\/index.php?rest_route=\/wp\/v2\/types\/post"}],"author":[{"embeddable":true,"href":"https:\/\/radiorevelacionfm.cl\/index.php?rest_route=\/wp\/v2\/users\/1"}],"replies":[{"embeddable":true,"href":"https:\/\/radiorevelacionfm.cl\/index.php?rest_route=%2Fwp%2Fv2%2Fcomments&post=62341"}],"version-history":[{"count":2,"href":"https:\/\/radiorevelacionfm.cl\/index.php?rest_route=\/wp\/v2\/posts\/62341\/revisions"}],"predecessor-version":[{"id":62344,"href":"https:\/\/radiorevelacionfm.cl\/index.php?rest_route=\/wp\/v2\/posts\/62341\/revisions\/62344"}],"wp:featuredmedia":[{"embeddable":true,"href":"https:\/\/radiorevelacionfm.cl\/index.php?rest_route=\/wp\/v2\/media\/62342"}],"wp:attachment":[{"href":"https:\/\/radiorevelacionfm.cl\/index.php?rest_route=%2Fwp%2Fv2%2Fmedia&parent=62341"}],"wp:term":[{"taxonomy":"category","embeddable":true,"href":"https:\/\/radiorevelacionfm.cl\/index.php?rest_route=%2Fwp%2Fv2%2Fcategories&post=62341"},{"taxonomy":"post_tag","embeddable":true,"href":"https:\/\/radiorevelacionfm.cl\/index.php?rest_route=%2Fwp%2Fv2%2Ftags&post=62341"}],"curies":[{"name":"wp","href":"https:\/\/api.w.org\/{rel}","templated":true}]}}