{"id":6234,"date":"2021-07-13T18:14:27","date_gmt":"2021-07-13T21:14:27","guid":{"rendered":"https:\/\/radiorevelacionfm.cl\/?p=6234"},"modified":"2021-07-13T18:14:27","modified_gmt":"2021-07-13T21:14:27","slug":"detallan-plan-de-transporte-publico-gratuito-en-localidades-para-las-elecciones-primarias-presidenciales","status":"publish","type":"post","link":"https:\/\/radiorevelacionfm.cl\/?p=6234","title":{"rendered":"Detallan plan de transporte p\u00fablico gratuito en localidades para las elecciones primarias presidenciales"},"content":{"rendered":"<div class=\"flex_column av_one_full  flex_column_div av-zero-column-padding first  avia-builder-el-0  el_before_av_one_full  avia-builder-el-first  \" style='border-radius:0px; '><div  class='avia-image-container  av-styling-    avia-builder-el-1  avia-builder-el-no-sibling  avia-align-center '  itemprop=\"image\" itemscope=\"itemscope\" itemtype=\"https:\/\/schema.org\/ImageObject\"  ><div class='avia-image-container-inner'><div class='avia-image-overlay-wrap'><img decoding=\"async\" class='wp-image-0 avia-img-lazy-loading-not-0 avia_image' src=\"https:\/\/radiorevelacionfm.cl\/wp-content\/uploads\/2021\/07\/pto-de-prensa_153801-1_optimized.jpg\" alt='' title=''   itemprop=\"thumbnailUrl\"  \/><\/div><\/div><\/div><\/div><div class=\"flex_column av_one_full  flex_column_div av-zero-column-padding first  avia-builder-el-2  el_after_av_one_full  el_before_av_one_full  column-top-margin\" style='border-radius:0px; '><section class=\"av_textblock_section \"  itemscope=\"itemscope\" itemtype=\"https:\/\/schema.org\/BlogPosting\" itemprop=\"blogPost\" ><div class='avia_textblock  '   itemprop=\"text\" ><p style=\"text-align: center;\"><span style=\"font-size: 18pt;\"><strong>Detallan plan de transporte p\u00fablico gratuito en localidades para las elecciones primarias presidenciales<\/strong><\/span><\/p>\n<div id=\"gtx-trans\" style=\"position: absolute; left: -50px; top: 4.31534px;\">\n<div class=\"gtx-trans-icon\"><\/div>\n<\/div>\n<\/div><\/section><\/div><div class=\"flex_column av_one_full  flex_column_div av-zero-column-padding first  avia-builder-el-4  el_after_av_one_full  el_before_av_hr  column-top-margin\" style='border-radius:0px; '><section class=\"av_textblock_section \"  itemscope=\"itemscope\" itemtype=\"https:\/\/schema.org\/BlogPosting\" itemprop=\"blogPost\" ><div class='avia_textblock  '   itemprop=\"text\" ><p style=\"font-weight: 400; text-align: justify;\">Con el fin de dar a conocer los detalles de operaci\u00f3n del transporte p\u00fablico para las elecciones primarias que se desarrollar\u00e1n este domingo en todo el pa\u00eds, la intendenta Margarita Ossa y seremiTT Fabi\u00e1n Rojas informaron que en Ays\u00e9n, 55 recorridos de transporte, movilizar\u00e1n a los habitantes de las localidades aisladas de Ays\u00e9n en forma gratuita.<\/p>\n<p style=\"font-weight: 400; text-align: justify;\">La intendenta, hizo un llamado a los ayseninos a sumarse a este acto democr\u00e1tico, en especial a los habitantes de zonas aisladas que tendr\u00e1n acceso a movilizaci\u00f3n sin costo: \u201cEste 18 de julio volvemos a enfrentar un proceso de elecciones con las primarias presidenciales. Para eso contaremos con 55 servicios de transporte gratuito para los habitantes de Ays\u00e9n con el fin de acercarlos a sus locales de votaci\u00f3n y propiciar este momento que es muy importante para la regi\u00f3n y el pa\u00eds. Los llamamos a participar de estas elecciones por eso es que hemos incorporado estos servicios para que todos puedan hacer uso de su derecho a voto en sus locales correspondientes\u201d, enfatiz\u00f3.<\/p>\n<p style=\"font-weight: 400; text-align: justify;\">En tanto, el seremiTT indic\u00f3\u00a0 que de estos 55 servicios, 19 han sido contratados en forma especial para estas primarias mediante un convenio entre el Ministerio de Transportes y Telecomunicaciones y la Intendencia de Ays\u00e9n.<\/p>\n<p style=\"font-weight: 400; text-align: justify;\">\u201cComo ministerio hemos dispuesto que los servicios subsidiados que operan normalmente durante el a\u00f1o presten servicios el d\u00eda domingo, esto incluye servicios mar\u00edtimos, como los de Tortel, Fiordo Mitchel, Puerto Chacabuco o Puerto Aguirre. Tambi\u00e9n los servicios rurales y de zonas aisladas contar\u00e1n con servicios adicionales el domingo. A eso hay que sumar 19 servicios contratados mediante un convenio, con el que se va a cubrir zonas en que no tenemos transporte habitual, por ejemplo de Los Torreones hacia Puerto Ays\u00e9n, y servicios mar\u00edtimos de Puerto Gala, Puerto Gaviota y Melimoyu hacia Puerto Cisnes\u201d, indic\u00f3 Rojas.<\/p>\n<p style=\"font-weight: 400; text-align: justify;\">Toda la informaci\u00f3n de los servicios dispuestos para estas elecciones se encontrar\u00e1 disponible en el sitio web\u00a0<a href=\"http:\/\/www.mtt.gob.cl\/\" data-saferedirecturl=\"https:\/\/www.google.com\/url?q=http:\/\/www.mtt.gob.cl&amp;source=gmail&amp;ust=1626296120998000&amp;usg=AFQjCNFmdaSIToQwsO9y7oLNQ6lpoIuR1w\">www.mtt.gob.cl<\/a>\u00a0y redes sociales de la cartera.<\/p>\n<\/div><\/section><\/div><div  style='height:50px' class='hr hr-invisible   avia-builder-el-6  el_after_av_one_full  el_before_av_social_share '><span class='hr-inner ' ><span class='hr-inner-style'><\/span><\/span><\/div><\/p>\n<div  class='av-social-sharing-box  avia-builder-el-7  el_after_av_hr  el_before_av_hr  '><div class='av-share-box'><h5 class='av-share-link-description av-no-toc '>Compartir esta noticia<\/h5><ul class='av-share-box-list noLightbox'><li class='av-share-link av-social-link-facebook' ><a target=\"_blank\" aria-label=\"Compartir en Facebook\" href='https:\/\/www.facebook.com\/sharer.php?u=https:\/\/radiorevelacionfm.cl\/?p=6234&#038;t=Detallan%20plan%20de%20transporte%20p%C3%BAblico%20gratuito%20en%20localidades%20para%20las%20elecciones%20primarias%20presidenciales' aria-hidden='false' data-av_icon='\ue8f3' data-av_iconfont='entypo-fontello' title='' data-avia-related-tooltip='Compartir en Facebook' rel=\"noopener\"><span class='avia_hidden_link_text'>Compartir en Facebook<\/span><\/a><\/li><li class='av-share-link av-social-link-twitter' ><a target=\"_blank\" aria-label=\"Compartir en Twitter\" href='https:\/\/twitter.com\/share?text=Detallan%20plan%20de%20transporte%20p%C3%BAblico%20gratuito%20en%20localidades%20para%20las%20elecciones%20primarias%20presidenciales&#038;url=https:\/\/radiorevelacionfm.cl\/?p=6234' aria-hidden='false' data-av_icon='\ue8f1' data-av_iconfont='entypo-fontello' title='' data-avia-related-tooltip='Compartir en Twitter' rel=\"noopener\"><span class='avia_hidden_link_text'>Compartir en Twitter<\/span><\/a><\/li><li class='av-share-link av-social-link-whatsapp' ><a target=\"_blank\" aria-label=\"Compartir en Whatsapp\" href='https:\/\/api.whatsapp.com\/send?text=https:\/\/radiorevelacionfm.cl\/?p=6234' aria-hidden='false' data-av_icon='\uf232' data-av_iconfont='entypo-fontello' title='' data-avia-related-tooltip='Compartir en Whatsapp' rel=\"noopener\"><span class='avia_hidden_link_text'>Compartir en Whatsapp<\/span><\/a><\/li><li class='av-share-link av-social-link-linkedin' ><a target=\"_blank\" aria-label=\"Compartir en LinkedIn\" href='https:\/\/linkedin.com\/shareArticle?mini=true&#038;title=Detallan%20plan%20de%20transporte%20p%C3%BAblico%20gratuito%20en%20localidades%20para%20las%20elecciones%20primarias%20presidenciales&#038;url=https:\/\/radiorevelacionfm.cl\/?p=6234' aria-hidden='false' data-av_icon='\ue8fc' data-av_iconfont='entypo-fontello' title='' data-avia-related-tooltip='Compartir en LinkedIn' rel=\"noopener\"><span class='avia_hidden_link_text'>Compartir en LinkedIn<\/span><\/a><\/li><li class='av-share-link av-social-link-mail' ><a  aria-label=\"Compartir por correo\" href='mailto:?subject=Detallan%20plan%20de%20transporte%20p%C3%BAblico%20gratuito%20en%20localidades%20para%20las%20elecciones%20primarias%20presidenciales&#038;body=https:\/\/radiorevelacionfm.cl\/?p=6234' aria-hidden='false' data-av_icon='\ue805' data-av_iconfont='entypo-fontello' title='' data-avia-related-tooltip='Compartir por correo'><span class='avia_hidden_link_text'>Compartir por correo<\/span><\/a><\/li><\/ul><\/div><\/div>\n<div  style='height:50px' class='hr hr-invisible   avia-builder-el-8  el_after_av_social_share  el_before_av_comments_list '><span class='hr-inner ' ><span class='hr-inner-style'><\/span><\/span><\/div>\n<div  class='av-buildercomment  av-blog-meta-html-info-disabled av-blog-meta-tag-disabled  '><\/div>\n","protected":false},"excerpt":{"rendered":"","protected":false},"author":1,"featured_media":0,"comment_status":"open","ping_status":"open","sticky":false,"template":"","format":"standard","meta":{"footnotes":""},"categories":[59],"tags":[],"class_list":["post-6234","post","type-post","status-publish","format-standard","hentry","category-transporte"],"jetpack_featured_media_url":"","_links":{"self":[{"href":"https:\/\/radiorevelacionfm.cl\/index.php?rest_route=\/wp\/v2\/posts\/6234","targetHints":{"allow":["GET"]}}],"collection":[{"href":"https:\/\/radiorevelacionfm.cl\/index.php?rest_route=\/wp\/v2\/posts"}],"about":[{"href":"https:\/\/radiorevelacionfm.cl\/index.php?rest_route=\/wp\/v2\/types\/post"}],"author":[{"embeddable":true,"href":"https:\/\/radiorevelacionfm.cl\/index.php?rest_route=\/wp\/v2\/users\/1"}],"replies":[{"embeddable":true,"href":"https:\/\/radiorevelacionfm.cl\/index.php?rest_route=%2Fwp%2Fv2%2Fcomments&post=6234"}],"version-history":[{"count":1,"href":"https:\/\/radiorevelacionfm.cl\/index.php?rest_route=\/wp\/v2\/posts\/6234\/revisions"}],"predecessor-version":[{"id":6236,"href":"https:\/\/radiorevelacionfm.cl\/index.php?rest_route=\/wp\/v2\/posts\/6234\/revisions\/6236"}],"wp:attachment":[{"href":"https:\/\/radiorevelacionfm.cl\/index.php?rest_route=%2Fwp%2Fv2%2Fmedia&parent=6234"}],"wp:term":[{"taxonomy":"category","embeddable":true,"href":"https:\/\/radiorevelacionfm.cl\/index.php?rest_route=%2Fwp%2Fv2%2Fcategories&post=6234"},{"taxonomy":"post_tag","embeddable":true,"href":"https:\/\/radiorevelacionfm.cl\/index.php?rest_route=%2Fwp%2Fv2%2Ftags&post=6234"}],"curies":[{"name":"wp","href":"https:\/\/api.w.org\/{rel}","templated":true}]}}