{"id":62337,"date":"2025-12-10T16:20:55","date_gmt":"2025-12-10T19:20:55","guid":{"rendered":"https:\/\/radiorevelacionfm.cl\/?p=62337"},"modified":"2025-12-10T16:20:55","modified_gmt":"2025-12-10T19:20:55","slug":"corte-de-coyhaique-confirma-condena-por-homicidio-frustrado-y-porte-de-arma-y-municiones","status":"publish","type":"post","link":"https:\/\/radiorevelacionfm.cl\/?p=62337","title":{"rendered":"Corte de Coyhaique confirma condena por homicidio frustrado y porte de arma y municiones"},"content":{"rendered":"<div class=\"flex_column av_one_full  flex_column_div av-zero-column-padding first  avia-builder-el-0  el_before_av_one_full  avia-builder-el-first  \" style='border-radius:0px; '><div  class='avia-image-container  av-styling-    avia-builder-el-1  avia-builder-el-no-sibling  avia-align-center '  itemprop=\"image\" itemscope=\"itemscope\" itemtype=\"https:\/\/schema.org\/ImageObject\"  ><div class='avia-image-container-inner'><div class='avia-image-overlay-wrap'><img decoding=\"async\" class='wp-image-34064 avia-img-lazy-loading-not-34064 avia_image' src=\"https:\/\/radiorevelacionfm.cl\/wp-content\/uploads\/2023\/08\/Foto-8-Corte-Coyhaique-1-1.jpg\" alt='' title='Foto 8 Corte Coyhaique (1) (1)' height=\"600\" width=\"772\"  itemprop=\"thumbnailUrl\" srcset=\"https:\/\/radiorevelacionfm.cl\/wp-content\/uploads\/2023\/08\/Foto-8-Corte-Coyhaique-1-1.jpg 772w, https:\/\/radiorevelacionfm.cl\/wp-content\/uploads\/2023\/08\/Foto-8-Corte-Coyhaique-1-1-300x233.jpg 300w, https:\/\/radiorevelacionfm.cl\/wp-content\/uploads\/2023\/08\/Foto-8-Corte-Coyhaique-1-1-768x597.jpg 768w, https:\/\/radiorevelacionfm.cl\/wp-content\/uploads\/2023\/08\/Foto-8-Corte-Coyhaique-1-1-705x548.jpg 705w, https:\/\/radiorevelacionfm.cl\/wp-content\/uploads\/2023\/08\/Foto-8-Corte-Coyhaique-1-1-450x350.jpg 450w, https:\/\/radiorevelacionfm.cl\/wp-content\/uploads\/2023\/08\/Foto-8-Corte-Coyhaique-1-1-600x466.jpg 600w\" sizes=\"(max-width: 772px) 100vw, 772px\" \/><\/div><\/div><\/div><\/div><div class=\"flex_column av_one_full  flex_column_div av-zero-column-padding first  avia-builder-el-2  el_after_av_one_full  el_before_av_one_full  column-top-margin\" style='border-radius:0px; '><section class=\"av_textblock_section \"  itemscope=\"itemscope\" itemtype=\"https:\/\/schema.org\/BlogPosting\" itemprop=\"blogPost\" ><div class='avia_textblock  '   itemprop=\"text\" ><p style=\"text-align: center;\"><span style=\"font-size: 18pt;\"><b>Corte de Coyhaique confirma condena por homicidio frustrado y porte de arma y municiones<\/b><\/span><\/p>\n<div id=\"gtx-trans\" style=\"position: absolute; left: -50px; top: 4.31534px;\">\n<div class=\"gtx-trans-icon\"><\/div>\n<\/div>\n<\/div><\/section><\/div><div class=\"flex_column av_one_full  flex_column_div av-zero-column-padding first  avia-builder-el-4  el_after_av_one_full  el_before_av_hr  column-top-margin\" style='border-radius:0px; '><section class=\"av_textblock_section \"  itemscope=\"itemscope\" itemtype=\"https:\/\/schema.org\/BlogPosting\" itemprop=\"blogPost\" ><div class='avia_textblock  '   itemprop=\"text\" ><p style=\"font-weight: 400; text-align: justify;\">La Corte de Apelaciones de Coyhaique rechaz\u00f3 el recurso de nulidad interpuesto por la defensa en contra de la sentencia que conden\u00f3 a Luis Andr\u00e9s Moraga Castillo a las penas de cumplimiento efectivo de 8 a\u00f1os y 3 a\u00f1os y un d\u00eda de presidio, en calidad de autor del delito frustrado de homicidio simple y porte ilegal de arma de fuego y municiones. Il\u00edcitos perpetrados en diciembre de 2022, en la comuna de Ays\u00e9n.<\/p>\n<p style=\"font-weight: 400; text-align: justify;\">En fallo un\u00e1nime (causa rol 366-2025), la Primera Sala del tribunal de alzada \u2013integrada por los ministros Pedro Castro Espinoza, Jos\u00e9 Ignacio Mora Trujillo y Luis Aedo Mora\u2013 descart\u00f3 infracci\u00f3n al principio de raz\u00f3n suficiente y en la valoraci\u00f3n de la prueba.<\/p>\n<p style=\"font-weight: 400; text-align: justify;\">\u201c(\u2026) se ha podido advertir por esta Corte, que ha quedado en evidencia la elaboraci\u00f3n de una fundamentaci\u00f3n completa en el dictamen jurisdiccional, dotada de elementos de racionalidad y coherencia, sustentada en la herramienta de la corroboraci\u00f3n, que se aleja de toda falta al principio de raz\u00f3n suficiente o de infracci\u00f3n a las m\u00e1ximas de experiencia o a los conocimientos cient\u00edficamente afianzados para el arribo a las conclusiones a que se lleg\u00f3, las cuales son perfectamente reproducibles a partir de las probanzas evaluadas, sin que se presencie en su exposici\u00f3n saltos argumentales que impidan haber inferido, tanto la calificaci\u00f3n jur\u00eddica contenida en el considerando 12\u00b0, respecto del hecho t\u00edpico, antijur\u00eddico y culpable juzgado, como en el 13\u00b0, la forma espec\u00edfica de participaci\u00f3n que era atribuible al acusado en aquel; de manera que se resolver\u00e1 consecuencialmente con ello esta primera vertiente argumental del motivo de nulidad enarbolado por el defensor\u201d, sostiene el fallo.<\/p>\n<p style=\"font-weight: 400; text-align: justify;\">La resoluci\u00f3n agrega que: \u201c(\u2026) lo expuesto constituye demostraci\u00f3n bastante de la err\u00f3nea afirmaci\u00f3n contenida en el planteamiento defensivo, ya que no se ha omitido, en modo alguno, el an\u00e1lisis de la prueba de su hip\u00f3tesis en el dictamen jurisdiccional. Lo que en verdad ha ocurrido es, que se ha llegado a una conclusi\u00f3n diversa a la propuesta efectuada por su parte en favor del acusado, confiriendo raz\u00f3n a la tesis de la Fiscal\u00eda Local por avenirse en mejor forma con el recto razonar y haber obtenido sustento de acreditaci\u00f3n mayor y mejor, que el supuesto alternativo hecho valer por el recurrente\u201d.<\/p>\n<p style=\"font-weight: 400; text-align: justify;\">Por tanto, se resuelve que: \u201c<strong>SE RECHAZA<\/strong>, sin costas, el recurso de nulidad interpuesto por el abogado defensor don Roberto Silva Jara, en representaci\u00f3n del sentenciado Luis Andr\u00e9s Moraga Castillo, en contra de la sentencia definitiva condenatoria, pronunciada el 26 de septiembre del presente a\u00f1o, por la sala \u00fanica del Tribunal de Juicio Oral en lo Penal de Coyhaique, ya singularizada, decidi\u00e9ndose, en consecuencia, que esta no es nula, como tampoco el juicio que le sirvi\u00f3 de fundamento\u201d.<\/p>\n<p style=\"font-weight: 400; text-align: justify;\">El fallo ratificado, dictado por el Tribunal de Juicio Oral en lo Penal de Coyhaique, dio por acreditado, m\u00e1s all\u00e1 de toda duda razonable, que alrededor de las 16:00 horas del 30 de diciembre de 2022, en Puerto Ays\u00e9n, Luis Andr\u00e9s Moraga Castillo dispar\u00f3 un arma de fuego desde el interior del veh\u00edculo que conduc\u00eda, en contra de la v\u00edctima, P.O.V., a quien impact\u00f3 en zona p\u00e9lvica, caus\u00e1ndole una lesi\u00f3n de car\u00e1cter grave que, de no haber recibido atenci\u00f3n m\u00e9dica oportuna y eficaz, pudo causarle la muerte.<\/p>\n<\/div><\/section><\/div><div  style='height:50px' class='hr hr-invisible   avia-builder-el-6  el_after_av_one_full  el_before_av_social_share '><span class='hr-inner ' ><span class='hr-inner-style'><\/span><\/span><\/div><\/p>\n<div  class='av-social-sharing-box  avia-builder-el-7  el_after_av_hr  el_before_av_hr  '><div class='av-share-box'><h5 class='av-share-link-description av-no-toc '>Compartir esta noticia<\/h5><ul class='av-share-box-list noLightbox'><li class='av-share-link av-social-link-facebook' ><a target=\"_blank\" aria-label=\"Compartir en Facebook\" href='https:\/\/www.facebook.com\/sharer.php?u=https:\/\/radiorevelacionfm.cl\/?p=62337&#038;t=Corte%20de%20Coyhaique%20confirma%20condena%20por%20homicidio%20frustrado%20y%20porte%20de%20arma%20y%20municiones' aria-hidden='false' data-av_icon='\ue8f3' data-av_iconfont='entypo-fontello' title='' data-avia-related-tooltip='Compartir en Facebook' rel=\"noopener\"><span class='avia_hidden_link_text'>Compartir en Facebook<\/span><\/a><\/li><li class='av-share-link av-social-link-twitter' ><a target=\"_blank\" aria-label=\"Compartir en Twitter\" href='https:\/\/twitter.com\/share?text=Corte%20de%20Coyhaique%20confirma%20condena%20por%20homicidio%20frustrado%20y%20porte%20de%20arma%20y%20municiones&#038;url=https:\/\/radiorevelacionfm.cl\/?p=62337' aria-hidden='false' data-av_icon='\ue8f1' data-av_iconfont='entypo-fontello' title='' data-avia-related-tooltip='Compartir en Twitter' rel=\"noopener\"><span class='avia_hidden_link_text'>Compartir en Twitter<\/span><\/a><\/li><li class='av-share-link av-social-link-whatsapp' ><a target=\"_blank\" aria-label=\"Compartir en Whatsapp\" href='https:\/\/api.whatsapp.com\/send?text=https:\/\/radiorevelacionfm.cl\/?p=62337' aria-hidden='false' data-av_icon='\uf232' data-av_iconfont='entypo-fontello' title='' data-avia-related-tooltip='Compartir en Whatsapp' rel=\"noopener\"><span class='avia_hidden_link_text'>Compartir en Whatsapp<\/span><\/a><\/li><li class='av-share-link av-social-link-linkedin' ><a target=\"_blank\" aria-label=\"Compartir en LinkedIn\" href='https:\/\/linkedin.com\/shareArticle?mini=true&#038;title=Corte%20de%20Coyhaique%20confirma%20condena%20por%20homicidio%20frustrado%20y%20porte%20de%20arma%20y%20municiones&#038;url=https:\/\/radiorevelacionfm.cl\/?p=62337' aria-hidden='false' data-av_icon='\ue8fc' data-av_iconfont='entypo-fontello' title='' data-avia-related-tooltip='Compartir en LinkedIn' rel=\"noopener\"><span class='avia_hidden_link_text'>Compartir en LinkedIn<\/span><\/a><\/li><li class='av-share-link av-social-link-mail' ><a  aria-label=\"Compartir por correo\" href='mailto:?subject=Corte%20de%20Coyhaique%20confirma%20condena%20por%20homicidio%20frustrado%20y%20porte%20de%20arma%20y%20municiones&#038;body=https:\/\/radiorevelacionfm.cl\/?p=62337' aria-hidden='false' data-av_icon='\ue805' data-av_iconfont='entypo-fontello' title='' data-avia-related-tooltip='Compartir por correo'><span class='avia_hidden_link_text'>Compartir por correo<\/span><\/a><\/li><\/ul><\/div><\/div>\n<div  style='height:50px' class='hr hr-invisible   avia-builder-el-8  el_after_av_social_share  el_before_av_comments_list '><span class='hr-inner ' ><span class='hr-inner-style'><\/span><\/span><\/div>\n<div  class='av-buildercomment  av-blog-meta-html-info-disabled av-blog-meta-tag-disabled  '><\/div>\n","protected":false},"excerpt":{"rendered":"","protected":false},"author":1,"featured_media":34064,"comment_status":"closed","ping_status":"closed","sticky":false,"template":"","format":"standard","meta":{"footnotes":""},"categories":[55],"tags":[],"class_list":["post-62337","post","type-post","status-publish","format-standard","has-post-thumbnail","hentry","category-justicia"],"jetpack_featured_media_url":"https:\/\/radiorevelacionfm.cl\/wp-content\/uploads\/2023\/08\/Foto-8-Corte-Coyhaique-1-1.jpg","_links":{"self":[{"href":"https:\/\/radiorevelacionfm.cl\/index.php?rest_route=\/wp\/v2\/posts\/62337","targetHints":{"allow":["GET"]}}],"collection":[{"href":"https:\/\/radiorevelacionfm.cl\/index.php?rest_route=\/wp\/v2\/posts"}],"about":[{"href":"https:\/\/radiorevelacionfm.cl\/index.php?rest_route=\/wp\/v2\/types\/post"}],"author":[{"embeddable":true,"href":"https:\/\/radiorevelacionfm.cl\/index.php?rest_route=\/wp\/v2\/users\/1"}],"replies":[{"embeddable":true,"href":"https:\/\/radiorevelacionfm.cl\/index.php?rest_route=%2Fwp%2Fv2%2Fcomments&post=62337"}],"version-history":[{"count":2,"href":"https:\/\/radiorevelacionfm.cl\/index.php?rest_route=\/wp\/v2\/posts\/62337\/revisions"}],"predecessor-version":[{"id":62340,"href":"https:\/\/radiorevelacionfm.cl\/index.php?rest_route=\/wp\/v2\/posts\/62337\/revisions\/62340"}],"wp:featuredmedia":[{"embeddable":true,"href":"https:\/\/radiorevelacionfm.cl\/index.php?rest_route=\/wp\/v2\/media\/34064"}],"wp:attachment":[{"href":"https:\/\/radiorevelacionfm.cl\/index.php?rest_route=%2Fwp%2Fv2%2Fmedia&parent=62337"}],"wp:term":[{"taxonomy":"category","embeddable":true,"href":"https:\/\/radiorevelacionfm.cl\/index.php?rest_route=%2Fwp%2Fv2%2Fcategories&post=62337"},{"taxonomy":"post_tag","embeddable":true,"href":"https:\/\/radiorevelacionfm.cl\/index.php?rest_route=%2Fwp%2Fv2%2Ftags&post=62337"}],"curies":[{"name":"wp","href":"https:\/\/api.w.org\/{rel}","templated":true}]}}