{"id":62334,"date":"2025-12-10T14:31:14","date_gmt":"2025-12-10T17:31:14","guid":{"rendered":"https:\/\/radiorevelacionfm.cl\/?p=62334"},"modified":"2025-12-10T14:31:14","modified_gmt":"2025-12-10T17:31:14","slug":"impulsan-formacion-en-hidrogeno-verde-para-transformar-la-matriz-energetica-de-aysen","status":"publish","type":"post","link":"https:\/\/radiorevelacionfm.cl\/?p=62334","title":{"rendered":"Impulsan formaci\u00f3n en hidr\u00f3geno verde para transformar la matriz energ\u00e9tica de Ays\u00e9n"},"content":{"rendered":"<div class=\"flex_column av_one_full  flex_column_div av-zero-column-padding first  avia-builder-el-0  el_before_av_one_full  avia-builder-el-first  \" style='border-radius:0px; '><div  class='avia-image-container  av-styling-    avia-builder-el-1  avia-builder-el-no-sibling  avia-align-center '  itemprop=\"image\" itemscope=\"itemscope\" itemtype=\"https:\/\/schema.org\/ImageObject\"  ><div class='avia-image-container-inner'><div class='avia-image-overlay-wrap'><img decoding=\"async\" class='wp-image-62335 avia-img-lazy-loading-not-62335 avia_image' src=\"https:\/\/radiorevelacionfm.cl\/wp-content\/uploads\/2025\/12\/1000177737-1-1.jpg\" alt='' title='1000177737 (1) (1)' height=\"600\" width=\"932\"  itemprop=\"thumbnailUrl\" srcset=\"https:\/\/radiorevelacionfm.cl\/wp-content\/uploads\/2025\/12\/1000177737-1-1.jpg 932w, https:\/\/radiorevelacionfm.cl\/wp-content\/uploads\/2025\/12\/1000177737-1-1-300x193.jpg 300w, https:\/\/radiorevelacionfm.cl\/wp-content\/uploads\/2025\/12\/1000177737-1-1-768x494.jpg 768w, https:\/\/radiorevelacionfm.cl\/wp-content\/uploads\/2025\/12\/1000177737-1-1-705x454.jpg 705w, https:\/\/radiorevelacionfm.cl\/wp-content\/uploads\/2025\/12\/1000177737-1-1-450x290.jpg 450w, https:\/\/radiorevelacionfm.cl\/wp-content\/uploads\/2025\/12\/1000177737-1-1-600x386.jpg 600w\" sizes=\"(max-width: 932px) 100vw, 932px\" \/><\/div><\/div><\/div><\/div><div class=\"flex_column av_one_full  flex_column_div av-zero-column-padding first  avia-builder-el-2  el_after_av_one_full  el_before_av_one_full  column-top-margin\" style='border-radius:0px; '><section class=\"av_textblock_section \"  itemscope=\"itemscope\" itemtype=\"https:\/\/schema.org\/BlogPosting\" itemprop=\"blogPost\" ><div class='avia_textblock  '   itemprop=\"text\" ><p style=\"text-align: center;\"><strong><span style=\"font-size: 18pt;\">Impulsan formaci\u00f3n en hidr\u00f3geno verde para transformar la matriz energ\u00e9tica de Ays\u00e9n<\/span><\/strong><\/p>\n<div id=\"gtx-trans\" style=\"position: absolute; left: -50px; top: 4.31534px;\">\n<div class=\"gtx-trans-icon\"><\/div>\n<\/div>\n<\/div><\/section><\/div><div class=\"flex_column av_one_full  flex_column_div av-zero-column-padding first  avia-builder-el-4  el_after_av_one_full  el_before_av_hr  column-top-margin\" style='border-radius:0px; '><section class=\"av_textblock_section \"  itemscope=\"itemscope\" itemtype=\"https:\/\/schema.org\/BlogPosting\" itemprop=\"blogPost\" ><div class='avia_textblock  '   itemprop=\"text\" ><p style=\"text-align: justify;\"><em>El programa busca preparar a emprendedores y profesionales para liderar proyectos innovadores que posicionen a la regi\u00f3n en la transici\u00f3n hacia energ\u00edas limpias.<\/em><\/p>\n<p style=\"text-align: justify;\">Corfo present\u00f3 el Programa de Formaci\u00f3n en Hidr\u00f3geno Verde, en el marco del programa Viraliza Formaci\u00f3n, que se desarrollar\u00e1 entre diciembre de 2025 y mayo de 2026 en Coyhaique. Esta propuesta cuenta con financiamiento del Programa de Desarrollo Productivo Sostenible (DPS), impulsado por el Ministerio de Econom\u00eda, Fomento y Turismo con recursos de Corfo, lo que refuerza la articulaci\u00f3n p\u00fablico-privada para avanzar hacia soluciones energ\u00e9ticas sostenibles.<\/p>\n<p style=\"text-align: justify;\">El prop\u00f3sito es entregar herramientas pr\u00e1cticas y conocimientos estrat\u00e9gicos para que emprendedores y profesionales locales aprovechen las oportunidades que ofrece esta industria emergente, clave para la descarbonizaci\u00f3n y el desarrollo sostenible. El plan formativo ser\u00e1 liderado por la Pontificia Universidad Cat\u00f3lica de Chile, que aportar\u00e1 su experiencia a trav\u00e9s de sesiones y talleres dictados por especialistas en energ\u00edas renovables e innovaci\u00f3n tecnol\u00f3gica.<\/p>\n<p style=\"text-align: justify;\">El programa contempla ocho encuentros presenciales, talleres aplicados y una visita t\u00e9cnica a instalaciones solares y e\u00f3licas. M\u00e1s que teor\u00eda, busca generar proyectos concretos y redes de colaboraci\u00f3n que fortalezcan la competitividad regional y abran espacio a nuevas ideas. Esta formaci\u00f3n no solo apunta a la adquisici\u00f3n de conocimientos t\u00e9cnicos, sino tambi\u00e9n a la creaci\u00f3n de capacidades que permitan a la regi\u00f3n posicionarse en la transici\u00f3n energ\u00e9tica global.<\/p>\n<p style=\"text-align: justify;\">APRENDIZAJE PR\u00c1CTICO Y MIRADA TERRITORIAL<\/p>\n<p style=\"text-align: justify;\">La metodolog\u00eda combina clases din\u00e1micas, recursos interactivos y espacios de trabajo colaborativo para que las y los participantes transformen lo aprendido en propuestas reales. Los contenidos recorren toda la cadena de valor del hidr\u00f3geno verde: producci\u00f3n, almacenamiento, aplicaciones en electromovilidad, aspectos ambientales y regulatorios, energ\u00edas renovables y dise\u00f1o de plantas. Cada m\u00f3dulo se complementa con talleres orientados a la formulaci\u00f3n de proyectos que respondan a las necesidades del territorio, asegurando que las ideas generadas tengan impacto concreto en la regi\u00f3n.<\/p>\n<p style=\"text-align: justify;\">Este enfoque pr\u00e1ctico busca que los participantes no solo comprendan la tecnolog\u00eda, sino que identifiquen oportunidades de negocio y desarrollen soluciones que contribuyan a la sostenibilidad. La formaci\u00f3n incluye adem\u00e1s una visita t\u00e9cnica a plantas solares y e\u00f3licas, lo que permitir\u00e1 vincular la teor\u00eda con la realidad energ\u00e9tica local y fortalecer la visi\u00f3n estrat\u00e9gica de quienes liderar\u00e1n la transformaci\u00f3n.<\/p>\n<p style=\"text-align: justify;\">Chile est\u00e1 entre los pa\u00edses con mayor potencial para producir hidr\u00f3geno verde gracias a sus recursos naturales. Estudios internacionales proyectan inversiones superiores a los 30 mil millones de d\u00f3lares y la generaci\u00f3n de miles de empleos en los pr\u00f3ximos a\u00f1os. En este contexto, Ays\u00e9n, con su riqueza h\u00eddrica y e\u00f3lica, tiene condiciones \u00fanicas para convertirse en un referente energ\u00e9tico limpio y competitivo. Sin embargo, para aprovechar estas oportunidades, es fundamental contar con capital humano especializado y con proyectos que respondan a las demandas del mercado global.<\/p>\n<p style=\"text-align: justify;\">Humberto Mar\u00edn Leiva, director de Corfo Ays\u00e9n detall\u00f3 que la transici\u00f3n energ\u00e9tica no es solo un desaf\u00edo tecnol\u00f3gico, sino tambi\u00e9n social y econ\u00f3mico. Por eso, este programa busca democratizar el acceso a conocimientos especializados y promover la articulaci\u00f3n entre el sector p\u00fablico, la academia y el ecosistema emprendedor. Esta colaboraci\u00f3n es clave para generar soluciones que mejoren la econom\u00eda regional y la calidad de vida de sus habitantes.<\/p>\n<p style=\"text-align: justify;\">\u201cEste programa es una apuesta estrat\u00e9gica para que Ays\u00e9n se sume a la transici\u00f3n energ\u00e9tica global. Queremos que emprendedores y profesionales locales lideren proyectos que no solo impulsen la innovaci\u00f3n, sino que tambi\u00e9n contribuyan a la sostenibilidad y equidad territorial\u201d, afirm\u00f3 Mar\u00edn. Agreg\u00f3 que la iniciativa cuenta con financiamiento del Programa de Desarrollo Productivo Sostenible (DPS), lo que refuerza la articulaci\u00f3n p\u00fablico-privada para avanzar hacia soluciones energ\u00e9ticas sostenibles y enfrentar los desaf\u00edos del cambio clim\u00e1tico y la descarbonizaci\u00f3n.<\/p>\n<p style=\"text-align: justify;\">Finalmente, explic\u00f3 que Corfo proyecta la creaci\u00f3n de una red regional de expertos y emprendedores que impulse proyectos innovadores y consolide a Ays\u00e9n como protagonista en la agenda nacional de energ\u00edas renovables. \u201cCon esta apuesta, la regi\u00f3n se prepara para dar un paso decisivo hacia un futuro m\u00e1s sostenible, competitivo y alineado con los desaf\u00edos globales\u201d, concluy\u00f3 Mar\u00edn.<\/p>\n<p style=\"text-align: justify;\">Las inscripciones estar\u00e1n abiertas hasta el 31 de diciembre, en el siguiente formulario\u00a0<a href=\"https:\/\/forms.gle\/vGg6DwsF2FdtujmC9\">https:\/\/forms.gle\/vGg6DwsF2FdtujmC9<\/a>\u00a0con cupos limitados.<\/p>\n<\/div><\/section><\/div><div  style='height:50px' class='hr hr-invisible   avia-builder-el-6  el_after_av_one_full  el_before_av_social_share '><span class='hr-inner ' ><span class='hr-inner-style'><\/span><\/span><\/div><\/p>\n<div  class='av-social-sharing-box  avia-builder-el-7  el_after_av_hr  el_before_av_hr  '><div class='av-share-box'><h5 class='av-share-link-description av-no-toc '>Compartir esta noticia<\/h5><ul class='av-share-box-list noLightbox'><li class='av-share-link av-social-link-facebook' ><a target=\"_blank\" aria-label=\"Compartir en Facebook\" href='https:\/\/www.facebook.com\/sharer.php?u=https:\/\/radiorevelacionfm.cl\/?p=62334&#038;t=Impulsan%20formaci%C3%B3n%20en%20hidr%C3%B3geno%20verde%20para%20transformar%20la%20matriz%20energ%C3%A9tica%20de%20Ays%C3%A9n' aria-hidden='false' data-av_icon='\ue8f3' data-av_iconfont='entypo-fontello' title='' data-avia-related-tooltip='Compartir en Facebook' rel=\"noopener\"><span class='avia_hidden_link_text'>Compartir en Facebook<\/span><\/a><\/li><li class='av-share-link av-social-link-twitter' ><a target=\"_blank\" aria-label=\"Compartir en Twitter\" href='https:\/\/twitter.com\/share?text=Impulsan%20formaci%C3%B3n%20en%20hidr%C3%B3geno%20verde%20para%20transformar%20la%20matriz%20energ%C3%A9tica%20de%20Ays%C3%A9n&#038;url=https:\/\/radiorevelacionfm.cl\/?p=62334' aria-hidden='false' data-av_icon='\ue8f1' data-av_iconfont='entypo-fontello' title='' data-avia-related-tooltip='Compartir en Twitter' rel=\"noopener\"><span class='avia_hidden_link_text'>Compartir en Twitter<\/span><\/a><\/li><li class='av-share-link av-social-link-whatsapp' ><a target=\"_blank\" aria-label=\"Compartir en Whatsapp\" href='https:\/\/api.whatsapp.com\/send?text=https:\/\/radiorevelacionfm.cl\/?p=62334' aria-hidden='false' data-av_icon='\uf232' data-av_iconfont='entypo-fontello' title='' data-avia-related-tooltip='Compartir en Whatsapp' rel=\"noopener\"><span class='avia_hidden_link_text'>Compartir en Whatsapp<\/span><\/a><\/li><li class='av-share-link av-social-link-linkedin' ><a target=\"_blank\" aria-label=\"Compartir en LinkedIn\" href='https:\/\/linkedin.com\/shareArticle?mini=true&#038;title=Impulsan%20formaci%C3%B3n%20en%20hidr%C3%B3geno%20verde%20para%20transformar%20la%20matriz%20energ%C3%A9tica%20de%20Ays%C3%A9n&#038;url=https:\/\/radiorevelacionfm.cl\/?p=62334' aria-hidden='false' data-av_icon='\ue8fc' data-av_iconfont='entypo-fontello' title='' data-avia-related-tooltip='Compartir en LinkedIn' rel=\"noopener\"><span class='avia_hidden_link_text'>Compartir en LinkedIn<\/span><\/a><\/li><li class='av-share-link av-social-link-mail' ><a  aria-label=\"Compartir por correo\" href='mailto:?subject=Impulsan%20formaci%C3%B3n%20en%20hidr%C3%B3geno%20verde%20para%20transformar%20la%20matriz%20energ%C3%A9tica%20de%20Ays%C3%A9n&#038;body=https:\/\/radiorevelacionfm.cl\/?p=62334' aria-hidden='false' data-av_icon='\ue805' data-av_iconfont='entypo-fontello' title='' data-avia-related-tooltip='Compartir por correo'><span class='avia_hidden_link_text'>Compartir por correo<\/span><\/a><\/li><\/ul><\/div><\/div>\n<div  style='height:50px' class='hr hr-invisible   avia-builder-el-8  el_after_av_social_share  el_before_av_comments_list '><span class='hr-inner ' ><span class='hr-inner-style'><\/span><\/span><\/div>\n<div  class='av-buildercomment  av-blog-meta-html-info-disabled av-blog-meta-tag-disabled  '><\/div>\n","protected":false},"excerpt":{"rendered":"","protected":false},"author":1,"featured_media":62335,"comment_status":"closed","ping_status":"closed","sticky":false,"template":"","format":"standard","meta":{"footnotes":""},"categories":[38],"tags":[],"class_list":["post-62334","post","type-post","status-publish","format-standard","has-post-thumbnail","hentry","category-regional"],"jetpack_featured_media_url":"https:\/\/radiorevelacionfm.cl\/wp-content\/uploads\/2025\/12\/1000177737-1-1.jpg","_links":{"self":[{"href":"https:\/\/radiorevelacionfm.cl\/index.php?rest_route=\/wp\/v2\/posts\/62334","targetHints":{"allow":["GET"]}}],"collection":[{"href":"https:\/\/radiorevelacionfm.cl\/index.php?rest_route=\/wp\/v2\/posts"}],"about":[{"href":"https:\/\/radiorevelacionfm.cl\/index.php?rest_route=\/wp\/v2\/types\/post"}],"author":[{"embeddable":true,"href":"https:\/\/radiorevelacionfm.cl\/index.php?rest_route=\/wp\/v2\/users\/1"}],"replies":[{"embeddable":true,"href":"https:\/\/radiorevelacionfm.cl\/index.php?rest_route=%2Fwp%2Fv2%2Fcomments&post=62334"}],"version-history":[{"count":2,"href":"https:\/\/radiorevelacionfm.cl\/index.php?rest_route=\/wp\/v2\/posts\/62334\/revisions"}],"predecessor-version":[{"id":62339,"href":"https:\/\/radiorevelacionfm.cl\/index.php?rest_route=\/wp\/v2\/posts\/62334\/revisions\/62339"}],"wp:featuredmedia":[{"embeddable":true,"href":"https:\/\/radiorevelacionfm.cl\/index.php?rest_route=\/wp\/v2\/media\/62335"}],"wp:attachment":[{"href":"https:\/\/radiorevelacionfm.cl\/index.php?rest_route=%2Fwp%2Fv2%2Fmedia&parent=62334"}],"wp:term":[{"taxonomy":"category","embeddable":true,"href":"https:\/\/radiorevelacionfm.cl\/index.php?rest_route=%2Fwp%2Fv2%2Fcategories&post=62334"},{"taxonomy":"post_tag","embeddable":true,"href":"https:\/\/radiorevelacionfm.cl\/index.php?rest_route=%2Fwp%2Fv2%2Ftags&post=62334"}],"curies":[{"name":"wp","href":"https:\/\/api.w.org\/{rel}","templated":true}]}}