{"id":62325,"date":"2025-12-10T12:24:38","date_gmt":"2025-12-10T15:24:38","guid":{"rendered":"https:\/\/radiorevelacionfm.cl\/?p=62325"},"modified":"2025-12-10T12:24:38","modified_gmt":"2025-12-10T15:24:38","slug":"docentes-y-educadoras-de-aysen-participan-en-el-campamento-explora-va-para-impulsar-las-ciencias-y-la-innovacion-en-el-aula","status":"publish","type":"post","link":"https:\/\/radiorevelacionfm.cl\/?p=62325","title":{"rendered":"Docentes y educadoras de Ays\u00e9n participan en el Campamento Explora VA! para impulsar las ciencias y la innovaci\u00f3n en el aula"},"content":{"rendered":"<div class=\"flex_column av_one_full  flex_column_div av-zero-column-padding first  avia-builder-el-0  el_before_av_one_full  avia-builder-el-first  \" style='border-radius:0px; '><div  class='avia-image-container  av-styling-    avia-builder-el-1  avia-builder-el-no-sibling  avia-align-center '  itemprop=\"image\" itemscope=\"itemscope\" itemtype=\"https:\/\/schema.org\/ImageObject\"  ><div class='avia-image-container-inner'><div class='avia-image-overlay-wrap'><img decoding=\"async\" class='wp-image-62326 avia-img-lazy-loading-not-62326 avia_image' src=\"https:\/\/radiorevelacionfm.cl\/wp-content\/uploads\/2025\/12\/explora-va3-1_optimized.jpeg\" alt='' title='explora-va3-(1)_optimized' height=\"600\" width=\"800\"  itemprop=\"thumbnailUrl\" srcset=\"https:\/\/radiorevelacionfm.cl\/wp-content\/uploads\/2025\/12\/explora-va3-1_optimized.jpeg 800w, https:\/\/radiorevelacionfm.cl\/wp-content\/uploads\/2025\/12\/explora-va3-1_optimized-300x225.jpeg 300w, https:\/\/radiorevelacionfm.cl\/wp-content\/uploads\/2025\/12\/explora-va3-1_optimized-768x576.jpeg 768w, https:\/\/radiorevelacionfm.cl\/wp-content\/uploads\/2025\/12\/explora-va3-1_optimized-705x529.jpeg 705w, https:\/\/radiorevelacionfm.cl\/wp-content\/uploads\/2025\/12\/explora-va3-1_optimized-450x338.jpeg 450w, https:\/\/radiorevelacionfm.cl\/wp-content\/uploads\/2025\/12\/explora-va3-1_optimized-600x450.jpeg 600w\" sizes=\"(max-width: 800px) 100vw, 800px\" \/><\/div><\/div><\/div><\/div><div class=\"flex_column av_one_full  flex_column_div av-zero-column-padding first  avia-builder-el-2  el_after_av_one_full  el_before_av_one_full  column-top-margin\" style='border-radius:0px; '><section class=\"av_textblock_section \"  itemscope=\"itemscope\" itemtype=\"https:\/\/schema.org\/BlogPosting\" itemprop=\"blogPost\" ><div class='avia_textblock  '   itemprop=\"text\" ><p style=\"text-align: center;\"><strong><span style=\"font-size: 18pt;\">Docentes y educadoras de Ays\u00e9n participan en el Campamento Explora VA! para impulsar las ciencias y la innovaci\u00f3n en el aula<\/span><\/strong><\/p>\n<div id=\"gtx-trans\" style=\"position: absolute; left: -50px; top: 4.31534px;\">\n<div class=\"gtx-trans-icon\"><\/div>\n<\/div>\n<\/div><\/section><\/div><div class=\"flex_column av_one_full  flex_column_div av-zero-column-padding first  avia-builder-el-4  el_after_av_one_full  el_before_av_hr  column-top-margin\" style='border-radius:0px; '><section class=\"av_textblock_section \"  itemscope=\"itemscope\" itemtype=\"https:\/\/schema.org\/BlogPosting\" itemprop=\"blogPost\" ><div class='avia_textblock  '   itemprop=\"text\" ><p style=\"text-align: justify;\"><em>Durante cinco d\u00edas en Puerto Ays\u00e9n, docentes y educadoras de seis comunas de la regi\u00f3n participaron en la instancia formativa del Proyecto Explora Ays\u00e9n para fortalecer sus pr\u00e1cticas pedag\u00f3gicas a trav\u00e9s de las ciencias y la innovaci\u00f3n. <\/em><\/p>\n<p style=\"text-align: justify;\">Entre el 25 y el 29\u00a0 de noviembre se realiz\u00f3 la capacitaci\u00f3n del programa Campamento Explora VA!, una instancia que contempl\u00f3 actividades te\u00f3rico-pr\u00e1cticas, espacios de reflexi\u00f3n y trabajo colaborativo desde la inmersi\u00f3n en la naturaleza y la comprensi\u00f3n del territorio regional, con el objetivo de potenciar los conocimientos cient\u00edficos y metodolog\u00edas de aprendizajes en las distintas comunidades educativas de la regi\u00f3n.<\/p>\n<p style=\"text-align: justify;\">El Campamento Explora VA! es una iniciativa implementada por el Proyecto Explora Ays\u00e9n del Ministerio de Ciencia, Tecnolog\u00eda, Conocimiento e Innovaci\u00f3n y el Campus Patagonia de la Universidad Austral de Chile, que busca fortalecer las competencias en ciencias, conocimiento e innovaci\u00f3n en las comunidades educativas, adem\u00e1s de promover la formaci\u00f3n de comunidades de aprendizaje y redes de colaboraci\u00f3n entre las y los docentes.<\/p>\n<p style=\"text-align: justify;\">La capacitaci\u00f3n presencial marca el inicio de la ruta formativa del Campamento que continuar\u00e1 hasta finales del pr\u00f3ximo a\u00f1o con la implementaci\u00f3n de una secuencia did\u00e1ctica en el aula y la transferencia metodol\u00f3gica en las comunidades educativas de cada participante.<\/p>\n<p style=\"text-align: justify;\"><strong>Aprender desde el maritorio, crear desde el arte y transformar con proyectos<\/strong><\/p>\n<p style=\"text-align: justify;\">Las jornadas se centraron en tem\u00e1ticas como la biodiversidad marina y el Aprendizaje Basado en Proyectos (APB) desde una mirada territorial, mediante espacios de aprendizaje, salidas a terreno y actividades guiadas por las relatoras Paula Ortiz, doctora en Ciencias Marinas e investigadora residente del Centro de Investigaci\u00f3n en Ecosistemas de la Patagonia y Patricia Thibaut, doctora en Educaci\u00f3n y acad\u00e9mica de la Facultad de Filosof\u00eda y Humanidades de la Universidad Austral de Chile.<\/p>\n<p style=\"text-align: justify;\">Respecto a las oportunidades que ofrece el mar de Ays\u00e9n para la indagaci\u00f3n cient\u00edfica, la Dra. Ortiz, se\u00f1al\u00f3: \u201cEst\u00e1 la posibilidad directa con la naturaleza, de una ciencia m\u00e1s profunda, como es la ciencia b\u00e1sica, pero tambi\u00e9n est\u00e1 esa ciencia del d\u00eda a d\u00eda, del cotidiano, de toda la gente que trabaja en el litoral, de todos los usos que hay en el maritorio, que de alguna u otra manera nos conectan a todos. Por lo tanto, las ciencias naturales, las ciencias sociales, las ciencias econ\u00f3micas, las ciencias de la educaci\u00f3n, todas convergen en el lugar maravilloso que es el litoral de Ays\u00e9n\u201d.<\/p>\n<p style=\"text-align: justify;\">Por su parte, la Dra. Patricia Thibaut destac\u00f3 el rol de las y los participantes para llevar metodolog\u00edas como el Aprendizaje Basado en Proyectos al aula: \u201cLas y los profesores son quienes tienen el mayor conocimiento sobre su territorio y conocen muy bien las posibilidades de aplicaci\u00f3n. Esto es justamente lo que valoro de estas instancias en las cuales ellos tambi\u00e9n pueden empoderarse de su propia agencia y traspasarla al aula\u201d.<\/p>\n<p style=\"text-align: justify;\">El arte y la conformaci\u00f3n de comunidades de aprendizaje tambi\u00e9n fueron parte de las jornadas. Se realizaron talleres de ilustraci\u00f3n junto a B\u00e1rbara Pinilla del Taller Ra\u00edz y Rama, quien present\u00f3 t\u00e9cnicas art\u00edsticas para explorar la biodiversidad y ecosistemas marinos. Adem\u00e1s, las y los docentes participaron en din\u00e1micas colaborativas orientadas a fortalecer comunidades de aprendizaje a trav\u00e9s de la t\u00e9cnica de fieltro amasado,\u00a0 guiadas por la organizaci\u00f3n Pulso Austral.<\/p>\n<p style=\"text-align: justify;\">Sobre las jornadas, Karina Ocampo, encargada del Campamento Explora VA!, coment\u00f3: \u201cEsperamos que la metodolog\u00eda y contenido cient\u00edfico abordado desde la pertinencia territorial se instalen y fortalezcan en los jardines infantiles y establecimientos educacionales participantes. Apuntando siempre a que ambas tem\u00e1ticas se contin\u00faen abordando desde pr\u00e1cticas transversales y colectivas dentro de las comunidades educativas, y que cada docente y educadora se empodere y construya como agente educativo, promoviendo v\u00ednculos directos con cient\u00edficas y cient\u00edficos\u201d.<\/p>\n<p style=\"text-align: justify;\">El Campamento Explora VA! continuar\u00e1 hasta noviembre de 2026. Durante este periodo las y los participantes implementar\u00e1n en aula una secuencia did\u00e1ctica con las herramientas y metodolog\u00edas aprendidas, y las transferir\u00e1n a sus comunidades educativas con el apoyo continuo de Explora Ays\u00e9n.<\/p>\n<\/div><\/section><\/div><div  style='height:50px' class='hr hr-invisible   avia-builder-el-6  el_after_av_one_full  el_before_av_social_share '><span class='hr-inner ' ><span class='hr-inner-style'><\/span><\/span><\/div><\/p>\n<div  class='av-social-sharing-box  avia-builder-el-7  el_after_av_hr  el_before_av_hr  '><div class='av-share-box'><h5 class='av-share-link-description av-no-toc '>Compartir esta noticia<\/h5><ul class='av-share-box-list noLightbox'><li class='av-share-link av-social-link-facebook' ><a target=\"_blank\" aria-label=\"Compartir en Facebook\" href='https:\/\/www.facebook.com\/sharer.php?u=https:\/\/radiorevelacionfm.cl\/?p=62325&#038;t=Docentes%20y%20educadoras%20de%20Ays%C3%A9n%20participan%20en%20el%20Campamento%20Explora%20VA%21%20para%20impulsar%20las%20ciencias%20y%20la%20innovaci%C3%B3n%20en%20el%20aula' aria-hidden='false' data-av_icon='\ue8f3' data-av_iconfont='entypo-fontello' title='' data-avia-related-tooltip='Compartir en Facebook' rel=\"noopener\"><span class='avia_hidden_link_text'>Compartir en Facebook<\/span><\/a><\/li><li class='av-share-link av-social-link-twitter' ><a target=\"_blank\" aria-label=\"Compartir en Twitter\" href='https:\/\/twitter.com\/share?text=Docentes%20y%20educadoras%20de%20Ays%C3%A9n%20participan%20en%20el%20Campamento%20Explora%20VA%21%20para%20impulsar%20las%20ciencias%20y%20la%20innovaci%C3%B3n%20en%20el%20aula&#038;url=https:\/\/radiorevelacionfm.cl\/?p=62325' aria-hidden='false' data-av_icon='\ue8f1' data-av_iconfont='entypo-fontello' title='' data-avia-related-tooltip='Compartir en Twitter' rel=\"noopener\"><span class='avia_hidden_link_text'>Compartir en Twitter<\/span><\/a><\/li><li class='av-share-link av-social-link-whatsapp' ><a target=\"_blank\" aria-label=\"Compartir en Whatsapp\" href='https:\/\/api.whatsapp.com\/send?text=https:\/\/radiorevelacionfm.cl\/?p=62325' aria-hidden='false' data-av_icon='\uf232' data-av_iconfont='entypo-fontello' title='' data-avia-related-tooltip='Compartir en Whatsapp' rel=\"noopener\"><span class='avia_hidden_link_text'>Compartir en Whatsapp<\/span><\/a><\/li><li class='av-share-link av-social-link-linkedin' ><a target=\"_blank\" aria-label=\"Compartir en LinkedIn\" href='https:\/\/linkedin.com\/shareArticle?mini=true&#038;title=Docentes%20y%20educadoras%20de%20Ays%C3%A9n%20participan%20en%20el%20Campamento%20Explora%20VA%21%20para%20impulsar%20las%20ciencias%20y%20la%20innovaci%C3%B3n%20en%20el%20aula&#038;url=https:\/\/radiorevelacionfm.cl\/?p=62325' aria-hidden='false' data-av_icon='\ue8fc' data-av_iconfont='entypo-fontello' title='' data-avia-related-tooltip='Compartir en LinkedIn' rel=\"noopener\"><span class='avia_hidden_link_text'>Compartir en LinkedIn<\/span><\/a><\/li><li class='av-share-link av-social-link-mail' ><a  aria-label=\"Compartir por correo\" href='mailto:?subject=Docentes%20y%20educadoras%20de%20Ays%C3%A9n%20participan%20en%20el%20Campamento%20Explora%20VA%21%20para%20impulsar%20las%20ciencias%20y%20la%20innovaci%C3%B3n%20en%20el%20aula&#038;body=https:\/\/radiorevelacionfm.cl\/?p=62325' aria-hidden='false' data-av_icon='\ue805' data-av_iconfont='entypo-fontello' title='' data-avia-related-tooltip='Compartir por correo'><span class='avia_hidden_link_text'>Compartir por correo<\/span><\/a><\/li><\/ul><\/div><\/div>\n<div  style='height:50px' class='hr hr-invisible   avia-builder-el-8  el_after_av_social_share  el_before_av_comments_list '><span class='hr-inner ' ><span class='hr-inner-style'><\/span><\/span><\/div>\n<div  class='av-buildercomment  av-blog-meta-html-info-disabled av-blog-meta-tag-disabled  '><\/div>\n","protected":false},"excerpt":{"rendered":"","protected":false},"author":1,"featured_media":62326,"comment_status":"closed","ping_status":"closed","sticky":false,"template":"","format":"standard","meta":{"footnotes":""},"categories":[49],"tags":[],"class_list":["post-62325","post","type-post","status-publish","format-standard","has-post-thumbnail","hentry","category-educacion"],"jetpack_featured_media_url":"https:\/\/radiorevelacionfm.cl\/wp-content\/uploads\/2025\/12\/explora-va3-1_optimized.jpeg","_links":{"self":[{"href":"https:\/\/radiorevelacionfm.cl\/index.php?rest_route=\/wp\/v2\/posts\/62325","targetHints":{"allow":["GET"]}}],"collection":[{"href":"https:\/\/radiorevelacionfm.cl\/index.php?rest_route=\/wp\/v2\/posts"}],"about":[{"href":"https:\/\/radiorevelacionfm.cl\/index.php?rest_route=\/wp\/v2\/types\/post"}],"author":[{"embeddable":true,"href":"https:\/\/radiorevelacionfm.cl\/index.php?rest_route=\/wp\/v2\/users\/1"}],"replies":[{"embeddable":true,"href":"https:\/\/radiorevelacionfm.cl\/index.php?rest_route=%2Fwp%2Fv2%2Fcomments&post=62325"}],"version-history":[{"count":2,"href":"https:\/\/radiorevelacionfm.cl\/index.php?rest_route=\/wp\/v2\/posts\/62325\/revisions"}],"predecessor-version":[{"id":62328,"href":"https:\/\/radiorevelacionfm.cl\/index.php?rest_route=\/wp\/v2\/posts\/62325\/revisions\/62328"}],"wp:featuredmedia":[{"embeddable":true,"href":"https:\/\/radiorevelacionfm.cl\/index.php?rest_route=\/wp\/v2\/media\/62326"}],"wp:attachment":[{"href":"https:\/\/radiorevelacionfm.cl\/index.php?rest_route=%2Fwp%2Fv2%2Fmedia&parent=62325"}],"wp:term":[{"taxonomy":"category","embeddable":true,"href":"https:\/\/radiorevelacionfm.cl\/index.php?rest_route=%2Fwp%2Fv2%2Fcategories&post=62325"},{"taxonomy":"post_tag","embeddable":true,"href":"https:\/\/radiorevelacionfm.cl\/index.php?rest_route=%2Fwp%2Fv2%2Ftags&post=62325"}],"curies":[{"name":"wp","href":"https:\/\/api.w.org\/{rel}","templated":true}]}}