{"id":62323,"date":"2025-12-10T12:50:06","date_gmt":"2025-12-10T15:50:06","guid":{"rendered":"https:\/\/radiorevelacionfm.cl\/?p=62323"},"modified":"2025-12-10T12:52:50","modified_gmt":"2025-12-10T15:52:50","slug":"hospital-de-puerto-aysen-reune-el-mayor-equipo-odontologico-especializado-de-la-region","status":"publish","type":"post","link":"https:\/\/radiorevelacionfm.cl\/?p=62323","title":{"rendered":"Hospital de Puerto Ays\u00e9n re\u00fane el mayor equipo odontol\u00f3gico especializado de la regi\u00f3n"},"content":{"rendered":"<div class=\"flex_column av_one_full  flex_column_div av-zero-column-padding first  avia-builder-el-0  el_before_av_one_full  avia-builder-el-first  \" style='border-radius:0px; '><div  class='avia-image-container  av-styling-    avia-builder-el-1  avia-builder-el-no-sibling  avia-align-center '  itemprop=\"image\" itemscope=\"itemscope\" itemtype=\"https:\/\/schema.org\/ImageObject\"  ><div class='avia-image-container-inner'><div class='avia-image-overlay-wrap'><img decoding=\"async\" class='wp-image-62330 avia-img-lazy-loading-not-62330 avia_image' src=\"https:\/\/radiorevelacionfm.cl\/wp-content\/uploads\/2025\/12\/microscopio-dental-009-1_optimized.jpg\" alt='' title='microscopio-dental-009-(1)_optimized' height=\"600\" width=\"900\"  itemprop=\"thumbnailUrl\" srcset=\"https:\/\/radiorevelacionfm.cl\/wp-content\/uploads\/2025\/12\/microscopio-dental-009-1_optimized.jpg 900w, https:\/\/radiorevelacionfm.cl\/wp-content\/uploads\/2025\/12\/microscopio-dental-009-1_optimized-300x200.jpg 300w, https:\/\/radiorevelacionfm.cl\/wp-content\/uploads\/2025\/12\/microscopio-dental-009-1_optimized-768x512.jpg 768w, https:\/\/radiorevelacionfm.cl\/wp-content\/uploads\/2025\/12\/microscopio-dental-009-1_optimized-705x470.jpg 705w, https:\/\/radiorevelacionfm.cl\/wp-content\/uploads\/2025\/12\/microscopio-dental-009-1_optimized-450x300.jpg 450w, https:\/\/radiorevelacionfm.cl\/wp-content\/uploads\/2025\/12\/microscopio-dental-009-1_optimized-600x400.jpg 600w\" sizes=\"(max-width: 900px) 100vw, 900px\" \/><\/div><\/div><\/div><\/div>\n<div class=\"flex_column av_one_full  flex_column_div av-zero-column-padding first  avia-builder-el-2  el_after_av_one_full  el_before_av_one_full  column-top-margin\" style='border-radius:0px; '><section class=\"av_textblock_section \"  itemscope=\"itemscope\" itemtype=\"https:\/\/schema.org\/BlogPosting\" itemprop=\"blogPost\" ><div class='avia_textblock  '   itemprop=\"text\" ><p style=\"text-align: center;\"><span style=\"font-size: 18pt;\"><b><span lang=\"ES-TRAD\">Hospital de Puerto Ays<\/span><\/b><b><span lang=\"FR\">\u00e9<\/span><\/b><b><span lang=\"EN-US\">n re<\/span><\/b><b>\u00fa<\/b><b><span lang=\"ES-TRAD\">ne el mayor equipo odontol\u00f3gico especializado de la regi\u00f3<\/span><\/b><b>n<\/b><\/span><\/p>\n<div id=\"gtx-trans\" style=\"position: absolute; left: -50px; top: 4.31534px;\">\n<div class=\"gtx-trans-icon\"><\/div>\n<\/div>\n<\/div><\/section><\/div>\n<div class=\"flex_column av_one_full  flex_column_div av-zero-column-padding first  avia-builder-el-4  el_after_av_one_full  el_before_av_hr  column-top-margin\" style='border-radius:0px; '><section class=\"av_textblock_section \"  itemscope=\"itemscope\" itemtype=\"https:\/\/schema.org\/BlogPosting\" itemprop=\"blogPost\" ><div class='avia_textblock  '   itemprop=\"text\" ><p style=\"text-align: justify;\"><span lang=\"ES-TRAD\">Este 2025, el Hospital de Puerto Ays<\/span><span lang=\"FR\">\u00e9<\/span><span lang=\"ES-TRAD\">n ha dado un paso significativo en el fortalecimiento de su capacidad resolutiva en salud bucal, posicion<\/span><span lang=\"EN-US\">\u00e1<\/span><span lang=\"ES-TRAD\">ndose como el\u00a0<\/span><span lang=\"EN-US\">\u00fa<\/span><span lang=\"ES-TRAD\">nico establecimiento de la Red Asistencial del Servicio de Salud Ays\u00e9n, que cuenta con todas las especialidades odontol\u00f3gicas reconocidas por el Ministerio de Salud y con equipamiento de alta tecnolog<\/span><span lang=\"EN-US\">\u00ed<\/span><span lang=\"ES-TRAD\">a comparable al de los principales centros del pa<\/span><span lang=\"EN-US\">\u00ed<\/span><span lang=\"PT\">s.<\/span><\/p>\n<p style=\"text-align: justify;\"><span lang=\"ES-TRAD\">El Servicio de Especialidades Odontol\u00f3gicas del hospital, cuenta con una dotaci\u00f3n completa de 16 especialistas en\u00a0<\/span><span lang=\"EN-US\">\u00e1<\/span><span lang=\"PT\">reas como cirug<\/span><span lang=\"EN-US\">\u00ed<\/span><span lang=\"ES-TRAD\">a maxilofacial, rehabilitaci\u00f3n<\/span><span lang=\"EN-US\"> oral, implantolog\u00ed<\/span><span lang=\"IT\">a, endodoncia, periodoncia, odontopediatr<\/span><span lang=\"EN-US\">\u00eda, radiolog\u00ed<\/span><span lang=\"ES-TRAD\">a y trastornos temporomandibulares, entre otras.<\/span><\/p>\n<p style=\"text-align: justify;\"><span dir=\"RTL\" lang=\"AR-SA\">\u201c<\/span><span lang=\"ES-TRAD\">Contar con todas las especialidades reunidas en un mismo servicio nos posibilita entregar una atenci\u00f3n continua, desde el diagn\u00f3stico hasta la rehabilitaci\u00f3n final. Esto no solo mejora la experiencia del paciente, sino que eleva el est<\/span><span lang=\"EN-US\">\u00e1<\/span><span lang=\"PT\">ndar cl<\/span><span lang=\"EN-US\">\u00ed<\/span><span lang=\"ES-TRAD\">nico y nos posiciona como un referente regional en salud bucal<\/span><span lang=\"EN-US\">\u201d<\/span><span lang=\"ES-TRAD\">, destaca el odont\u00f3<\/span><span lang=\"PT\">logo Dr. Wilson Fa<\/span><span lang=\"EN-US\">\u00fa<\/span><span lang=\"ES-TRAD\">ndez, jefe del Servicio de Especialidades Odontol\u00f3<\/span><span lang=\"PT\">gicas.<\/span><\/p>\n<p style=\"text-align: justify;\"><span lang=\"ES-TRAD\">Esta estructura integral ha hecho posible reducir a la mitad los tiempos de espera para recibir atenci\u00f3<\/span><span lang=\"EN-US\">n odontol<\/span><span lang=\"ES-TRAD\">\u00f3gica, y tambi<\/span><span lang=\"FR\">\u00e9<\/span><span lang=\"ES-TRAD\">n ha favorecido que los profesionales aborden de manera completa casos de diversa complejidad, brindando a la comunidad acceso cercano y oportuno a sus tratamientos.<\/span><\/p>\n<p style=\"text-align: justify;\"><span lang=\"ES-TRAD\">En paralelo, el servicio ha incorporado equipamiento de\u00a0<\/span><span lang=\"EN-US\">\u00fa<\/span><span lang=\"ES-TRAD\">ltima generaci\u00f3n, destacando el esc<\/span><span lang=\"EN-US\">\u00e1<\/span><span lang=\"ES-TRAD\">ner intraoral, el microscopio odontol\u00f3gico y un moderno sistema radiol\u00f3gico que incluye panor<\/span><span lang=\"EN-US\">\u00e1<\/span><span lang=\"ES-TRAD\">micas, telerradiograf<\/span><span lang=\"EN-US\">\u00ed<\/span><span lang=\"ES-TRAD\">a y CBCT (Cone Beam).<\/span><\/p>\n<p style=\"text-align: justify;\"><span dir=\"RTL\" lang=\"AR-SA\">\u201c<\/span><span lang=\"ES-TRAD\">Durante este a\u00f1o nos hemos focalizado en realizar las gestiones necesarias para lograr esta actualizaci\u00f3<\/span><span lang=\"IT\">n tecnol<\/span><span lang=\"ES-TRAD\">\u00f3gica, que nos aporta una mayor precisi\u00f3<\/span><span lang=\"IT\">n diagn<\/span><span lang=\"ES-TRAD\">\u00f3stica, nos da la capacidad de resolver localmente procedimientos que antes requer<\/span><span lang=\"EN-US\">\u00ed<\/span><span lang=\"ES-TRAD\">an atenci\u00f3n en el Hospital Regional o incluso en otros centros del pa<\/span><span lang=\"EN-US\">\u00eds\u201d<\/span><span lang=\"ES-TRAD\">, explica el director del Hospital Puerto Ays<\/span><span lang=\"FR\">\u00e9<\/span><span lang=\"EN-US\">n, Hern\u00e1<\/span><span lang=\"ES-TRAD\">n Barrientos Hern<\/span><span lang=\"EN-US\">\u00e1<\/span><span lang=\"PT\">ndez.<\/span><\/p>\n<p style=\"text-align: justify;\"><span lang=\"ES-TRAD\">Asimismo, el equipo odontol\u00f3gico ha logrado un incremento sostenido de su producci\u00f3n, con una proyecci\u00f3<\/span><span lang=\"IT\">n cercana al 20% m<\/span><span lang=\"EN-US\">\u00e1<\/span><span lang=\"ES-TRAD\">s de atenciones respecto al a\u00f1<\/span><span lang=\"EN-US\">o 2019.<\/span><\/p>\n<p style=\"text-align: justify;\"><span dir=\"RTL\" lang=\"AR-SA\">\u201c<\/span><span lang=\"ES-TRAD\">Este crecimiento se enmarca en un proceso de ordenamiento interno y fortalecimiento de la gesti\u00f3n, lo que ha facilitado avanzar en la reducci\u00f3n de listas de espera a trav<\/span><span lang=\"FR\">\u00e9<\/span><span lang=\"ES-TRAD\">s de prestaciones modernas, seguras y altamente resolutivas, sin embargo hacemos un llamado a la comunidad \u00a0<\/span><span lang=\"EN-US\">sobre la importancia de asistir a las citas. A pesar de reducir la inasistencia de un 18% a un 8% gracias a Gaby (IA), proyectamos cerca de 14.000 atenciones este a\u00f1o, de las cuales aproximadamente 1.000 se perder\u00e1n por ausencias. Les invitamos a utilizar nuestros canales oficiales de WhatsApp para confirmar sus citas y asegurar que cada atenci\u00f3n sea de utilidad. Concluye el Dr. Fa\u00fandez.<\/span><\/p>\n<\/div><\/section><\/div><div  style='height:50px' class='hr hr-invisible   avia-builder-el-6  el_after_av_one_full  el_before_av_social_share '><span class='hr-inner ' ><span class='hr-inner-style'><\/span><\/span><\/div><\/p>\n<div  class='av-social-sharing-box  avia-builder-el-7  el_after_av_hr  el_before_av_hr  '><div class='av-share-box'><h5 class='av-share-link-description av-no-toc '>Compartir esta noticia<\/h5><ul class='av-share-box-list noLightbox'><li class='av-share-link av-social-link-facebook' ><a target=\"_blank\" aria-label=\"Compartir en Facebook\" href='https:\/\/www.facebook.com\/sharer.php?u=https:\/\/radiorevelacionfm.cl\/?p=62323&#038;t=Hospital%20de%20Puerto%20Ays%C3%A9n%20re%C3%BAne%20el%20mayor%20equipo%20odontol%C3%B3gico%20especializado%20de%20la%20regi%C3%B3n' aria-hidden='false' data-av_icon='\ue8f3' data-av_iconfont='entypo-fontello' title='' data-avia-related-tooltip='Compartir en Facebook' rel=\"noopener\"><span class='avia_hidden_link_text'>Compartir en Facebook<\/span><\/a><\/li><li class='av-share-link av-social-link-twitter' ><a target=\"_blank\" aria-label=\"Compartir en Twitter\" href='https:\/\/twitter.com\/share?text=Hospital%20de%20Puerto%20Ays%C3%A9n%20re%C3%BAne%20el%20mayor%20equipo%20odontol%C3%B3gico%20especializado%20de%20la%20regi%C3%B3n&#038;url=https:\/\/radiorevelacionfm.cl\/?p=62323' aria-hidden='false' data-av_icon='\ue8f1' data-av_iconfont='entypo-fontello' title='' data-avia-related-tooltip='Compartir en Twitter' rel=\"noopener\"><span class='avia_hidden_link_text'>Compartir en Twitter<\/span><\/a><\/li><li class='av-share-link av-social-link-whatsapp' ><a target=\"_blank\" aria-label=\"Compartir en Whatsapp\" href='https:\/\/api.whatsapp.com\/send?text=https:\/\/radiorevelacionfm.cl\/?p=62323' aria-hidden='false' data-av_icon='\uf232' data-av_iconfont='entypo-fontello' title='' data-avia-related-tooltip='Compartir en Whatsapp' rel=\"noopener\"><span class='avia_hidden_link_text'>Compartir en Whatsapp<\/span><\/a><\/li><li class='av-share-link av-social-link-linkedin' ><a target=\"_blank\" aria-label=\"Compartir en LinkedIn\" href='https:\/\/linkedin.com\/shareArticle?mini=true&#038;title=Hospital%20de%20Puerto%20Ays%C3%A9n%20re%C3%BAne%20el%20mayor%20equipo%20odontol%C3%B3gico%20especializado%20de%20la%20regi%C3%B3n&#038;url=https:\/\/radiorevelacionfm.cl\/?p=62323' aria-hidden='false' data-av_icon='\ue8fc' data-av_iconfont='entypo-fontello' title='' data-avia-related-tooltip='Compartir en LinkedIn' rel=\"noopener\"><span class='avia_hidden_link_text'>Compartir en LinkedIn<\/span><\/a><\/li><li class='av-share-link av-social-link-mail' ><a  aria-label=\"Compartir por correo\" href='mailto:?subject=Hospital%20de%20Puerto%20Ays%C3%A9n%20re%C3%BAne%20el%20mayor%20equipo%20odontol%C3%B3gico%20especializado%20de%20la%20regi%C3%B3n&#038;body=https:\/\/radiorevelacionfm.cl\/?p=62323' aria-hidden='false' data-av_icon='\ue805' data-av_iconfont='entypo-fontello' title='' data-avia-related-tooltip='Compartir por correo'><span class='avia_hidden_link_text'>Compartir por correo<\/span><\/a><\/li><\/ul><\/div><\/div>\n<div  style='height:50px' class='hr hr-invisible   avia-builder-el-8  el_after_av_social_share  el_before_av_comments_list '><span class='hr-inner ' ><span class='hr-inner-style'><\/span><\/span><\/div>\n<div  class='av-buildercomment  av-blog-meta-html-info-disabled av-blog-meta-tag-disabled  '><\/div>\n","protected":false},"excerpt":{"rendered":"","protected":false},"author":1,"featured_media":62330,"comment_status":"closed","ping_status":"closed","sticky":false,"template":"","format":"standard","meta":{"footnotes":""},"categories":[46],"tags":[],"class_list":["post-62323","post","type-post","status-publish","format-standard","has-post-thumbnail","hentry","category-salud"],"jetpack_featured_media_url":"https:\/\/radiorevelacionfm.cl\/wp-content\/uploads\/2025\/12\/microscopio-dental-009-1_optimized.jpg","_links":{"self":[{"href":"https:\/\/radiorevelacionfm.cl\/index.php?rest_route=\/wp\/v2\/posts\/62323","targetHints":{"allow":["GET"]}}],"collection":[{"href":"https:\/\/radiorevelacionfm.cl\/index.php?rest_route=\/wp\/v2\/posts"}],"about":[{"href":"https:\/\/radiorevelacionfm.cl\/index.php?rest_route=\/wp\/v2\/types\/post"}],"author":[{"embeddable":true,"href":"https:\/\/radiorevelacionfm.cl\/index.php?rest_route=\/wp\/v2\/users\/1"}],"replies":[{"embeddable":true,"href":"https:\/\/radiorevelacionfm.cl\/index.php?rest_route=%2Fwp%2Fv2%2Fcomments&post=62323"}],"version-history":[{"count":4,"href":"https:\/\/radiorevelacionfm.cl\/index.php?rest_route=\/wp\/v2\/posts\/62323\/revisions"}],"predecessor-version":[{"id":62332,"href":"https:\/\/radiorevelacionfm.cl\/index.php?rest_route=\/wp\/v2\/posts\/62323\/revisions\/62332"}],"wp:featuredmedia":[{"embeddable":true,"href":"https:\/\/radiorevelacionfm.cl\/index.php?rest_route=\/wp\/v2\/media\/62330"}],"wp:attachment":[{"href":"https:\/\/radiorevelacionfm.cl\/index.php?rest_route=%2Fwp%2Fv2%2Fmedia&parent=62323"}],"wp:term":[{"taxonomy":"category","embeddable":true,"href":"https:\/\/radiorevelacionfm.cl\/index.php?rest_route=%2Fwp%2Fv2%2Fcategories&post=62323"},{"taxonomy":"post_tag","embeddable":true,"href":"https:\/\/radiorevelacionfm.cl\/index.php?rest_route=%2Fwp%2Fv2%2Ftags&post=62323"}],"curies":[{"name":"wp","href":"https:\/\/api.w.org\/{rel}","templated":true}]}}