{"id":62316,"date":"2025-12-09T23:15:30","date_gmt":"2025-12-10T02:15:30","guid":{"rendered":"https:\/\/radiorevelacionfm.cl\/?p=62316"},"modified":"2025-12-17T12:33:48","modified_gmt":"2025-12-17T15:33:48","slug":"presidenta-consejo-del-salmon-por-votacion-del-crubc-ha-primado-nuevamente-la-responsabilidad-con-la-region-de-aysen-y-con-chile","status":"publish","type":"post","link":"https:\/\/radiorevelacionfm.cl\/?p=62316","title":{"rendered":"Presidenta Consejo del Salm\u00f3n por votaci\u00f3n del Crubc: Ha primado nuevamente la responsabilidad con la regi\u00f3n de Ays\u00e9n y con Chile"},"content":{"rendered":"<div class=\"flex_column av_one_full  flex_column_div av-zero-column-padding first  avia-builder-el-0  el_before_av_one_full  avia-builder-el-first  \" style='border-radius:0px; '><div  class='avia-image-container  av-styling-    avia-builder-el-1  avia-builder-el-no-sibling  avia-align-center '  itemprop=\"image\" itemscope=\"itemscope\" itemtype=\"https:\/\/schema.org\/ImageObject\"  ><div class='avia-image-container-inner'><div class='avia-image-overlay-wrap'><img decoding=\"async\" class='wp-image-62317 avia-img-lazy-loading-not-62317 avia_image' src=\"https:\/\/radiorevelacionfm.cl\/wp-content\/uploads\/2025\/12\/islas_huinchas_galery-696x418-1_optimized.jpg\" alt='' title='islas_huinchas_galery-696x418-(1)_optimized' height=\"600\" width=\"999\"  itemprop=\"thumbnailUrl\" srcset=\"https:\/\/radiorevelacionfm.cl\/wp-content\/uploads\/2025\/12\/islas_huinchas_galery-696x418-1_optimized.jpg 999w, https:\/\/radiorevelacionfm.cl\/wp-content\/uploads\/2025\/12\/islas_huinchas_galery-696x418-1_optimized-300x180.jpg 300w, https:\/\/radiorevelacionfm.cl\/wp-content\/uploads\/2025\/12\/islas_huinchas_galery-696x418-1_optimized-768x461.jpg 768w, https:\/\/radiorevelacionfm.cl\/wp-content\/uploads\/2025\/12\/islas_huinchas_galery-696x418-1_optimized-705x423.jpg 705w, https:\/\/radiorevelacionfm.cl\/wp-content\/uploads\/2025\/12\/islas_huinchas_galery-696x418-1_optimized-450x270.jpg 450w, https:\/\/radiorevelacionfm.cl\/wp-content\/uploads\/2025\/12\/islas_huinchas_galery-696x418-1_optimized-600x360.jpg 600w\" sizes=\"(max-width: 999px) 100vw, 999px\" \/><\/div><\/div><\/div><\/div><div class=\"flex_column av_one_full  flex_column_div av-zero-column-padding first  avia-builder-el-2  el_after_av_one_full  el_before_av_one_full  column-top-margin\" style='border-radius:0px; '><section class=\"av_textblock_section \"  itemscope=\"itemscope\" itemtype=\"https:\/\/schema.org\/BlogPosting\" itemprop=\"blogPost\" ><div class='avia_textblock  '   itemprop=\"text\" ><p style=\"text-align: center;\"><strong><span style=\"font-size: 18pt;\">Presidenta Consejo del Salm\u00f3n por votaci\u00f3n del Crubc: Ha primado nuevamente la responsabilidad con la regi\u00f3n de Ays\u00e9n y con Chile<\/span><\/strong><\/p>\n<div id=\"gtx-trans\" style=\"position: absolute; left: -50px; top: 4.31534px;\">\n<div class=\"gtx-trans-icon\"><\/div>\n<\/div>\n<\/div><\/section><\/div><div class=\"flex_column av_one_full  flex_column_div av-zero-column-padding first  avia-builder-el-4  el_after_av_one_full  el_before_av_hr  column-top-margin\" style='border-radius:0px; '><section class=\"av_textblock_section \"  itemscope=\"itemscope\" itemtype=\"https:\/\/schema.org\/BlogPosting\" itemprop=\"blogPost\" ><div class='avia_textblock  '   itemprop=\"text\" ><p style=\"font-weight: 400; text-align: justify;\">Valoramos que tal como se rechaz\u00f3 en la votaci\u00f3n anterior en febrero de 2024, hoy haya primado nuevamente la responsabilidad con la regi\u00f3n de Ays\u00e9n y con Chile.<\/p>\n<p style=\"font-weight: 400; text-align: justify;\">Esta decisi\u00f3n reconoce que una solicitud de esta magnitud, que pretend\u00eda entregar m\u00e1s de 620 mil hect\u00e1reas para cerca de 50 personas, se apartaba del esp\u00edritu original de la Ley Lafkenche, siendo desmesurada y careciendo de la debida fundamentaci\u00f3n del uso consuetudinario por parte de la CONADI.<\/p>\n<p style=\"font-weight: 400; text-align: justify;\">Para el Consejo del Salm\u00f3n esta votaci\u00f3n es de las m\u00e1s relevantes para el desarrollo de nuestra industria y de las diversas actividades productivas que se desarrollan en el borde costero. El impacto en las familias y en los trabajadores que hubiese generado la aprobaci\u00f3n de las dos ECMPO, habr\u00eda sido perjudicial y generado un muy mal precedente para nuestro pa\u00eds.<\/p>\n<p style=\"font-weight: 400; text-align: justify;\">Por\u00a0 eso, estar ac\u00e1 en Ays\u00e9n era una obligaci\u00f3n. La regi\u00f3n necesita reglas claras y decisiones responsables para asegurar que este tipo de solicitudes se eval\u00faen con informaci\u00f3n verificable, metodolog\u00edas adecuadas y criterios que no se presten para abusos ni para generar incertidumbre territorial.<\/p>\n<p style=\"font-weight: 400; text-align: justify;\">Hoy volvi\u00f3 a imponerse el sentido com\u00fan. Con esta decisi\u00f3n no solo gan\u00f3 la regi\u00f3n de Ays\u00e9n y sus familias, gan\u00f3 Chile entero. Desde el Consejo del Salm\u00f3n estamos convencidos que este es el camino y la forma para que Chile pueda volver a\u00a0 crecer y desarrollarse.<\/p>\n<\/div><\/section><\/div><div  style='height:50px' class='hr hr-invisible   avia-builder-el-6  el_after_av_one_full  el_before_av_social_share '><span class='hr-inner ' ><span class='hr-inner-style'><\/span><\/span><\/div><\/p>\n<div  class='av-social-sharing-box  avia-builder-el-7  el_after_av_hr  el_before_av_hr  '><div class='av-share-box'><h5 class='av-share-link-description av-no-toc '>Compartir esta noticia<\/h5><ul class='av-share-box-list noLightbox'><li class='av-share-link av-social-link-facebook' ><a target=\"_blank\" aria-label=\"Compartir en Facebook\" href='https:\/\/www.facebook.com\/sharer.php?u=https:\/\/radiorevelacionfm.cl\/?p=62316&#038;t=Presidenta%20Consejo%20del%20Salm%C3%B3n%20por%20votaci%C3%B3n%20del%20Crubc%3A%20Ha%20primado%20nuevamente%20la%20responsabilidad%20con%20la%20regi%C3%B3n%20de%20Ays%C3%A9n%20y%20con%20Chile' aria-hidden='false' data-av_icon='\ue8f3' data-av_iconfont='entypo-fontello' title='' data-avia-related-tooltip='Compartir en Facebook' rel=\"noopener\"><span class='avia_hidden_link_text'>Compartir en Facebook<\/span><\/a><\/li><li class='av-share-link av-social-link-twitter' ><a target=\"_blank\" aria-label=\"Compartir en Twitter\" href='https:\/\/twitter.com\/share?text=Presidenta%20Consejo%20del%20Salm%C3%B3n%20por%20votaci%C3%B3n%20del%20Crubc%3A%20Ha%20primado%20nuevamente%20la%20responsabilidad%20con%20la%20regi%C3%B3n%20de%20Ays%C3%A9n%20y%20con%20Chile&#038;url=https:\/\/radiorevelacionfm.cl\/?p=62316' aria-hidden='false' data-av_icon='\ue8f1' data-av_iconfont='entypo-fontello' title='' data-avia-related-tooltip='Compartir en Twitter' rel=\"noopener\"><span class='avia_hidden_link_text'>Compartir en Twitter<\/span><\/a><\/li><li class='av-share-link av-social-link-whatsapp' ><a target=\"_blank\" aria-label=\"Compartir en Whatsapp\" href='https:\/\/api.whatsapp.com\/send?text=https:\/\/radiorevelacionfm.cl\/?p=62316' aria-hidden='false' data-av_icon='\uf232' data-av_iconfont='entypo-fontello' title='' data-avia-related-tooltip='Compartir en Whatsapp' rel=\"noopener\"><span class='avia_hidden_link_text'>Compartir en Whatsapp<\/span><\/a><\/li><li class='av-share-link av-social-link-linkedin' ><a target=\"_blank\" aria-label=\"Compartir en LinkedIn\" href='https:\/\/linkedin.com\/shareArticle?mini=true&#038;title=Presidenta%20Consejo%20del%20Salm%C3%B3n%20por%20votaci%C3%B3n%20del%20Crubc%3A%20Ha%20primado%20nuevamente%20la%20responsabilidad%20con%20la%20regi%C3%B3n%20de%20Ays%C3%A9n%20y%20con%20Chile&#038;url=https:\/\/radiorevelacionfm.cl\/?p=62316' aria-hidden='false' data-av_icon='\ue8fc' data-av_iconfont='entypo-fontello' title='' data-avia-related-tooltip='Compartir en LinkedIn' rel=\"noopener\"><span class='avia_hidden_link_text'>Compartir en LinkedIn<\/span><\/a><\/li><li class='av-share-link av-social-link-mail' ><a  aria-label=\"Compartir por correo\" href='mailto:?subject=Presidenta%20Consejo%20del%20Salm%C3%B3n%20por%20votaci%C3%B3n%20del%20Crubc%3A%20Ha%20primado%20nuevamente%20la%20responsabilidad%20con%20la%20regi%C3%B3n%20de%20Ays%C3%A9n%20y%20con%20Chile&#038;body=https:\/\/radiorevelacionfm.cl\/?p=62316' aria-hidden='false' data-av_icon='\ue805' data-av_iconfont='entypo-fontello' title='' data-avia-related-tooltip='Compartir por correo'><span class='avia_hidden_link_text'>Compartir por correo<\/span><\/a><\/li><\/ul><\/div><\/div>\n<div  style='height:50px' class='hr hr-invisible   avia-builder-el-8  el_after_av_social_share  el_before_av_comments_list '><span class='hr-inner ' ><span class='hr-inner-style'><\/span><\/span><\/div>\n<div  class='av-buildercomment  av-blog-meta-html-info-disabled av-blog-meta-tag-disabled  '><\/div>\n","protected":false},"excerpt":{"rendered":"","protected":false},"author":1,"featured_media":62317,"comment_status":"closed","ping_status":"closed","sticky":false,"template":"","format":"standard","meta":{"footnotes":""},"categories":[60],"tags":[],"class_list":["post-62316","post","type-post","status-publish","format-standard","has-post-thumbnail","hentry","category-pesca"],"jetpack_featured_media_url":"https:\/\/radiorevelacionfm.cl\/wp-content\/uploads\/2025\/12\/islas_huinchas_galery-696x418-1_optimized.jpg","_links":{"self":[{"href":"https:\/\/radiorevelacionfm.cl\/index.php?rest_route=\/wp\/v2\/posts\/62316","targetHints":{"allow":["GET"]}}],"collection":[{"href":"https:\/\/radiorevelacionfm.cl\/index.php?rest_route=\/wp\/v2\/posts"}],"about":[{"href":"https:\/\/radiorevelacionfm.cl\/index.php?rest_route=\/wp\/v2\/types\/post"}],"author":[{"embeddable":true,"href":"https:\/\/radiorevelacionfm.cl\/index.php?rest_route=\/wp\/v2\/users\/1"}],"replies":[{"embeddable":true,"href":"https:\/\/radiorevelacionfm.cl\/index.php?rest_route=%2Fwp%2Fv2%2Fcomments&post=62316"}],"version-history":[{"count":2,"href":"https:\/\/radiorevelacionfm.cl\/index.php?rest_route=\/wp\/v2\/posts\/62316\/revisions"}],"predecessor-version":[{"id":62575,"href":"https:\/\/radiorevelacionfm.cl\/index.php?rest_route=\/wp\/v2\/posts\/62316\/revisions\/62575"}],"wp:featuredmedia":[{"embeddable":true,"href":"https:\/\/radiorevelacionfm.cl\/index.php?rest_route=\/wp\/v2\/media\/62317"}],"wp:attachment":[{"href":"https:\/\/radiorevelacionfm.cl\/index.php?rest_route=%2Fwp%2Fv2%2Fmedia&parent=62316"}],"wp:term":[{"taxonomy":"category","embeddable":true,"href":"https:\/\/radiorevelacionfm.cl\/index.php?rest_route=%2Fwp%2Fv2%2Fcategories&post=62316"},{"taxonomy":"post_tag","embeddable":true,"href":"https:\/\/radiorevelacionfm.cl\/index.php?rest_route=%2Fwp%2Fv2%2Ftags&post=62316"}],"curies":[{"name":"wp","href":"https:\/\/api.w.org\/{rel}","templated":true}]}}