{"id":62311,"date":"2025-12-09T20:25:41","date_gmt":"2025-12-09T23:25:41","guid":{"rendered":"https:\/\/radiorevelacionfm.cl\/?p=62311"},"modified":"2025-12-09T20:25:41","modified_gmt":"2025-12-09T23:25:41","slug":"diputada-raphael-rechaza-uso-de-4-mil-millones-del-serviu-aysen-para-financiar-expropiacion-de-megatoma-en-san-antonio","status":"publish","type":"post","link":"https:\/\/radiorevelacionfm.cl\/?p=62311","title":{"rendered":"Diputada Raphael rechaza uso de $4 mil millones del SERVIU Ays\u00e9n para financiar expropiaci\u00f3n de megatoma en San Antonio"},"content":{"rendered":"<div class=\"flex_column av_one_full  flex_column_div av-zero-column-padding first  avia-builder-el-0  el_before_av_one_full  avia-builder-el-first  \" style='border-radius:0px; '><div  class='avia-image-container  av-styling-    avia-builder-el-1  avia-builder-el-no-sibling  avia-align-center '  itemprop=\"image\" itemscope=\"itemscope\" itemtype=\"https:\/\/schema.org\/ImageObject\"  ><div class='avia-image-container-inner'><div class='avia-image-overlay-wrap'><img decoding=\"async\" class='wp-image-29715 avia-img-lazy-loading-not-29715 avia_image' src=\"https:\/\/radiorevelacionfm.cl\/wp-content\/uploads\/2023\/04\/Foto-M-Raphael-1-1.jpg\" alt='' title='Foto M Raphael (1) (1)' height=\"600\" width=\"901\"  itemprop=\"thumbnailUrl\" srcset=\"https:\/\/radiorevelacionfm.cl\/wp-content\/uploads\/2023\/04\/Foto-M-Raphael-1-1.jpg 901w, https:\/\/radiorevelacionfm.cl\/wp-content\/uploads\/2023\/04\/Foto-M-Raphael-1-1-300x200.jpg 300w, https:\/\/radiorevelacionfm.cl\/wp-content\/uploads\/2023\/04\/Foto-M-Raphael-1-1-768x511.jpg 768w, https:\/\/radiorevelacionfm.cl\/wp-content\/uploads\/2023\/04\/Foto-M-Raphael-1-1-705x469.jpg 705w, https:\/\/radiorevelacionfm.cl\/wp-content\/uploads\/2023\/04\/Foto-M-Raphael-1-1-450x300.jpg 450w, https:\/\/radiorevelacionfm.cl\/wp-content\/uploads\/2023\/04\/Foto-M-Raphael-1-1-600x400.jpg 600w\" sizes=\"(max-width: 901px) 100vw, 901px\" \/><\/div><\/div><\/div><\/div><div class=\"flex_column av_one_full  flex_column_div av-zero-column-padding first  avia-builder-el-2  el_after_av_one_full  el_before_av_one_full  column-top-margin\" style='border-radius:0px; '><section class=\"av_textblock_section \"  itemscope=\"itemscope\" itemtype=\"https:\/\/schema.org\/BlogPosting\" itemprop=\"blogPost\" ><div class='avia_textblock  '   itemprop=\"text\" ><p style=\"text-align: center;\"><strong><span style=\"font-size: 18pt;\">Diputada Raphael rechaza uso de $4 mil millones del SERVIU Ays\u00e9n para financiar expropiaci\u00f3n de megatoma en San Antonio<\/span><\/strong><\/p>\n<div id=\"gtx-trans\" style=\"position: absolute; left: -50px; top: 4.31534px;\">\n<div class=\"gtx-trans-icon\"><\/div>\n<\/div>\n<\/div><\/section><\/div><div class=\"flex_column av_one_full  flex_column_div av-zero-column-padding first  avia-builder-el-4  el_after_av_one_full  el_before_av_hr  column-top-margin\" style='border-radius:0px; '><section class=\"av_textblock_section \"  itemscope=\"itemscope\" itemtype=\"https:\/\/schema.org\/BlogPosting\" itemprop=\"blogPost\" ><div class='avia_textblock  '   itemprop=\"text\" ><p style=\"font-weight: 400; text-align: justify;\"><em>La representante de Ays\u00e9n en la C\u00e1mara baja solicitar\u00e1 al MINVU y al SERVIU el detalle de los proyectos que ser\u00edan afectados en la regi\u00f3n y las razones de su no ejecuci\u00f3n, enfatizando que estos deben ser restituidos.<\/em><\/p>\n<p style=\"font-weight: 400; text-align: justify;\">La diputada por Ays\u00e9n,\u00a0Marcia Raphael Mora, expres\u00f3 su firme rechazo a la decisi\u00f3n del Ministerio de Vivienda y Urbanismo (MINVU) de utilizar\u00a0$4.000 millones\u00a0de pesos\u00a0provenientes de proyectos no ejecutados por\u00a0el Servicio de Vivienda y Urbanismo (SERVIU)\u00a0Ays\u00e9n\u00a0para financiar parte del proceso de expropiaci\u00f3n de la denominada\u00a0<em>megatoma de San Antonio<\/em>, en la Regi\u00f3n de Valpara\u00edso.<\/p>\n<p style=\"font-weight: 400; text-align: justify;\">La diputada, Marcia\u00a0Raphael,\u00a0calific\u00f3 la medida como \u201cuna se\u00f1al profundamente injusta para Ays\u00e9n,\u00a0m\u00e1s a\u00fan cuando\u00a0estos fondos\u00a0podr\u00edan estar\u00a0destinados a iniciativas de suelo y adquisici\u00f3n de terrenos en Coyhaique, consideradas prioritarias para abordar el d\u00e9ficit habitacional regional\u00a0y la demanda que tiene a comit\u00e9s esperando en algunos casos m\u00e1s de una d\u00e9cada\u201d.<\/p>\n<p style=\"font-weight: 400; text-align: justify;\">\u201cEs inaceptable que recursos que pertenecen a nuestra regi\u00f3n, y que estaban destinados a proyectos concretos, terminen siendo utilizados para resolver situaciones en otras zonas del pa\u00eds. Ays\u00e9n no puede seguir siendo sacrificada por decisiones centralistas que afectan directamente\u00a0la ejecuci\u00f3n de las pol\u00edticas habitacionales\u201d, afirm\u00f3 la parlamentaria.<\/p>\n<p style=\"font-weight: 400; text-align: justify;\">Cabe consignar, que esta\u00a0reasignaci\u00f3n de recursos se produce luego de que el\u00a0gobierno\u00a0del presidente Boric\u00a0confirmara la destinaci\u00f3n de m\u00e1s de\u00a0$11.000 millones\u00a0para avanzar en la expropiaci\u00f3n de cerca de 100 hect\u00e1reas en el sector de Cerro Centinela, en San Antonio.<\/p>\n<p style=\"font-weight: 400; text-align: justify;\">De igual manera, la diputada\u00a0Raphael inform\u00f3 que solicitar\u00e1 al MINVU y al SERVIU nacional un detalle completo de los proyectos involucrados, los montos devueltos y las razones de su no ejecuci\u00f3n.<\/p>\n<p style=\"font-weight: 400; text-align: justify;\">\u201cAqu\u00ed no solo se est\u00e1 privando a la regi\u00f3n de una inversi\u00f3n necesaria; tambi\u00e9n se est\u00e1 afectando la planificaci\u00f3n\u00a0del Estado.\u00a0Por ello, solicitaremos\u00a0que se transparente el proceso y que se repongan los recursos que Ays\u00e9n perdi\u00f3 por una decisi\u00f3n tomada sin considerar nuestra realidad ni nuestras urgencias\u201d, sostuvo la diputada\u00a0de Renovaci\u00f3n Nacional.<\/p>\n<\/div><\/section><\/div><div  style='height:50px' class='hr hr-invisible   avia-builder-el-6  el_after_av_one_full  el_before_av_social_share '><span class='hr-inner ' ><span class='hr-inner-style'><\/span><\/span><\/div><\/p>\n<div  class='av-social-sharing-box  avia-builder-el-7  el_after_av_hr  el_before_av_hr  '><div class='av-share-box'><h5 class='av-share-link-description av-no-toc '>Compartir esta noticia<\/h5><ul class='av-share-box-list noLightbox'><li class='av-share-link av-social-link-facebook' ><a target=\"_blank\" aria-label=\"Compartir en Facebook\" href='https:\/\/www.facebook.com\/sharer.php?u=https:\/\/radiorevelacionfm.cl\/?p=62311&#038;t=Diputada%20Raphael%20rechaza%20uso%20de%20%244%20mil%20millones%20del%20SERVIU%20Ays%C3%A9n%20para%20financiar%20expropiaci%C3%B3n%20de%20megatoma%20en%20San%20Antonio' aria-hidden='false' data-av_icon='\ue8f3' data-av_iconfont='entypo-fontello' title='' data-avia-related-tooltip='Compartir en Facebook' rel=\"noopener\"><span class='avia_hidden_link_text'>Compartir en Facebook<\/span><\/a><\/li><li class='av-share-link av-social-link-twitter' ><a target=\"_blank\" aria-label=\"Compartir en Twitter\" href='https:\/\/twitter.com\/share?text=Diputada%20Raphael%20rechaza%20uso%20de%20%244%20mil%20millones%20del%20SERVIU%20Ays%C3%A9n%20para%20financiar%20expropiaci%C3%B3n%20de%20megatoma%20en%20San%20Antonio&#038;url=https:\/\/radiorevelacionfm.cl\/?p=62311' aria-hidden='false' data-av_icon='\ue8f1' data-av_iconfont='entypo-fontello' title='' data-avia-related-tooltip='Compartir en Twitter' rel=\"noopener\"><span class='avia_hidden_link_text'>Compartir en Twitter<\/span><\/a><\/li><li class='av-share-link av-social-link-whatsapp' ><a target=\"_blank\" aria-label=\"Compartir en Whatsapp\" href='https:\/\/api.whatsapp.com\/send?text=https:\/\/radiorevelacionfm.cl\/?p=62311' aria-hidden='false' data-av_icon='\uf232' data-av_iconfont='entypo-fontello' title='' data-avia-related-tooltip='Compartir en Whatsapp' rel=\"noopener\"><span class='avia_hidden_link_text'>Compartir en Whatsapp<\/span><\/a><\/li><li class='av-share-link av-social-link-linkedin' ><a target=\"_blank\" aria-label=\"Compartir en LinkedIn\" href='https:\/\/linkedin.com\/shareArticle?mini=true&#038;title=Diputada%20Raphael%20rechaza%20uso%20de%20%244%20mil%20millones%20del%20SERVIU%20Ays%C3%A9n%20para%20financiar%20expropiaci%C3%B3n%20de%20megatoma%20en%20San%20Antonio&#038;url=https:\/\/radiorevelacionfm.cl\/?p=62311' aria-hidden='false' data-av_icon='\ue8fc' data-av_iconfont='entypo-fontello' title='' data-avia-related-tooltip='Compartir en LinkedIn' rel=\"noopener\"><span class='avia_hidden_link_text'>Compartir en LinkedIn<\/span><\/a><\/li><li class='av-share-link av-social-link-mail' ><a  aria-label=\"Compartir por correo\" href='mailto:?subject=Diputada%20Raphael%20rechaza%20uso%20de%20%244%20mil%20millones%20del%20SERVIU%20Ays%C3%A9n%20para%20financiar%20expropiaci%C3%B3n%20de%20megatoma%20en%20San%20Antonio&#038;body=https:\/\/radiorevelacionfm.cl\/?p=62311' aria-hidden='false' data-av_icon='\ue805' data-av_iconfont='entypo-fontello' title='' data-avia-related-tooltip='Compartir por correo'><span class='avia_hidden_link_text'>Compartir por correo<\/span><\/a><\/li><\/ul><\/div><\/div>\n<div  style='height:50px' class='hr hr-invisible   avia-builder-el-8  el_after_av_social_share  el_before_av_comments_list '><span class='hr-inner ' ><span class='hr-inner-style'><\/span><\/span><\/div>\n<div  class='av-buildercomment  av-blog-meta-html-info-disabled av-blog-meta-tag-disabled  '><\/div>\n","protected":false},"excerpt":{"rendered":"","protected":false},"author":1,"featured_media":29715,"comment_status":"closed","ping_status":"closed","sticky":false,"template":"","format":"standard","meta":{"footnotes":""},"categories":[35],"tags":[],"class_list":["post-62311","post","type-post","status-publish","format-standard","has-post-thumbnail","hentry","category-politica"],"jetpack_featured_media_url":"https:\/\/radiorevelacionfm.cl\/wp-content\/uploads\/2023\/04\/Foto-M-Raphael-1-1.jpg","_links":{"self":[{"href":"https:\/\/radiorevelacionfm.cl\/index.php?rest_route=\/wp\/v2\/posts\/62311","targetHints":{"allow":["GET"]}}],"collection":[{"href":"https:\/\/radiorevelacionfm.cl\/index.php?rest_route=\/wp\/v2\/posts"}],"about":[{"href":"https:\/\/radiorevelacionfm.cl\/index.php?rest_route=\/wp\/v2\/types\/post"}],"author":[{"embeddable":true,"href":"https:\/\/radiorevelacionfm.cl\/index.php?rest_route=\/wp\/v2\/users\/1"}],"replies":[{"embeddable":true,"href":"https:\/\/radiorevelacionfm.cl\/index.php?rest_route=%2Fwp%2Fv2%2Fcomments&post=62311"}],"version-history":[{"count":2,"href":"https:\/\/radiorevelacionfm.cl\/index.php?rest_route=\/wp\/v2\/posts\/62311\/revisions"}],"predecessor-version":[{"id":62314,"href":"https:\/\/radiorevelacionfm.cl\/index.php?rest_route=\/wp\/v2\/posts\/62311\/revisions\/62314"}],"wp:featuredmedia":[{"embeddable":true,"href":"https:\/\/radiorevelacionfm.cl\/index.php?rest_route=\/wp\/v2\/media\/29715"}],"wp:attachment":[{"href":"https:\/\/radiorevelacionfm.cl\/index.php?rest_route=%2Fwp%2Fv2%2Fmedia&parent=62311"}],"wp:term":[{"taxonomy":"category","embeddable":true,"href":"https:\/\/radiorevelacionfm.cl\/index.php?rest_route=%2Fwp%2Fv2%2Fcategories&post=62311"},{"taxonomy":"post_tag","embeddable":true,"href":"https:\/\/radiorevelacionfm.cl\/index.php?rest_route=%2Fwp%2Fv2%2Ftags&post=62311"}],"curies":[{"name":"wp","href":"https:\/\/api.w.org\/{rel}","templated":true}]}}