{"id":6231,"date":"2021-07-13T17:30:33","date_gmt":"2021-07-13T20:30:33","guid":{"rendered":"https:\/\/radiorevelacionfm.cl\/?p=6231"},"modified":"2021-07-13T17:30:33","modified_gmt":"2021-07-13T20:30:33","slug":"despliegue-territorial-lleva-informacion-del-bono-de-alivio-a-las-mypes-a-los-lugares-mas-apartados-de-aysen","status":"publish","type":"post","link":"https:\/\/radiorevelacionfm.cl\/?p=6231","title":{"rendered":"Despliegue territorial lleva informaci\u00f3n del Bono de alivio a las Mypes a los lugares m\u00e1s apartados de Ays\u00e9n"},"content":{"rendered":"<div class=\"flex_column av_one_full  flex_column_div av-zero-column-padding first  avia-builder-el-0  el_before_av_one_full  avia-builder-el-first  \" style='border-radius:0px; '><div  class='avia-image-container  av-styling-    avia-builder-el-1  avia-builder-el-no-sibling  avia-align-center '  itemprop=\"image\" itemscope=\"itemscope\" itemtype=\"https:\/\/schema.org\/ImageObject\"  ><div class='avia-image-container-inner'><div class='avia-image-overlay-wrap'><img decoding=\"async\" class='wp-image-0 avia-img-lazy-loading-not-0 avia_image' src=\"https:\/\/radiorevelacionfm.cl\/wp-content\/uploads\/2021\/07\/Seremi-de-Economia-Aysen-3-1-1.jpeg\" alt='' title=''   itemprop=\"thumbnailUrl\"  \/><\/div><\/div><\/div><\/div><div class=\"flex_column av_one_full  flex_column_div av-zero-column-padding first  avia-builder-el-2  el_after_av_one_full  el_before_av_one_full  column-top-margin\" style='border-radius:0px; '><section class=\"av_textblock_section \"  itemscope=\"itemscope\" itemtype=\"https:\/\/schema.org\/BlogPosting\" itemprop=\"blogPost\" ><div class='avia_textblock  '   itemprop=\"text\" ><p style=\"text-align: center;\"><strong><span style=\"font-size: 18pt;\">Despliegue territorial lleva informaci\u00f3n del Bono de alivio a las Mypes a los lugares m\u00e1s apartados de Ays\u00e9n<\/span><\/strong><\/p>\n<div id=\"gtx-trans\" style=\"position: absolute; left: -50px; top: 4.31534px;\">\n<div class=\"gtx-trans-icon\"><\/div>\n<\/div>\n<\/div><\/section><\/div><div class=\"flex_column av_one_full  flex_column_div av-zero-column-padding first  avia-builder-el-4  el_after_av_one_full  el_before_av_hr  column-top-margin\" style='border-radius:0px; '><section class=\"av_textblock_section \"  itemscope=\"itemscope\" itemtype=\"https:\/\/schema.org\/BlogPosting\" itemprop=\"blogPost\" ><div class='avia_textblock  '   itemprop=\"text\" ><p style=\"font-weight: 400; text-align: justify;\">Un recorrido por las 4 provincias de Ays\u00e9n realiz\u00f3 el Seremi de Econom\u00eda Carlos Pacheco y su equipo de trabajo, quienes en conjunto con las Gobernaciones provinciales realizaron actividades de difusi\u00f3n y socializaci\u00f3n del Bono de alivio a las Mypes en el marco de los efectos que han sufrido \u00e9stas por la pandemia.<\/p>\n<p style=\"font-weight: 400; text-align: justify;\">En este sentido la autoridad realiz\u00f3 un balance de las actividades se\u00f1alando que \u201chemos realizado un extenso recorrido por las 4 provincias de la regi\u00f3n, poniendo \u00e9nfasis en las localidades apartadas donde existen dificultades de acceso de internet e informaci\u00f3n. Es por esto que realizamos diversos encuentros de manera virtual con representantes de gremios, hemos realizado Gobiernos en terreno, conversando con alcaldes y autoridades locales, visitamos tambi\u00e9n a locatarios de diversos rubros y sobre todo hemos contestado las inquietudes de la gente, tanto de manera presencial como a trav\u00e9s de entrevistas en radios donde los emprendedores nos enviaron sus dudas especialmente sobre los rubros seleccionados para acceder al Bono de alivio\u201d.<\/p>\n<p style=\"font-weight: 400; text-align: justify;\">La autoridad econ\u00f3mica regional agreg\u00f3 que \u201cEstimamos que las personas que solicitaron este bono de 1 mill\u00f3n y 1 mill\u00f3n 200 correspondiente a mujeres emprendedoras y que hayan realizado el tr\u00e1mite los primeros d\u00edas de apertura, puedan recibir este beneficio desde este fin de semana, dep\u00f3sito que se realizar\u00e1 dentro del plazo de 20 d\u00edas posteriores de haber realizado el tr\u00e1mite. Hasta ahora son m\u00e1s de 6000 solicitudes que se han recibido s\u00f3lo en nuestra regi\u00f3n. Por lo que es de una tremenda importancia la envergadura del monto que se inyectar\u00e1 al coraz\u00f3n de las Mypes de Ays\u00e9n que tanto lo necesitan\u201d, culmin\u00f3 el Secretario Regional Ministerial.<\/p>\n<p style=\"font-weight: 400; text-align: justify;\"><strong>Segunda convocatoria<\/strong><\/p>\n<p style=\"font-weight: 400; text-align: justify;\">El bono de alivio tiene un cronograma que se inici\u00f3 el 2 de julio con la apertura de las solicitudes en la plataforma del Servicio de Impuestos Internos, proceso que culmina hasta el 2 de agosto. A su vez,\u00a0<strong>el d\u00eda 17 de agosto se iniciar\u00e1 una segunda convocatoria a las Mypes<\/strong>\u00a0que tengan inicio de actividades y hayan tenido ventas el a\u00f1o 2019, quienes podr\u00e1n acceder a un \u201cBono variable\u201d, cuyo monto depender\u00e1 del promedio de ventas de dicho a\u00f1o multiplicado por 3 con un tope m\u00e1ximo de 2 millones de pesos.<\/p>\n<p style=\"font-weight: 400; text-align: justify;\">Dicho Bono variable no excluye a quienes hayan obtenido el primer beneficio, sino que se complementa, por lo que desde la cartera de Econom\u00eda en Ays\u00e9n se hace un llamado a solicitar este segundo bono desde el 17 de agosto tambi\u00e9n a trav\u00e9s de la plataforma del Servicio de Impuestos Internos. Para ello es necesario que el propietario de la peque\u00f1a empresa cumpla con los requisitos ya se\u00f1alados (tributar en primera categor\u00eda y tener ventas el a\u00f1o 2019).<\/p>\n<\/div><\/section><\/div><div  style='height:50px' class='hr hr-invisible   avia-builder-el-6  el_after_av_one_full  el_before_av_social_share '><span class='hr-inner ' ><span class='hr-inner-style'><\/span><\/span><\/div><\/p>\n<div  class='av-social-sharing-box  avia-builder-el-7  el_after_av_hr  el_before_av_hr  '><div class='av-share-box'><h5 class='av-share-link-description av-no-toc '>Compartir esta noticia<\/h5><ul class='av-share-box-list noLightbox'><li class='av-share-link av-social-link-facebook' ><a target=\"_blank\" aria-label=\"Compartir en Facebook\" href='https:\/\/www.facebook.com\/sharer.php?u=https:\/\/radiorevelacionfm.cl\/?p=6231&#038;t=Despliegue%20territorial%20lleva%20informaci%C3%B3n%20del%20Bono%20de%20alivio%20a%20las%20Mypes%20a%20los%20lugares%20m%C3%A1s%20apartados%20de%20Ays%C3%A9n' aria-hidden='false' data-av_icon='\ue8f3' data-av_iconfont='entypo-fontello' title='' data-avia-related-tooltip='Compartir en Facebook' rel=\"noopener\"><span class='avia_hidden_link_text'>Compartir en Facebook<\/span><\/a><\/li><li class='av-share-link av-social-link-twitter' ><a target=\"_blank\" aria-label=\"Compartir en Twitter\" href='https:\/\/twitter.com\/share?text=Despliegue%20territorial%20lleva%20informaci%C3%B3n%20del%20Bono%20de%20alivio%20a%20las%20Mypes%20a%20los%20lugares%20m%C3%A1s%20apartados%20de%20Ays%C3%A9n&#038;url=https:\/\/radiorevelacionfm.cl\/?p=6231' aria-hidden='false' data-av_icon='\ue8f1' data-av_iconfont='entypo-fontello' title='' data-avia-related-tooltip='Compartir en Twitter' rel=\"noopener\"><span class='avia_hidden_link_text'>Compartir en Twitter<\/span><\/a><\/li><li class='av-share-link av-social-link-whatsapp' ><a target=\"_blank\" aria-label=\"Compartir en Whatsapp\" href='https:\/\/api.whatsapp.com\/send?text=https:\/\/radiorevelacionfm.cl\/?p=6231' aria-hidden='false' data-av_icon='\uf232' data-av_iconfont='entypo-fontello' title='' data-avia-related-tooltip='Compartir en Whatsapp' rel=\"noopener\"><span class='avia_hidden_link_text'>Compartir en Whatsapp<\/span><\/a><\/li><li class='av-share-link av-social-link-linkedin' ><a target=\"_blank\" aria-label=\"Compartir en LinkedIn\" href='https:\/\/linkedin.com\/shareArticle?mini=true&#038;title=Despliegue%20territorial%20lleva%20informaci%C3%B3n%20del%20Bono%20de%20alivio%20a%20las%20Mypes%20a%20los%20lugares%20m%C3%A1s%20apartados%20de%20Ays%C3%A9n&#038;url=https:\/\/radiorevelacionfm.cl\/?p=6231' aria-hidden='false' data-av_icon='\ue8fc' data-av_iconfont='entypo-fontello' title='' data-avia-related-tooltip='Compartir en LinkedIn' rel=\"noopener\"><span class='avia_hidden_link_text'>Compartir en LinkedIn<\/span><\/a><\/li><li class='av-share-link av-social-link-mail' ><a  aria-label=\"Compartir por correo\" href='mailto:?subject=Despliegue%20territorial%20lleva%20informaci%C3%B3n%20del%20Bono%20de%20alivio%20a%20las%20Mypes%20a%20los%20lugares%20m%C3%A1s%20apartados%20de%20Ays%C3%A9n&#038;body=https:\/\/radiorevelacionfm.cl\/?p=6231' aria-hidden='false' data-av_icon='\ue805' data-av_iconfont='entypo-fontello' title='' data-avia-related-tooltip='Compartir por correo'><span class='avia_hidden_link_text'>Compartir por correo<\/span><\/a><\/li><\/ul><\/div><\/div>\n<div  style='height:50px' class='hr hr-invisible   avia-builder-el-8  el_after_av_social_share  el_before_av_comments_list '><span class='hr-inner ' ><span class='hr-inner-style'><\/span><\/span><\/div>\n<div  class='av-buildercomment  av-blog-meta-html-info-disabled av-blog-meta-tag-disabled  '><\/div>\n","protected":false},"excerpt":{"rendered":"","protected":false},"author":1,"featured_media":0,"comment_status":"open","ping_status":"open","sticky":false,"template":"","format":"standard","meta":{"footnotes":""},"categories":[37],"tags":[],"class_list":["post-6231","post","type-post","status-publish","format-standard","hentry","category-economia"],"jetpack_featured_media_url":"","_links":{"self":[{"href":"https:\/\/radiorevelacionfm.cl\/index.php?rest_route=\/wp\/v2\/posts\/6231","targetHints":{"allow":["GET"]}}],"collection":[{"href":"https:\/\/radiorevelacionfm.cl\/index.php?rest_route=\/wp\/v2\/posts"}],"about":[{"href":"https:\/\/radiorevelacionfm.cl\/index.php?rest_route=\/wp\/v2\/types\/post"}],"author":[{"embeddable":true,"href":"https:\/\/radiorevelacionfm.cl\/index.php?rest_route=\/wp\/v2\/users\/1"}],"replies":[{"embeddable":true,"href":"https:\/\/radiorevelacionfm.cl\/index.php?rest_route=%2Fwp%2Fv2%2Fcomments&post=6231"}],"version-history":[{"count":1,"href":"https:\/\/radiorevelacionfm.cl\/index.php?rest_route=\/wp\/v2\/posts\/6231\/revisions"}],"predecessor-version":[{"id":6233,"href":"https:\/\/radiorevelacionfm.cl\/index.php?rest_route=\/wp\/v2\/posts\/6231\/revisions\/6233"}],"wp:attachment":[{"href":"https:\/\/radiorevelacionfm.cl\/index.php?rest_route=%2Fwp%2Fv2%2Fmedia&parent=6231"}],"wp:term":[{"taxonomy":"category","embeddable":true,"href":"https:\/\/radiorevelacionfm.cl\/index.php?rest_route=%2Fwp%2Fv2%2Fcategories&post=6231"},{"taxonomy":"post_tag","embeddable":true,"href":"https:\/\/radiorevelacionfm.cl\/index.php?rest_route=%2Fwp%2Fv2%2Ftags&post=6231"}],"curies":[{"name":"wp","href":"https:\/\/api.w.org\/{rel}","templated":true}]}}