{"id":62307,"date":"2025-12-09T17:44:52","date_gmt":"2025-12-09T20:44:52","guid":{"rendered":"https:\/\/radiorevelacionfm.cl\/?p=62307"},"modified":"2025-12-09T17:44:52","modified_gmt":"2025-12-09T20:44:52","slug":"autoridades-y-comunidad-celebraron-inicio-de-las-obras-de-reposicion-de-la-plaza-principal-de-villa-ortega","status":"publish","type":"post","link":"https:\/\/radiorevelacionfm.cl\/?p=62307","title":{"rendered":"Autoridades y comunidad celebraron inicio de las obras de reposici\u00f3n de la plaza principal de Villa Ortega"},"content":{"rendered":"<div class=\"flex_column av_one_full  flex_column_div av-zero-column-padding first  avia-builder-el-0  el_before_av_one_full  avia-builder-el-first  \" style='border-radius:0px; '><div  class='avia-image-container  av-styling-    avia-builder-el-1  avia-builder-el-no-sibling  avia-align-center '  itemprop=\"image\" itemscope=\"itemscope\" itemtype=\"https:\/\/schema.org\/ImageObject\"  ><div class='avia-image-container-inner'><div class='avia-image-overlay-wrap'><img decoding=\"async\" class='wp-image-62308 avia-img-lazy-loading-not-62308 avia_image' src=\"https:\/\/radiorevelacionfm.cl\/wp-content\/uploads\/2025\/12\/acto-simbolico-de-entierro-de-capsula-del-tuiempo-en-inicio-de-obras-en-la-plaza-de-villa-ortega-1_optimized-1.jpeg\" alt='' title='acto-simb\u00f3lico-de-entierro-de-capsula-del-tuiempo-en-inicio-de-obras-en-la-plaza-de-villa-ortega-(1)_optimized (1)' height=\"800\" width=\"816\"  itemprop=\"thumbnailUrl\" srcset=\"https:\/\/radiorevelacionfm.cl\/wp-content\/uploads\/2025\/12\/acto-simbolico-de-entierro-de-capsula-del-tuiempo-en-inicio-de-obras-en-la-plaza-de-villa-ortega-1_optimized-1.jpeg 816w, https:\/\/radiorevelacionfm.cl\/wp-content\/uploads\/2025\/12\/acto-simbolico-de-entierro-de-capsula-del-tuiempo-en-inicio-de-obras-en-la-plaza-de-villa-ortega-1_optimized-1-300x294.jpeg 300w, https:\/\/radiorevelacionfm.cl\/wp-content\/uploads\/2025\/12\/acto-simbolico-de-entierro-de-capsula-del-tuiempo-en-inicio-de-obras-en-la-plaza-de-villa-ortega-1_optimized-1-768x753.jpeg 768w, https:\/\/radiorevelacionfm.cl\/wp-content\/uploads\/2025\/12\/acto-simbolico-de-entierro-de-capsula-del-tuiempo-en-inicio-de-obras-en-la-plaza-de-villa-ortega-1_optimized-1-36x36.jpeg 36w, https:\/\/radiorevelacionfm.cl\/wp-content\/uploads\/2025\/12\/acto-simbolico-de-entierro-de-capsula-del-tuiempo-en-inicio-de-obras-en-la-plaza-de-villa-ortega-1_optimized-1-705x691.jpeg 705w, https:\/\/radiorevelacionfm.cl\/wp-content\/uploads\/2025\/12\/acto-simbolico-de-entierro-de-capsula-del-tuiempo-en-inicio-de-obras-en-la-plaza-de-villa-ortega-1_optimized-1-450x441.jpeg 450w, https:\/\/radiorevelacionfm.cl\/wp-content\/uploads\/2025\/12\/acto-simbolico-de-entierro-de-capsula-del-tuiempo-en-inicio-de-obras-en-la-plaza-de-villa-ortega-1_optimized-1-600x588.jpeg 600w\" sizes=\"(max-width: 816px) 100vw, 816px\" \/><\/div><\/div><\/div><\/div><div class=\"flex_column av_one_full  flex_column_div av-zero-column-padding first  avia-builder-el-2  el_after_av_one_full  el_before_av_one_full  column-top-margin\" style='border-radius:0px; '><section class=\"av_textblock_section \"  itemscope=\"itemscope\" itemtype=\"https:\/\/schema.org\/BlogPosting\" itemprop=\"blogPost\" ><div class='avia_textblock  '   itemprop=\"text\" ><p style=\"text-align: center;\"><strong><span style=\"font-size: 18pt;\">Autoridades y comunidad celebraron inicio de las obras de reposici\u00f3n de la plaza principal de Villa Ortega<\/span><\/strong><\/p>\n<div id=\"gtx-trans\" style=\"position: absolute; left: -50px; top: 4.31534px;\">\n<div class=\"gtx-trans-icon\"><\/div>\n<\/div>\n<\/div><\/section><\/div><div class=\"flex_column av_one_full  flex_column_div av-zero-column-padding first  avia-builder-el-4  el_after_av_one_full  el_before_av_hr  column-top-margin\" style='border-radius:0px; '><section class=\"av_textblock_section \"  itemscope=\"itemscope\" itemtype=\"https:\/\/schema.org\/BlogPosting\" itemprop=\"blogPost\" ><div class='avia_textblock  '   itemprop=\"text\" ><p style=\"text-align: justify;\">Con la activa participaci\u00f3n de autoridades, dirigentes, estudiantes y comunidad en general, se realiz\u00f3 este martes la ceremonia con que el Ministerio de Vivienda y Urbanismo (Minvu) dio la partida oficial a las obras de reposici\u00f3n de la plaza principal de Villa Ortega, localidad rural perteneciente a la comuna de Coyhaique<\/p>\n<p style=\"text-align: justify;\">Las obras implican una inversi\u00f3n que bordea los 775 millones de pesos, provenientes del Programa de Espacios P\u00fablicos del Ministerio de Vivienda y ser\u00e1n ejecutadas por la empresa constructora de Crist\u00f3bal Galleguillos Estay, con un plazo de ejecuci\u00f3n de 210 d\u00edas corridos.<\/p>\n<p style=\"text-align: justify;\">La Seremi de Vivienda y Urbanismo, Paulina Ruz Delf\u00edn, destac\u00f3 el trabajo realizado con la comunidad y con el municipio de Coyhaique para sacar adelante muchos proyectos que permiten una mejor calidad de vida tambi\u00e9n en las zonas rurales.<strong> \u201c<\/strong>Como Gobierno hemos tenido una especial preocupaci\u00f3n por la recuperaci\u00f3n de espacios p\u00fablicos y la reposici\u00f3n completa de esta plaza es un compromiso que asumimos con la comunidad. Fui parte de algunas reuniones de participaci\u00f3n y es as\u00ed como esta obra va a contar con luminarias, con un acceso de accesibilidad universal, con juegos para ni\u00f1os y ni\u00f1as y eso tambi\u00e9n se condice con la visi\u00f3n que queremos dar de crear barrios m\u00e1s justos, m\u00e1s equitativos y por supuesto contar con toda la comunidad para ellos. Estamos muy contentos con el trabajo que hemos realizado con el municipio de Coyhaique, ya que hemos tenido un especial enfoque por el sector rural de la comuna, no solamente en materia habitacional, sino que tambi\u00e9n en materia urbana\u201d, se\u00f1al\u00f3.<\/p>\n<p style=\"text-align: justify;\">La presidenta de la Junta de Vecinos de Villa Ortega, Carmen Gloria Alvarado, se mostr\u00f3 feliz con el inicio de las obras, las que traer\u00e1n numerosos beneficios para las familias. \u201cPara nosotros, para la comunidad y para la directiva que estamos asumiendo, es una gran noticia. Estamos s\u00faper felices de que se haya partido con estas obras. Adem\u00e1s, esto est\u00e1 generando mano de obra, hay mujeres tambi\u00e9n empoderadas aqu\u00ed y eso se agradece. Estamos muy felices porque va a ser un lugar de encuentro y de esparcimiento, por eso yo dec\u00eda que ojal\u00e1 estuvieran terminada de aqu\u00ed a septiembre para que la inauguremos con el primer desfile. As\u00ed que muchas gracias por todo\u201d, indic\u00f3.<\/p>\n<p style=\"text-align: justify;\">Tambi\u00e9n el alcalde de la comuna de Coyhaique, Carlos Gatica Villegas, valor\u00f3 el trabajo mancomunado con Ministerio de Vivienda y los vecinos, para dar vida a este y otros proyectos que abarcan diferentes sectores de la comuna. \u201cEsta es una de las obras p\u00fablicas contempladas en este trabajo en equipo con la Seremi de Vivienda y, adem\u00e1s, por supuesto, son trabajos en territorio. Estuvimos en Nirehuao con dos obras muy importantes, en Balmaceda estamos con el programa para Peque\u00f1as Localidades, en El Blanco estamos con pavimentaci\u00f3n y en Villa Ortega tambi\u00e9n ten\u00edamos que estar con la plaza, y eso habla de la importancia de esta villa, que adem\u00e1s de su poblaci\u00f3n juega un rol estrat\u00e9gico para el desarrollo de la comuna\u201d, afirm\u00f3.<\/p>\n<p style=\"text-align: justify;\">El proyecto de reposici\u00f3n de la plaza principal de Vila Ortega, considera intervenir m\u00e1s de 4 mil metros cuadrados. Para ello se incorporan m\u00e1s de 2 mil metros cuadrados de circulaciones peatonales, m\u00e1s de 350 metros de superficie techada y m\u00e1s de 400 metros cuadros de \u00e1rea verde. A las partidas de pavimentos, se suma la instalaci\u00f3n el\u00e9ctrica subterr\u00e1nea, luminarias Led, sistema de evacuaci\u00f3n de aguas lluvia, nueva se\u00f1al\u00e9tica y mobiliario urbano, adem\u00e1s de equipamiento con criterios de accesibilidad universal.<\/p>\n<p style=\"text-align: justify;\">La ceremonia fue amenizada con la brillante presentaci\u00f3n art\u00edstica de los alumnos de la Escuela Pablo Neruda de Villa Ortega, dando paso a la firma de actas por parte de autoridades y comunidad. La actividad se cerr\u00f3 con el entierro de la capsula del tiempo, acto simb\u00f3lico donde quedaron muestras de las actas, planos y otros testimonios para futuras generaciones, dando cuenta de la riqueza cultural de su comunidad.<\/p>\n<\/div><\/section><\/div><div  style='height:50px' class='hr hr-invisible   avia-builder-el-6  el_after_av_one_full  el_before_av_social_share '><span class='hr-inner ' ><span class='hr-inner-style'><\/span><\/span><\/div><\/p>\n<div  class='av-social-sharing-box  avia-builder-el-7  el_after_av_hr  el_before_av_hr  '><div class='av-share-box'><h5 class='av-share-link-description av-no-toc '>Compartir esta noticia<\/h5><ul class='av-share-box-list noLightbox'><li class='av-share-link av-social-link-facebook' ><a target=\"_blank\" aria-label=\"Compartir en Facebook\" href='https:\/\/www.facebook.com\/sharer.php?u=https:\/\/radiorevelacionfm.cl\/?p=62307&#038;t=Autoridades%20y%20comunidad%20celebraron%20inicio%20de%20las%20obras%20de%20reposici%C3%B3n%20de%20la%20plaza%20principal%20de%20Villa%20Ortega' aria-hidden='false' data-av_icon='\ue8f3' data-av_iconfont='entypo-fontello' title='' data-avia-related-tooltip='Compartir en Facebook' rel=\"noopener\"><span class='avia_hidden_link_text'>Compartir en Facebook<\/span><\/a><\/li><li class='av-share-link av-social-link-twitter' ><a target=\"_blank\" aria-label=\"Compartir en Twitter\" href='https:\/\/twitter.com\/share?text=Autoridades%20y%20comunidad%20celebraron%20inicio%20de%20las%20obras%20de%20reposici%C3%B3n%20de%20la%20plaza%20principal%20de%20Villa%20Ortega&#038;url=https:\/\/radiorevelacionfm.cl\/?p=62307' aria-hidden='false' data-av_icon='\ue8f1' data-av_iconfont='entypo-fontello' title='' data-avia-related-tooltip='Compartir en Twitter' rel=\"noopener\"><span class='avia_hidden_link_text'>Compartir en Twitter<\/span><\/a><\/li><li class='av-share-link av-social-link-whatsapp' ><a target=\"_blank\" aria-label=\"Compartir en Whatsapp\" href='https:\/\/api.whatsapp.com\/send?text=https:\/\/radiorevelacionfm.cl\/?p=62307' aria-hidden='false' data-av_icon='\uf232' data-av_iconfont='entypo-fontello' title='' data-avia-related-tooltip='Compartir en Whatsapp' rel=\"noopener\"><span class='avia_hidden_link_text'>Compartir en Whatsapp<\/span><\/a><\/li><li class='av-share-link av-social-link-linkedin' ><a target=\"_blank\" aria-label=\"Compartir en LinkedIn\" href='https:\/\/linkedin.com\/shareArticle?mini=true&#038;title=Autoridades%20y%20comunidad%20celebraron%20inicio%20de%20las%20obras%20de%20reposici%C3%B3n%20de%20la%20plaza%20principal%20de%20Villa%20Ortega&#038;url=https:\/\/radiorevelacionfm.cl\/?p=62307' aria-hidden='false' data-av_icon='\ue8fc' data-av_iconfont='entypo-fontello' title='' data-avia-related-tooltip='Compartir en LinkedIn' rel=\"noopener\"><span class='avia_hidden_link_text'>Compartir en LinkedIn<\/span><\/a><\/li><li class='av-share-link av-social-link-mail' ><a  aria-label=\"Compartir por correo\" href='mailto:?subject=Autoridades%20y%20comunidad%20celebraron%20inicio%20de%20las%20obras%20de%20reposici%C3%B3n%20de%20la%20plaza%20principal%20de%20Villa%20Ortega&#038;body=https:\/\/radiorevelacionfm.cl\/?p=62307' aria-hidden='false' data-av_icon='\ue805' data-av_iconfont='entypo-fontello' title='' data-avia-related-tooltip='Compartir por correo'><span class='avia_hidden_link_text'>Compartir por correo<\/span><\/a><\/li><\/ul><\/div><\/div>\n<div  style='height:50px' class='hr hr-invisible   avia-builder-el-8  el_after_av_social_share  el_before_av_comments_list '><span class='hr-inner ' ><span class='hr-inner-style'><\/span><\/span><\/div>\n<div  class='av-buildercomment  av-blog-meta-html-info-disabled av-blog-meta-tag-disabled  '><\/div>\n","protected":false},"excerpt":{"rendered":"","protected":false},"author":1,"featured_media":62308,"comment_status":"closed","ping_status":"closed","sticky":false,"template":"","format":"standard","meta":{"footnotes":""},"categories":[57],"tags":[],"class_list":["post-62307","post","type-post","status-publish","format-standard","has-post-thumbnail","hentry","category-vivienda"],"jetpack_featured_media_url":"https:\/\/radiorevelacionfm.cl\/wp-content\/uploads\/2025\/12\/acto-simbolico-de-entierro-de-capsula-del-tuiempo-en-inicio-de-obras-en-la-plaza-de-villa-ortega-1_optimized-1.jpeg","_links":{"self":[{"href":"https:\/\/radiorevelacionfm.cl\/index.php?rest_route=\/wp\/v2\/posts\/62307","targetHints":{"allow":["GET"]}}],"collection":[{"href":"https:\/\/radiorevelacionfm.cl\/index.php?rest_route=\/wp\/v2\/posts"}],"about":[{"href":"https:\/\/radiorevelacionfm.cl\/index.php?rest_route=\/wp\/v2\/types\/post"}],"author":[{"embeddable":true,"href":"https:\/\/radiorevelacionfm.cl\/index.php?rest_route=\/wp\/v2\/users\/1"}],"replies":[{"embeddable":true,"href":"https:\/\/radiorevelacionfm.cl\/index.php?rest_route=%2Fwp%2Fv2%2Fcomments&post=62307"}],"version-history":[{"count":2,"href":"https:\/\/radiorevelacionfm.cl\/index.php?rest_route=\/wp\/v2\/posts\/62307\/revisions"}],"predecessor-version":[{"id":62310,"href":"https:\/\/radiorevelacionfm.cl\/index.php?rest_route=\/wp\/v2\/posts\/62307\/revisions\/62310"}],"wp:featuredmedia":[{"embeddable":true,"href":"https:\/\/radiorevelacionfm.cl\/index.php?rest_route=\/wp\/v2\/media\/62308"}],"wp:attachment":[{"href":"https:\/\/radiorevelacionfm.cl\/index.php?rest_route=%2Fwp%2Fv2%2Fmedia&parent=62307"}],"wp:term":[{"taxonomy":"category","embeddable":true,"href":"https:\/\/radiorevelacionfm.cl\/index.php?rest_route=%2Fwp%2Fv2%2Fcategories&post=62307"},{"taxonomy":"post_tag","embeddable":true,"href":"https:\/\/radiorevelacionfm.cl\/index.php?rest_route=%2Fwp%2Fv2%2Ftags&post=62307"}],"curies":[{"name":"wp","href":"https:\/\/api.w.org\/{rel}","templated":true}]}}