{"id":62294,"date":"2025-12-09T16:31:09","date_gmt":"2025-12-09T19:31:09","guid":{"rendered":"https:\/\/radiorevelacionfm.cl\/?p=62294"},"modified":"2025-12-09T16:31:09","modified_gmt":"2025-12-09T19:31:09","slug":"cochrane-vivio-jornada-de-ciencia-en-el-territorio-con-investigadores-ciep","status":"publish","type":"post","link":"https:\/\/radiorevelacionfm.cl\/?p=62294","title":{"rendered":"Cochrane vivi\u00f3 jornada de \u201cCiencia en el Territorio\u201d con investigadores CIEP"},"content":{"rendered":"<div class=\"flex_column av_one_full  flex_column_div av-zero-column-padding first  avia-builder-el-0  el_before_av_one_full  avia-builder-el-first  \" style='border-radius:0px; '><div  class='avia-image-container  av-styling-    avia-builder-el-1  avia-builder-el-no-sibling  avia-align-center '  itemprop=\"image\" itemscope=\"itemscope\" itemtype=\"https:\/\/schema.org\/ImageObject\"  ><div class='avia-image-container-inner'><div class='avia-image-overlay-wrap'><img decoding=\"async\" class='wp-image-62295 avia-img-lazy-loading-not-62295 avia_image' src=\"https:\/\/radiorevelacionfm.cl\/wp-content\/uploads\/2025\/12\/ciencia-en-el-territorio-cochrane-ciep-4-1_optimized.jpg\" alt='' title='ciencia-en-el-territorio-cochrane-ciep-4-(1)_optimized' height=\"600\" width=\"800\"  itemprop=\"thumbnailUrl\" srcset=\"https:\/\/radiorevelacionfm.cl\/wp-content\/uploads\/2025\/12\/ciencia-en-el-territorio-cochrane-ciep-4-1_optimized.jpg 800w, https:\/\/radiorevelacionfm.cl\/wp-content\/uploads\/2025\/12\/ciencia-en-el-territorio-cochrane-ciep-4-1_optimized-300x225.jpg 300w, https:\/\/radiorevelacionfm.cl\/wp-content\/uploads\/2025\/12\/ciencia-en-el-territorio-cochrane-ciep-4-1_optimized-768x576.jpg 768w, https:\/\/radiorevelacionfm.cl\/wp-content\/uploads\/2025\/12\/ciencia-en-el-territorio-cochrane-ciep-4-1_optimized-705x529.jpg 705w, https:\/\/radiorevelacionfm.cl\/wp-content\/uploads\/2025\/12\/ciencia-en-el-territorio-cochrane-ciep-4-1_optimized-450x338.jpg 450w, https:\/\/radiorevelacionfm.cl\/wp-content\/uploads\/2025\/12\/ciencia-en-el-territorio-cochrane-ciep-4-1_optimized-600x450.jpg 600w\" sizes=\"(max-width: 800px) 100vw, 800px\" \/><\/div><\/div><\/div><\/div><div class=\"flex_column av_one_full  flex_column_div av-zero-column-padding first  avia-builder-el-2  el_after_av_one_full  el_before_av_one_full  column-top-margin\" style='border-radius:0px; '><section class=\"av_textblock_section \"  itemscope=\"itemscope\" itemtype=\"https:\/\/schema.org\/BlogPosting\" itemprop=\"blogPost\" ><div class='avia_textblock  '   itemprop=\"text\" ><p style=\"text-align: center;\"><strong><span style=\"font-size: 18pt;\">Cochrane vivi\u00f3 jornada de \u201cCiencia en el Territorio\u201d con investigadores CIEP<\/span><\/strong><\/p>\n<div id=\"gtx-trans\" style=\"position: absolute; left: -50px; top: 4.31534px;\">\n<div class=\"gtx-trans-icon\"><\/div>\n<\/div>\n<\/div><\/section><\/div><div class=\"flex_column av_one_full  flex_column_div av-zero-column-padding first  avia-builder-el-4  el_after_av_one_full  el_before_av_hr  column-top-margin\" style='border-radius:0px; '><section class=\"av_textblock_section \"  itemscope=\"itemscope\" itemtype=\"https:\/\/schema.org\/BlogPosting\" itemprop=\"blogPost\" ><div class='avia_textblock  '   itemprop=\"text\" ><p style=\"text-align: justify;\">M\u00e1s de 200 personas recorrieron los stand cient\u00edficos que se instalaron el pasado viernes en el Mercado Municipal de Cochrane, en la jornada de divulgaci\u00f3n \u201cCiencia en el Territorio\u201d,\u00a0que impuls\u00f3 el centro de investigaci\u00f3n CIEP, con la colaboraci\u00f3n del municipio de Cochrane y el financiamiento del Gobierno Regional de Ays\u00e9n y su Consejo.<\/p>\n<p style=\"text-align: justify;\">El programa que contempl\u00f3 charlas, talleres y una obra teatral, tuvo como centro de interacci\u00f3n una decena de stand con las diferentes l\u00edneas de investigaci\u00f3n cient\u00edfica, e incluy\u00f3 adem\u00e1s -como expositores- a alumnos del Liceo Bicentenario Austral Lord Cochrane, y a organizaciones tales como Descubriendo Cochrane, Round River, y Fundaci\u00f3n Parque La Tapera.<\/p>\n<p style=\"text-align: justify;\">En la inauguraci\u00f3n de la feria \u201cCiencia en el Territorio\u201d particip\u00f3 el subsecretario de Ciencias, Cristi\u00e1n Cuevas, junto a la seremi de Ciencias de Ays\u00e9n, Gabriela Olivares; el alcalde de Cochrane, Patricio Ulloa; la delegada provincial de Capit\u00e1n Prat, Marta Montiel, el subdirector de Vinculaci\u00f3n y Transferencia de CIEP, Dr. Claudio Herrera, adem\u00e1s de investigadores, funcionarios, profesores y estudiantes.<\/p>\n<p style=\"text-align: justify;\">Durante la jornada, que se desarroll\u00f3 dese las 8:30 y hasta las 19 horas, asistieron alumnos de la Escuela Teniente Hern\u00e1n Merino Correa, turistas y p\u00fablico en general, quienes dialogaron con los investigadores de CIEP, pudiendo revisar con lupa y microscopios, muestras oceanogr\u00e1ficas, an\u00e1lisis de hongos, l\u00edquenes y par\u00e1metros del agua extra\u00edda del r\u00edo Cochrane, as\u00ed como conocer y revisar los sensores meteorol\u00f3gicos, y de calidad del aire desarrollados por CIEP, y aprender con display informativos de los estudios de Laboratorio Social e iniciativas sobre energ\u00eda renovable, entre otros.<\/p>\n<p style=\"text-align: justify;\">TEATRO SOBRE EL AGUA<\/p>\n<p style=\"text-align: justify;\">Otras actividades propuestas por CIEP, que tuvieron concurrida asistencia, fueron charlas de ciencia, especialmente dedicada a los asistentes, en primer lugar, la presentaci\u00f3n de la Dra. Lenna Ortiz con el tema \u201cHerramientas de Modelaci\u00f3n y R\u00edos Atmosf\u00e9ricos\u201d, y m\u00e1s tarde el investigador Gustavo Aedo, quien comparti\u00f3 la exposici\u00f3n referida a la pesca recreativa, los consejos regionales y las medidas de administraci\u00f3n aplicables.<\/p>\n<p style=\"text-align: justify;\">Por la tarde, estudiantes tuvieron la experiencia de participar en un taller pr\u00e1ctico a cargo del equipo DulceAcu\u00edcola en el estero del r\u00edo Cochrane, mientras el Laboratorio EcoClim\u00e1tico entreg\u00f3 a representantes de los establecimientos educacionales y municipales, infograf\u00edas sobre los estudios relacionados a la calidad del aire.<\/p>\n<p style=\"text-align: justify;\">Al final de la jornada, se present\u00f3 la obra de teatro \u201cLa gotita de agua que llega a la tierra\u201d con la actuaci\u00f3n de Kuyen del Bosque y la participaci\u00f3n especial del Dr. Brian Reid, subdirector cient\u00edfico de CIEP, cerrando as\u00ed la segunda versi\u00f3n de \u201cCiencia en el Territorio\u201d realizada durante este a\u00f1o 2025 en la regi\u00f3n.<\/p>\n<\/div><\/section><\/div><div  style='height:50px' class='hr hr-invisible   avia-builder-el-6  el_after_av_one_full  el_before_av_social_share '><span class='hr-inner ' ><span class='hr-inner-style'><\/span><\/span><\/div><\/p>\n<div  class='av-social-sharing-box  avia-builder-el-7  el_after_av_hr  el_before_av_hr  '><div class='av-share-box'><h5 class='av-share-link-description av-no-toc '>Compartir esta noticia<\/h5><ul class='av-share-box-list noLightbox'><li class='av-share-link av-social-link-facebook' ><a target=\"_blank\" aria-label=\"Compartir en Facebook\" href='https:\/\/www.facebook.com\/sharer.php?u=https:\/\/radiorevelacionfm.cl\/?p=62294&#038;t=Cochrane%20vivi%C3%B3%20jornada%20de%20%E2%80%9CCiencia%20en%20el%20Territorio%E2%80%9D%20con%20investigadores%20CIEP' aria-hidden='false' data-av_icon='\ue8f3' data-av_iconfont='entypo-fontello' title='' data-avia-related-tooltip='Compartir en Facebook' rel=\"noopener\"><span class='avia_hidden_link_text'>Compartir en Facebook<\/span><\/a><\/li><li class='av-share-link av-social-link-twitter' ><a target=\"_blank\" aria-label=\"Compartir en Twitter\" href='https:\/\/twitter.com\/share?text=Cochrane%20vivi%C3%B3%20jornada%20de%20%E2%80%9CCiencia%20en%20el%20Territorio%E2%80%9D%20con%20investigadores%20CIEP&#038;url=https:\/\/radiorevelacionfm.cl\/?p=62294' aria-hidden='false' data-av_icon='\ue8f1' data-av_iconfont='entypo-fontello' title='' data-avia-related-tooltip='Compartir en Twitter' rel=\"noopener\"><span class='avia_hidden_link_text'>Compartir en Twitter<\/span><\/a><\/li><li class='av-share-link av-social-link-whatsapp' ><a target=\"_blank\" aria-label=\"Compartir en Whatsapp\" href='https:\/\/api.whatsapp.com\/send?text=https:\/\/radiorevelacionfm.cl\/?p=62294' aria-hidden='false' data-av_icon='\uf232' data-av_iconfont='entypo-fontello' title='' data-avia-related-tooltip='Compartir en Whatsapp' rel=\"noopener\"><span class='avia_hidden_link_text'>Compartir en Whatsapp<\/span><\/a><\/li><li class='av-share-link av-social-link-linkedin' ><a target=\"_blank\" aria-label=\"Compartir en LinkedIn\" href='https:\/\/linkedin.com\/shareArticle?mini=true&#038;title=Cochrane%20vivi%C3%B3%20jornada%20de%20%E2%80%9CCiencia%20en%20el%20Territorio%E2%80%9D%20con%20investigadores%20CIEP&#038;url=https:\/\/radiorevelacionfm.cl\/?p=62294' aria-hidden='false' data-av_icon='\ue8fc' data-av_iconfont='entypo-fontello' title='' data-avia-related-tooltip='Compartir en LinkedIn' rel=\"noopener\"><span class='avia_hidden_link_text'>Compartir en LinkedIn<\/span><\/a><\/li><li class='av-share-link av-social-link-mail' ><a  aria-label=\"Compartir por correo\" href='mailto:?subject=Cochrane%20vivi%C3%B3%20jornada%20de%20%E2%80%9CCiencia%20en%20el%20Territorio%E2%80%9D%20con%20investigadores%20CIEP&#038;body=https:\/\/radiorevelacionfm.cl\/?p=62294' aria-hidden='false' data-av_icon='\ue805' data-av_iconfont='entypo-fontello' title='' data-avia-related-tooltip='Compartir por correo'><span class='avia_hidden_link_text'>Compartir por correo<\/span><\/a><\/li><\/ul><\/div><\/div>\n<div  style='height:50px' class='hr hr-invisible   avia-builder-el-8  el_after_av_social_share  el_before_av_comments_list '><span class='hr-inner ' ><span class='hr-inner-style'><\/span><\/span><\/div>\n<div  class='av-buildercomment  av-blog-meta-html-info-disabled av-blog-meta-tag-disabled  '><\/div>\n","protected":false},"excerpt":{"rendered":"","protected":false},"author":1,"featured_media":62295,"comment_status":"closed","ping_status":"closed","sticky":false,"template":"","format":"standard","meta":{"footnotes":""},"categories":[38],"tags":[],"class_list":["post-62294","post","type-post","status-publish","format-standard","has-post-thumbnail","hentry","category-regional"],"jetpack_featured_media_url":"https:\/\/radiorevelacionfm.cl\/wp-content\/uploads\/2025\/12\/ciencia-en-el-territorio-cochrane-ciep-4-1_optimized.jpg","_links":{"self":[{"href":"https:\/\/radiorevelacionfm.cl\/index.php?rest_route=\/wp\/v2\/posts\/62294","targetHints":{"allow":["GET"]}}],"collection":[{"href":"https:\/\/radiorevelacionfm.cl\/index.php?rest_route=\/wp\/v2\/posts"}],"about":[{"href":"https:\/\/radiorevelacionfm.cl\/index.php?rest_route=\/wp\/v2\/types\/post"}],"author":[{"embeddable":true,"href":"https:\/\/radiorevelacionfm.cl\/index.php?rest_route=\/wp\/v2\/users\/1"}],"replies":[{"embeddable":true,"href":"https:\/\/radiorevelacionfm.cl\/index.php?rest_route=%2Fwp%2Fv2%2Fcomments&post=62294"}],"version-history":[{"count":1,"href":"https:\/\/radiorevelacionfm.cl\/index.php?rest_route=\/wp\/v2\/posts\/62294\/revisions"}],"predecessor-version":[{"id":62296,"href":"https:\/\/radiorevelacionfm.cl\/index.php?rest_route=\/wp\/v2\/posts\/62294\/revisions\/62296"}],"wp:featuredmedia":[{"embeddable":true,"href":"https:\/\/radiorevelacionfm.cl\/index.php?rest_route=\/wp\/v2\/media\/62295"}],"wp:attachment":[{"href":"https:\/\/radiorevelacionfm.cl\/index.php?rest_route=%2Fwp%2Fv2%2Fmedia&parent=62294"}],"wp:term":[{"taxonomy":"category","embeddable":true,"href":"https:\/\/radiorevelacionfm.cl\/index.php?rest_route=%2Fwp%2Fv2%2Fcategories&post=62294"},{"taxonomy":"post_tag","embeddable":true,"href":"https:\/\/radiorevelacionfm.cl\/index.php?rest_route=%2Fwp%2Fv2%2Ftags&post=62294"}],"curies":[{"name":"wp","href":"https:\/\/api.w.org\/{rel}","templated":true}]}}