{"id":62290,"date":"2025-12-09T15:11:14","date_gmt":"2025-12-09T18:11:14","guid":{"rendered":"https:\/\/radiorevelacionfm.cl\/?p=62290"},"modified":"2025-12-09T15:11:14","modified_gmt":"2025-12-09T18:11:14","slug":"termometro-laboral-regional-ocupacion-femenina-aumenta-a-26-862-personas","status":"publish","type":"post","link":"https:\/\/radiorevelacionfm.cl\/?p=62290","title":{"rendered":"Term\u00f3metro laboral regional: Ocupaci\u00f3n femenina aumenta a 26.862 personas"},"content":{"rendered":"<div class=\"flex_column av_one_full  flex_column_div av-zero-column-padding first  avia-builder-el-0  el_before_av_one_full  avia-builder-el-first  \" style='border-radius:0px; '><div  class='avia-image-container  av-styling-    avia-builder-el-1  avia-builder-el-no-sibling  avia-align-center '  itemprop=\"image\" itemscope=\"itemscope\" itemtype=\"https:\/\/schema.org\/ImageObject\"  ><div class='avia-image-container-inner'><div class='avia-image-overlay-wrap'><img decoding=\"async\" class='wp-image-62291 avia-img-lazy-loading-not-62291 avia_image' src=\"https:\/\/radiorevelacionfm.cl\/wp-content\/uploads\/2025\/12\/mujeres-en-mercado-1_optimized.jpg\" alt='' title='mujeres-en-mercado-(1)_optimized' height=\"600\" width=\"1001\"  itemprop=\"thumbnailUrl\" srcset=\"https:\/\/radiorevelacionfm.cl\/wp-content\/uploads\/2025\/12\/mujeres-en-mercado-1_optimized.jpg 1001w, https:\/\/radiorevelacionfm.cl\/wp-content\/uploads\/2025\/12\/mujeres-en-mercado-1_optimized-300x180.jpg 300w, https:\/\/radiorevelacionfm.cl\/wp-content\/uploads\/2025\/12\/mujeres-en-mercado-1_optimized-768x460.jpg 768w, https:\/\/radiorevelacionfm.cl\/wp-content\/uploads\/2025\/12\/mujeres-en-mercado-1_optimized-705x423.jpg 705w, https:\/\/radiorevelacionfm.cl\/wp-content\/uploads\/2025\/12\/mujeres-en-mercado-1_optimized-450x270.jpg 450w, https:\/\/radiorevelacionfm.cl\/wp-content\/uploads\/2025\/12\/mujeres-en-mercado-1_optimized-600x360.jpg 600w\" sizes=\"(max-width: 1001px) 100vw, 1001px\" \/><\/div><\/div><\/div><\/div><div class=\"flex_column av_one_full  flex_column_div av-zero-column-padding first  avia-builder-el-2  el_after_av_one_full  el_before_av_one_full  column-top-margin\" style='border-radius:0px; '><section class=\"av_textblock_section \"  itemscope=\"itemscope\" itemtype=\"https:\/\/schema.org\/BlogPosting\" itemprop=\"blogPost\" ><div class='avia_textblock  '   itemprop=\"text\" ><p style=\"text-align: center;\"><strong><span style=\"font-size: 18pt;\">Term\u00f3metro laboral regional: Ocupaci\u00f3n femenina aumenta a 26.862 personas<\/span><\/strong><\/p>\n<div id=\"gtx-trans\" style=\"position: absolute; left: -50px; top: 4.31534px;\">\n<div class=\"gtx-trans-icon\"><\/div>\n<\/div>\n<\/div><\/section><\/div><div class=\"flex_column av_one_full  flex_column_div av-zero-column-padding first  avia-builder-el-4  el_after_av_one_full  el_before_av_hr  column-top-margin\" style='border-radius:0px; '><section class=\"av_textblock_section \"  itemscope=\"itemscope\" itemtype=\"https:\/\/schema.org\/BlogPosting\" itemprop=\"blogPost\" ><div class='avia_textblock  '   itemprop=\"text\" ><ul>\n<li style=\"text-align: justify;\"><em>El informe tambi\u00e9n destaca el crecimiento de un 2,6% con respecto a los asalariados del sector privado. <\/em><\/li>\n<\/ul>\n<p style=\"text-align: justify;\">El Observatorio Laboral de Ays\u00e9n, programa de la Subsecretar\u00eda del Trabajo y ejecutado por el Centro de Formaci\u00f3n T\u00e9cnica Estatal de la regi\u00f3n de Ays\u00e9n, presenta una nueva edici\u00f3n del term\u00f3metro laboral, correspondiente al an\u00e1lisis del trimestre m\u00f3vil agosto-septiembre-octubre 2025 de la Encuesta Nacional de Empleo, ENE, entregada hace unos d\u00edas por el Instituto Nacional de Estad\u00edsticas, INE.<\/p>\n<p style=\"text-align: justify;\">La tasa de desocupaci\u00f3n regional alcanza un 3,9% a nivel regional, que representa una disminuci\u00f3n del 0,7pp. del desempleo a igual periodo del a\u00f1o pasado. A pesar de que los datos oficiales m\u00e1s recientes muestran una leve baja en la ocupaci\u00f3n total, la regi\u00f3n de Ays\u00e9n lidera los indicadores laborales nacionales por s\u00e9ptimo trimestre m\u00f3vil consecutivo con una tasa de participaci\u00f3n del 70,4%, mientras que la ocupaci\u00f3n llega al 67,7% y la tasa de desocupaci\u00f3n es de un 3,9%. Con respecto a la informalidad, esta alcanza un 29,4%.<\/p>\n<p style=\"text-align: justify;\"><strong><u>La historicidad de la informalidad<\/u><\/strong><\/p>\n<p style=\"text-align: justify;\">Si hacemos un comparativo de la informalidad del trimestre actual con el trimestre m\u00f3vil agosto-septiembre-octubre 2024, que fue del 30,3% nos damos cuenta de que existe una baja de 0,9 p.p, lo que es una gran noticia no solo para la poblaci\u00f3n en general, sino tambi\u00e9n para las autoridades competentes quienes est\u00e1n en constante ejercicio y puesta en marcha de diversas pol\u00edticas p\u00fablicas que buscan mitigar estas cifras.<\/p>\n<p style=\"text-align: justify;\">Frente a esto, el seremi(s) del Trabajo y Previsi\u00f3n Social, Rodrigo D\u00edaz Cordaro, hace un an\u00e1lisis comparativo con el a\u00f1o 2023, dando cuenta de c\u00f3mo los indicadores han fluctuado positivamente.<\/p>\n<p style=\"text-align: justify;\"><em>\u201cSi nos remontamos al a\u00f1o 2023 y 2024, en nuestra regi\u00f3n exist\u00edan 18.579 y 18.065 personas informales, respectivamente, mientras que en la actualidad solo tenemos 17.449 personas de las cuales 10.212 son hombres y 7.237 mujeres, lo que es un avance muy significativo para nosotros como Ministerio del Trabajo y Previsi\u00f3n Social ya que han sido varias las pol\u00edticas p\u00fablicas que hemos puesto en marcha donde ya podemos ver sus frutos. Adem\u00e1s de aquello, es importante destacar la evoluci\u00f3n femenina en el empleo, puesto que en esta nueva edici\u00f3n del term\u00f3metro podemos ver como aument\u00f3 su nivel de ocupaci\u00f3n con una variaci\u00f3n positiva mensual de 1.160 mujeres, lo que sin lugar a duda es una muy buena noticia, ya que las brechas de g\u00e9nero en las contrataciones es una situaci\u00f3n que hemos mirado con mucha detenci\u00f3n como gobierno y hemos procurado que esta brecha se acorte a medida que pase el tiempo, como tambi\u00e9n brindar garant\u00edas que aseguren una correcta conciliaci\u00f3n de la vida personal, familiar y laboral, adem\u00e1s de la maternidad y corresponsabilidad parental \u201d, <\/em>cerr\u00f3 la autoridad.<\/p>\n<p style=\"text-align: justify;\">Complementando lo de brechas de g\u00e9nero y ocupaci\u00f3n, esta \u00faltima tiene una cifra de 59.288 personas en la regi\u00f3n, representada por 26.862 mujeres y 32.426 hombres, destacando el sector femenino con un crecimiento de 0,3 p.p. interanual.<\/p>\n<p style=\"text-align: justify;\"><strong><u>El aporte sostenido del comercio<\/u><\/strong><\/p>\n<p style=\"text-align: justify;\">Al momento de analizar las incidencias por sector econ\u00f3mico y grupos ocupacionales, en este \u00faltimo se observa que el mayor crecimiento anual correspondi\u00f3 a \u201cT\u00e9cnicos y profesionales de nivel medio\u201d que tuvo una expansi\u00f3n de 1,7%, mientras que en el extremo contrario los \u201cOperadores de instalaciones, m\u00e1quinas y ensambladores\u201d registraron una ca\u00edda de 4,1%.<\/p>\n<p style=\"text-align: justify;\">Por otro lado, la incidencia de \u201cComercio al por mayor y al por menor\u201d es de un alza anual de 10,6%, mientras que la \u201cEnse\u00f1anza\u201d mostr\u00f3 el retroceso m\u00e1s marcado, con una baja de 21,0% en el periodo interanual.<\/p>\n<p style=\"text-align: justify;\">Referente al impacto del comercio, C\u00e9sar G\u00f3mez Berrocal, director ejecutivo del Observatorio Laboral, indica que son la rama con mayor n\u00famero de ocupados este trimestre m\u00f3vil, representado por un 14,0% de la poblaci\u00f3n ocupada regional y un 1,3% del total en la ocupaci\u00f3n.<\/p>\n<p style=\"text-align: justify;\"><em>\u201cBueno, como hemos venido observando en las \u00faltimas ediciones del term\u00f3metro laboral, existe una recuperaci\u00f3n en el empleo formal y al mismo tiempo, en particular, en el sector del comercio que representa la rama de actividad econ\u00f3mica que m\u00e1s aporta a la fuerza de trabajo a nivel regional con un 14% de la poblaci\u00f3n ocupada y que a la vez ha tenido una incidencia en la ocupaci\u00f3n con un 1.3% del total. Esto est\u00e1 en l\u00ednea con los datos que se recogen a partir de las cifras econ\u00f3micas, en particular con el aporte al PIB en donde podemos ver tambi\u00e9n una variaci\u00f3n positiva desde el a\u00f1o 2024 al a\u00f1o 2025 en donde el aporte al PIB del sector comercio creci\u00f3 desde 16.600 millones de pesos a 17.200 millones de pesos\u201d<\/em> indic\u00f3 el director.<\/p>\n<p style=\"text-align: justify;\">El Observatorio Laboral de Ays\u00e9n, es parte de la Estrategia Nacional de Prospecci\u00f3n Laboral, convenio firmado entre el Centro de Formaci\u00f3n T\u00e9cnica Estatal de Ays\u00e9n y la Subsecretaria del Trabajo, representada por la Seremi de Trabajo y Previsi\u00f3n Social. Para acceder al Term\u00f3metro Laboral del trimestre agosto-septiembre-octubre, el link es: <a href=\"https:\/\/www.subtrab.gob.cl\/tl\/\">https:\/\/www.subtrab.gob.cl\/tl\/<\/a> y dar click a regi\u00f3n de Ays\u00e9n.<\/p>\n<\/div><\/section><\/div><div  style='height:50px' class='hr hr-invisible   avia-builder-el-6  el_after_av_one_full  el_before_av_social_share '><span class='hr-inner ' ><span class='hr-inner-style'><\/span><\/span><\/div><\/p>\n<div  class='av-social-sharing-box  avia-builder-el-7  el_after_av_hr  el_before_av_hr  '><div class='av-share-box'><h5 class='av-share-link-description av-no-toc '>Compartir esta noticia<\/h5><ul class='av-share-box-list noLightbox'><li class='av-share-link av-social-link-facebook' ><a target=\"_blank\" aria-label=\"Compartir en Facebook\" href='https:\/\/www.facebook.com\/sharer.php?u=https:\/\/radiorevelacionfm.cl\/?p=62290&#038;t=Term%C3%B3metro%20laboral%20regional%3A%20Ocupaci%C3%B3n%20femenina%20aumenta%20a%2026.862%20personas' aria-hidden='false' data-av_icon='\ue8f3' data-av_iconfont='entypo-fontello' title='' data-avia-related-tooltip='Compartir en Facebook' rel=\"noopener\"><span class='avia_hidden_link_text'>Compartir en Facebook<\/span><\/a><\/li><li class='av-share-link av-social-link-twitter' ><a target=\"_blank\" aria-label=\"Compartir en Twitter\" href='https:\/\/twitter.com\/share?text=Term%C3%B3metro%20laboral%20regional%3A%20Ocupaci%C3%B3n%20femenina%20aumenta%20a%2026.862%20personas&#038;url=https:\/\/radiorevelacionfm.cl\/?p=62290' aria-hidden='false' data-av_icon='\ue8f1' data-av_iconfont='entypo-fontello' title='' data-avia-related-tooltip='Compartir en Twitter' rel=\"noopener\"><span class='avia_hidden_link_text'>Compartir en Twitter<\/span><\/a><\/li><li class='av-share-link av-social-link-whatsapp' ><a target=\"_blank\" aria-label=\"Compartir en Whatsapp\" href='https:\/\/api.whatsapp.com\/send?text=https:\/\/radiorevelacionfm.cl\/?p=62290' aria-hidden='false' data-av_icon='\uf232' data-av_iconfont='entypo-fontello' title='' data-avia-related-tooltip='Compartir en Whatsapp' rel=\"noopener\"><span class='avia_hidden_link_text'>Compartir en Whatsapp<\/span><\/a><\/li><li class='av-share-link av-social-link-linkedin' ><a target=\"_blank\" aria-label=\"Compartir en LinkedIn\" href='https:\/\/linkedin.com\/shareArticle?mini=true&#038;title=Term%C3%B3metro%20laboral%20regional%3A%20Ocupaci%C3%B3n%20femenina%20aumenta%20a%2026.862%20personas&#038;url=https:\/\/radiorevelacionfm.cl\/?p=62290' aria-hidden='false' data-av_icon='\ue8fc' data-av_iconfont='entypo-fontello' title='' data-avia-related-tooltip='Compartir en LinkedIn' rel=\"noopener\"><span class='avia_hidden_link_text'>Compartir en LinkedIn<\/span><\/a><\/li><li class='av-share-link av-social-link-mail' ><a  aria-label=\"Compartir por correo\" href='mailto:?subject=Term%C3%B3metro%20laboral%20regional%3A%20Ocupaci%C3%B3n%20femenina%20aumenta%20a%2026.862%20personas&#038;body=https:\/\/radiorevelacionfm.cl\/?p=62290' aria-hidden='false' data-av_icon='\ue805' data-av_iconfont='entypo-fontello' title='' data-avia-related-tooltip='Compartir por correo'><span class='avia_hidden_link_text'>Compartir por correo<\/span><\/a><\/li><\/ul><\/div><\/div>\n<div  style='height:50px' class='hr hr-invisible   avia-builder-el-8  el_after_av_social_share  el_before_av_comments_list '><span class='hr-inner ' ><span class='hr-inner-style'><\/span><\/span><\/div>\n<div  class='av-buildercomment  av-blog-meta-html-info-disabled av-blog-meta-tag-disabled  '><\/div>\n","protected":false},"excerpt":{"rendered":"","protected":false},"author":1,"featured_media":62291,"comment_status":"closed","ping_status":"closed","sticky":false,"template":"","format":"standard","meta":{"footnotes":""},"categories":[38],"tags":[],"class_list":["post-62290","post","type-post","status-publish","format-standard","has-post-thumbnail","hentry","category-regional"],"jetpack_featured_media_url":"https:\/\/radiorevelacionfm.cl\/wp-content\/uploads\/2025\/12\/mujeres-en-mercado-1_optimized.jpg","_links":{"self":[{"href":"https:\/\/radiorevelacionfm.cl\/index.php?rest_route=\/wp\/v2\/posts\/62290","targetHints":{"allow":["GET"]}}],"collection":[{"href":"https:\/\/radiorevelacionfm.cl\/index.php?rest_route=\/wp\/v2\/posts"}],"about":[{"href":"https:\/\/radiorevelacionfm.cl\/index.php?rest_route=\/wp\/v2\/types\/post"}],"author":[{"embeddable":true,"href":"https:\/\/radiorevelacionfm.cl\/index.php?rest_route=\/wp\/v2\/users\/1"}],"replies":[{"embeddable":true,"href":"https:\/\/radiorevelacionfm.cl\/index.php?rest_route=%2Fwp%2Fv2%2Fcomments&post=62290"}],"version-history":[{"count":2,"href":"https:\/\/radiorevelacionfm.cl\/index.php?rest_route=\/wp\/v2\/posts\/62290\/revisions"}],"predecessor-version":[{"id":62293,"href":"https:\/\/radiorevelacionfm.cl\/index.php?rest_route=\/wp\/v2\/posts\/62290\/revisions\/62293"}],"wp:featuredmedia":[{"embeddable":true,"href":"https:\/\/radiorevelacionfm.cl\/index.php?rest_route=\/wp\/v2\/media\/62291"}],"wp:attachment":[{"href":"https:\/\/radiorevelacionfm.cl\/index.php?rest_route=%2Fwp%2Fv2%2Fmedia&parent=62290"}],"wp:term":[{"taxonomy":"category","embeddable":true,"href":"https:\/\/radiorevelacionfm.cl\/index.php?rest_route=%2Fwp%2Fv2%2Fcategories&post=62290"},{"taxonomy":"post_tag","embeddable":true,"href":"https:\/\/radiorevelacionfm.cl\/index.php?rest_route=%2Fwp%2Fv2%2Ftags&post=62290"}],"curies":[{"name":"wp","href":"https:\/\/api.w.org\/{rel}","templated":true}]}}