{"id":62286,"date":"2025-12-09T12:51:33","date_gmt":"2025-12-09T15:51:33","guid":{"rendered":"https:\/\/radiorevelacionfm.cl\/?p=62286"},"modified":"2025-12-09T12:51:33","modified_gmt":"2025-12-09T15:51:33","slug":"iniciativas-financiadas-por-el-ffoip-refuerzan-la-inclusion-y-autonomia-de-personas-con-discapacidad-en-las-comunas-de-aysen-rio-ibanez-y-cochrane","status":"publish","type":"post","link":"https:\/\/radiorevelacionfm.cl\/?p=62286","title":{"rendered":"Iniciativas financiadas por el FFOIP refuerzan la inclusi\u00f3n y autonom\u00eda de personas con discapacidad en las comunas de Ays\u00e9n, R\u00edo Ib\u00e1\u00f1ez y Cochrane"},"content":{"rendered":"<div class=\"flex_column av_one_full  flex_column_div av-zero-column-padding first  avia-builder-el-0  el_before_av_one_full  avia-builder-el-first  \" style='border-radius:0px; '><div  class='avia-image-container  av-styling-    avia-builder-el-1  avia-builder-el-no-sibling  avia-align-center '  itemprop=\"image\" itemscope=\"itemscope\" itemtype=\"https:\/\/schema.org\/ImageObject\"  ><div class='avia-image-container-inner'><div class='avia-image-overlay-wrap'><img decoding=\"async\" class='wp-image-62287 avia-img-lazy-loading-not-62287 avia_image' src=\"https:\/\/radiorevelacionfm.cl\/wp-content\/uploads\/2025\/12\/ffoip2-1_optimized-1.jpeg\" alt='' title='ffoip2-(1)_optimized (1)' height=\"600\" width=\"1067\"  itemprop=\"thumbnailUrl\" srcset=\"https:\/\/radiorevelacionfm.cl\/wp-content\/uploads\/2025\/12\/ffoip2-1_optimized-1.jpeg 1067w, https:\/\/radiorevelacionfm.cl\/wp-content\/uploads\/2025\/12\/ffoip2-1_optimized-1-300x169.jpeg 300w, https:\/\/radiorevelacionfm.cl\/wp-content\/uploads\/2025\/12\/ffoip2-1_optimized-1-1030x579.jpeg 1030w, https:\/\/radiorevelacionfm.cl\/wp-content\/uploads\/2025\/12\/ffoip2-1_optimized-1-768x432.jpeg 768w, https:\/\/radiorevelacionfm.cl\/wp-content\/uploads\/2025\/12\/ffoip2-1_optimized-1-705x396.jpeg 705w, https:\/\/radiorevelacionfm.cl\/wp-content\/uploads\/2025\/12\/ffoip2-1_optimized-1-450x253.jpeg 450w, https:\/\/radiorevelacionfm.cl\/wp-content\/uploads\/2025\/12\/ffoip2-1_optimized-1-600x337.jpeg 600w\" sizes=\"(max-width: 1067px) 100vw, 1067px\" \/><\/div><\/div><\/div><\/div><div class=\"flex_column av_one_full  flex_column_div av-zero-column-padding first  avia-builder-el-2  el_after_av_one_full  el_before_av_one_full  column-top-margin\" style='border-radius:0px; '><section class=\"av_textblock_section \"  itemscope=\"itemscope\" itemtype=\"https:\/\/schema.org\/BlogPosting\" itemprop=\"blogPost\" ><div class='avia_textblock  '   itemprop=\"text\" ><p style=\"text-align: center;\"><strong><span style=\"font-size: 18pt;\">Iniciativas financiadas por el FFOIP refuerzan la inclusi\u00f3n y autonom\u00eda de personas con discapacidad en las comunas de Ays\u00e9n, R\u00edo Ib\u00e1\u00f1ez y Cochrane<\/span><\/strong><\/p>\n<div id=\"gtx-trans\" style=\"position: absolute; left: -50px; top: 4.31534px;\">\n<div class=\"gtx-trans-icon\"><\/div>\n<\/div>\n<\/div><\/section><\/div><div class=\"flex_column av_one_full  flex_column_div av-zero-column-padding first  avia-builder-el-4  el_after_av_one_full  el_before_av_hr  column-top-margin\" style='border-radius:0px; '><section class=\"av_textblock_section \"  itemscope=\"itemscope\" itemtype=\"https:\/\/schema.org\/BlogPosting\" itemprop=\"blogPost\" ><div class='avia_textblock  '   itemprop=\"text\" ><p style=\"text-align: justify;\">El mi\u00e9rcoles 3 de diciembre se conmemor\u00f3 el D\u00eda Internacional de las Personas con Discapacidad, es por ello que la SEREMI de Gobierno destaca el trabajo de diversas agrupaciones de la regi\u00f3n de Ays\u00e9n que est\u00e1n poniendo en marcha proyectos innovadores centrados en la autonom\u00eda, el desarrollo laboral y el bienestar emocional de la comunidad local con discapacidad y enfermedades raras, gracias al Fondo de Fortalecimiento de Organizaciones de Inter\u00e9s P\u00fablico (FFOIP). Estas iniciativas, que abarcan desde talleres de tapicer\u00eda hasta el uso de tecnolog\u00eda accesible, buscan empoderar a las y los participantes y fortalecer el tejido comunitario en el territorio.<\/p>\n<p style=\"text-align: justify;\">El FFOIP (Fondo de Fortalecimiento de Organizaciones de Inter\u00e9s P\u00fablico) es un fondo concursable p\u00fablico que financia proyectos de organizaciones sociales y comunitarias. Es otorgado por el Ministerio Secretar\u00eda General de Gobierno (Segegob). Su objetivo principal es apoyar iniciativas que promuevan: la participaci\u00f3n ciudadana, la cohesi\u00f3n social y el trabajo comunitario.<\/p>\n<p style=\"text-align: justify;\">\u201cEstamos siendo testigos de un momento inspirador en nuestra regi\u00f3n, donde la fuerza y la resiliencia de la comunidad organizada se traducen en proyectos concretos que mejoran la calidad de vida de las personas con discapacidad\u201d, destac\u00f3 \u00darsula Mix, Seremi de Gobierno regi\u00f3n de Ays\u00e9n.<\/p>\n<p style=\"text-align: justify;\"><strong>Puerto Ib\u00e1\u00f1ez: Taller de Tapicer\u00eda Inclusiva para el desarrollo laboral<\/strong><\/p>\n<p style=\"text-align: justify;\">Un nuevo proyecto se pone en marcha en Puerto Ib\u00e1\u00f1ez con el objetivo de empoderar a la Asociaci\u00f3n de Personas con Discapacidad y Enfermedades Raras de la comuna. La iniciativa, centrada en la implementaci\u00f3n de un Taller de Tapicer\u00eda Inclusiva, busca promover activamente la inclusi\u00f3n social y laboral, ofreciendo herramientas concretas para el desarrollo personal y econ\u00f3mico de sus participantes.<\/p>\n<p style=\"text-align: justify;\">El proceso formativo es de car\u00e1cter presencial y est\u00e1 adaptado para responder a las necesidades de personas con diversos tipos de discapacidad. Al ser un taller pr\u00e1ctico garantiza una supervisi\u00f3n directa y un acompa\u00f1amiento personalizado, esenciales para un aprendizaje efectivo y la creaci\u00f3n de un ambiente de confianza y colaboraci\u00f3n.<\/p>\n<p style=\"text-align: justify;\">M\u00e1s all\u00e1 de la formaci\u00f3n inicial, el proyecto tiene una visi\u00f3n a largo plazo: fortalecer las competencias laborales, abrir oportunidades reales de generaci\u00f3n de ingresos y consolidarse como una experiencia que pueda evolucionar hacia un taller productivo inclusivo permanente.<\/p>\n<p style=\"text-align: justify;\"><strong>Puerto Ays\u00e9n: Autogesti\u00f3n de salud cr\u00f3nica con tecnolog\u00eda accesible<\/strong><\/p>\n<p style=\"text-align: justify;\">Con un enfoque en la autonom\u00eda y la concientizaci\u00f3n, la agrupaci\u00f3n \u00abVisi\u00f3n de Futuro\u00bb, compuesta por 18 personas con baja visi\u00f3n y no videntes de la comuna de Ays\u00e9n, est\u00e1 dando un paso crucial para mejorar la calidad de vida de sus integrantes mediante la autogesti\u00f3n de sus condiciones de salud cr\u00f3nicas.<\/p>\n<p style=\"text-align: justify;\">La agrupaci\u00f3n busca activamente demostrar que la discapacidad visual no es un impedimento para las actividades cotidianas, incluyendo el monitoreo proactivo de la salud. Muchos de sus miembros, adem\u00e1s de sus patolog\u00edas oftalmol\u00f3gicas, est\u00e1n lidiando con enfermedades cr\u00f3nicas como hipertensi\u00f3n arterial y\/o diabetes tipo I y II.<\/p>\n<p style=\"text-align: justify;\">Para abordar esta necesidad cr\u00edtica, \u00abVisi\u00f3n de Futuro\u00bb ha gestionado la adquisici\u00f3n de herramientas tecnol\u00f3gicas accesibles: toma presi\u00f3n de mu\u00f1eca parlante, gluc\u00f3metro parlante y cajas de lancetas.<\/p>\n<p style=\"text-align: justify;\">Adem\u00e1s, la iniciativa cuenta con un pilar fundamental de colaboraci\u00f3n interinstitucional. El equipo de enfermer\u00eda del Hospital de Puerto Ays\u00e9n capacita a los participantes para que aprendan a utilizar correctamente los equipos, identificar los par\u00e1metros de riesgo y llevar un registro de resultados que puedan entregar a su m\u00e9dico en los controles de salud.<\/p>\n<p style=\"text-align: justify;\"><strong>Cochrane: Jornadas \u201cCuidarnos Juntos\u201d para el bienestar de cuidadores y personas dependientes<\/strong><\/p>\n<p style=\"text-align: justify;\">Con el objetivo de fortalecer el bienestar emocional, f\u00edsico y relacional de personas en situaci\u00f3n de dependencia funcional y sus cuidadores\/as, se han realizado las jornadas psicoeducativas \u201cCuidarnos Juntos\u201d. Esta iniciativa, dise\u00f1ada para 15 duplas de cuidador-persona cuidada, se llevan a cabo de forma presencial, grupal e inclusiva en la comuna de Cochrane, respondiendo a las necesidades espec\u00edficas de la Agrupaci\u00f3n de Discapacidad \u201cTallito\u201d.<\/p>\n<p style=\"text-align: justify;\">La propuesta busca ofrecer una experiencia significativa de conexi\u00f3n, aprendizaje y autocuidado a trav\u00e9s de metodolog\u00edas adaptadas a la diversidad funcional de los participantes, mediante din\u00e1micas sensoriales, afectivas y participativas.<\/p>\n<p style=\"text-align: justify;\">\u201cCuidarnos Juntos\u201d es una instancia de dos d\u00edas consecutivos que elimina barreras de transporte y garantiza una intervenci\u00f3n contextualizada, reforzando el tejido comunitario y empoderando a la agrupaci\u00f3n local. Las jornadas abordan desde el reconocimiento mutuo y la comprensi\u00f3n de la dependencia hasta el autocuidado del cuidador\/a y la identificaci\u00f3n de redes de apoyo disponibles en la comuna.<\/p>\n<p style=\"text-align: justify;\">Estas iniciativas reflejan un enfoque integral en los cuidados, la inclusi\u00f3n social y la equidad territorial en la regi\u00f3n de Ays\u00e9n, promoviendo entornos seguros, colaborativos y significativos para todos sus habitantes.<\/p>\n<p style=\"text-align: justify;\">La vocera de Gobierno se\u00f1al\u00f3: \u201cEstos ejemplos demuestran un compromiso real con la inclusi\u00f3n social y la equidad territorial. Desde el Gobierno del Presidente Gabriel Boric, valoramos profundamente estas iniciativas que no s\u00f3lo buscan empoderar a las y los participantes, sino que tambi\u00e9n fortalecen el tejido comunitario, demostrando que trabajando juntos podemos construir una regi\u00f3n m\u00e1s justa, inclusiva y con mayores oportunidades para todos y todas\u00bb.<\/p>\n<\/div><\/section><\/div><div  style='height:50px' class='hr hr-invisible   avia-builder-el-6  el_after_av_one_full  el_before_av_social_share '><span class='hr-inner ' ><span class='hr-inner-style'><\/span><\/span><\/div><\/p>\n<div  class='av-social-sharing-box  avia-builder-el-7  el_after_av_hr  el_before_av_hr  '><div class='av-share-box'><h5 class='av-share-link-description av-no-toc '>Compartir esta noticia<\/h5><ul class='av-share-box-list noLightbox'><li class='av-share-link av-social-link-facebook' ><a target=\"_blank\" aria-label=\"Compartir en Facebook\" href='https:\/\/www.facebook.com\/sharer.php?u=https:\/\/radiorevelacionfm.cl\/?p=62286&#038;t=Iniciativas%20financiadas%20por%20el%20FFOIP%20refuerzan%20la%20inclusi%C3%B3n%20y%20autonom%C3%ADa%20de%20personas%20con%20discapacidad%20en%20las%20comunas%20de%20Ays%C3%A9n%2C%20R%C3%ADo%20Ib%C3%A1%C3%B1ez%20y%20Cochrane' aria-hidden='false' data-av_icon='\ue8f3' data-av_iconfont='entypo-fontello' title='' data-avia-related-tooltip='Compartir en Facebook' rel=\"noopener\"><span class='avia_hidden_link_text'>Compartir en Facebook<\/span><\/a><\/li><li class='av-share-link av-social-link-twitter' ><a target=\"_blank\" aria-label=\"Compartir en Twitter\" href='https:\/\/twitter.com\/share?text=Iniciativas%20financiadas%20por%20el%20FFOIP%20refuerzan%20la%20inclusi%C3%B3n%20y%20autonom%C3%ADa%20de%20personas%20con%20discapacidad%20en%20las%20comunas%20de%20Ays%C3%A9n%2C%20R%C3%ADo%20Ib%C3%A1%C3%B1ez%20y%20Cochrane&#038;url=https:\/\/radiorevelacionfm.cl\/?p=62286' aria-hidden='false' data-av_icon='\ue8f1' data-av_iconfont='entypo-fontello' title='' data-avia-related-tooltip='Compartir en Twitter' rel=\"noopener\"><span class='avia_hidden_link_text'>Compartir en Twitter<\/span><\/a><\/li><li class='av-share-link av-social-link-whatsapp' ><a target=\"_blank\" aria-label=\"Compartir en Whatsapp\" href='https:\/\/api.whatsapp.com\/send?text=https:\/\/radiorevelacionfm.cl\/?p=62286' aria-hidden='false' data-av_icon='\uf232' data-av_iconfont='entypo-fontello' title='' data-avia-related-tooltip='Compartir en Whatsapp' rel=\"noopener\"><span class='avia_hidden_link_text'>Compartir en Whatsapp<\/span><\/a><\/li><li class='av-share-link av-social-link-linkedin' ><a target=\"_blank\" aria-label=\"Compartir en LinkedIn\" href='https:\/\/linkedin.com\/shareArticle?mini=true&#038;title=Iniciativas%20financiadas%20por%20el%20FFOIP%20refuerzan%20la%20inclusi%C3%B3n%20y%20autonom%C3%ADa%20de%20personas%20con%20discapacidad%20en%20las%20comunas%20de%20Ays%C3%A9n%2C%20R%C3%ADo%20Ib%C3%A1%C3%B1ez%20y%20Cochrane&#038;url=https:\/\/radiorevelacionfm.cl\/?p=62286' aria-hidden='false' data-av_icon='\ue8fc' data-av_iconfont='entypo-fontello' title='' data-avia-related-tooltip='Compartir en LinkedIn' rel=\"noopener\"><span class='avia_hidden_link_text'>Compartir en LinkedIn<\/span><\/a><\/li><li class='av-share-link av-social-link-mail' ><a  aria-label=\"Compartir por correo\" href='mailto:?subject=Iniciativas%20financiadas%20por%20el%20FFOIP%20refuerzan%20la%20inclusi%C3%B3n%20y%20autonom%C3%ADa%20de%20personas%20con%20discapacidad%20en%20las%20comunas%20de%20Ays%C3%A9n%2C%20R%C3%ADo%20Ib%C3%A1%C3%B1ez%20y%20Cochrane&#038;body=https:\/\/radiorevelacionfm.cl\/?p=62286' aria-hidden='false' data-av_icon='\ue805' data-av_iconfont='entypo-fontello' title='' data-avia-related-tooltip='Compartir por correo'><span class='avia_hidden_link_text'>Compartir por correo<\/span><\/a><\/li><\/ul><\/div><\/div>\n<div  style='height:50px' class='hr hr-invisible   avia-builder-el-8  el_after_av_social_share  el_before_av_comments_list '><span class='hr-inner ' ><span class='hr-inner-style'><\/span><\/span><\/div>\n<div  class='av-buildercomment  av-blog-meta-html-info-disabled av-blog-meta-tag-disabled  '><\/div>\n","protected":false},"excerpt":{"rendered":"","protected":false},"author":1,"featured_media":62287,"comment_status":"closed","ping_status":"closed","sticky":false,"template":"","format":"standard","meta":{"footnotes":""},"categories":[38],"tags":[],"class_list":["post-62286","post","type-post","status-publish","format-standard","has-post-thumbnail","hentry","category-regional"],"jetpack_featured_media_url":"https:\/\/radiorevelacionfm.cl\/wp-content\/uploads\/2025\/12\/ffoip2-1_optimized-1.jpeg","_links":{"self":[{"href":"https:\/\/radiorevelacionfm.cl\/index.php?rest_route=\/wp\/v2\/posts\/62286","targetHints":{"allow":["GET"]}}],"collection":[{"href":"https:\/\/radiorevelacionfm.cl\/index.php?rest_route=\/wp\/v2\/posts"}],"about":[{"href":"https:\/\/radiorevelacionfm.cl\/index.php?rest_route=\/wp\/v2\/types\/post"}],"author":[{"embeddable":true,"href":"https:\/\/radiorevelacionfm.cl\/index.php?rest_route=\/wp\/v2\/users\/1"}],"replies":[{"embeddable":true,"href":"https:\/\/radiorevelacionfm.cl\/index.php?rest_route=%2Fwp%2Fv2%2Fcomments&post=62286"}],"version-history":[{"count":2,"href":"https:\/\/radiorevelacionfm.cl\/index.php?rest_route=\/wp\/v2\/posts\/62286\/revisions"}],"predecessor-version":[{"id":62289,"href":"https:\/\/radiorevelacionfm.cl\/index.php?rest_route=\/wp\/v2\/posts\/62286\/revisions\/62289"}],"wp:featuredmedia":[{"embeddable":true,"href":"https:\/\/radiorevelacionfm.cl\/index.php?rest_route=\/wp\/v2\/media\/62287"}],"wp:attachment":[{"href":"https:\/\/radiorevelacionfm.cl\/index.php?rest_route=%2Fwp%2Fv2%2Fmedia&parent=62286"}],"wp:term":[{"taxonomy":"category","embeddable":true,"href":"https:\/\/radiorevelacionfm.cl\/index.php?rest_route=%2Fwp%2Fv2%2Fcategories&post=62286"},{"taxonomy":"post_tag","embeddable":true,"href":"https:\/\/radiorevelacionfm.cl\/index.php?rest_route=%2Fwp%2Fv2%2Ftags&post=62286"}],"curies":[{"name":"wp","href":"https:\/\/api.w.org\/{rel}","templated":true}]}}