{"id":62282,"date":"2025-12-09T12:42:51","date_gmt":"2025-12-09T15:42:51","guid":{"rendered":"https:\/\/radiorevelacionfm.cl\/?p=62282"},"modified":"2025-12-09T12:42:51","modified_gmt":"2025-12-09T15:42:51","slug":"calisto-critica-al-gobierno-por-desviar-fondos-regionales-para-financiar-expropiacion-de-megatoma-de-san-antonio","status":"publish","type":"post","link":"https:\/\/radiorevelacionfm.cl\/?p=62282","title":{"rendered":"Calisto critica al Gobierno por desviar fondos regionales para financiar expropiaci\u00f3n de megatoma de San Antonio"},"content":{"rendered":"<div class=\"flex_column av_one_full  flex_column_div av-zero-column-padding first  avia-builder-el-0  el_before_av_one_full  avia-builder-el-first  \" style='border-radius:0px; '><div  class='avia-image-container  av-styling-    avia-builder-el-1  avia-builder-el-no-sibling  avia-align-center '  itemprop=\"image\" itemscope=\"itemscope\" itemtype=\"https:\/\/schema.org\/ImageObject\"  ><div class='avia-image-container-inner'><div class='avia-image-overlay-wrap'><img decoding=\"async\" class='wp-image-5817 avia-img-lazy-loading-not-5817 avia_image' src=\"https:\/\/radiorevelacionfm.cl\/wp-content\/uploads\/2021\/07\/CALISTO-diputado-1-1.jpg\" alt='' title='CALISTO diputado (1) (1)' height=\"600\" width=\"954\"  itemprop=\"thumbnailUrl\" srcset=\"https:\/\/radiorevelacionfm.cl\/wp-content\/uploads\/2021\/07\/CALISTO-diputado-1-1.jpg 954w, https:\/\/radiorevelacionfm.cl\/wp-content\/uploads\/2021\/07\/CALISTO-diputado-1-1-300x189.jpg 300w, https:\/\/radiorevelacionfm.cl\/wp-content\/uploads\/2021\/07\/CALISTO-diputado-1-1-768x483.jpg 768w, https:\/\/radiorevelacionfm.cl\/wp-content\/uploads\/2021\/07\/CALISTO-diputado-1-1-705x443.jpg 705w, https:\/\/radiorevelacionfm.cl\/wp-content\/uploads\/2021\/07\/CALISTO-diputado-1-1-600x377.jpg 600w\" sizes=\"(max-width: 954px) 100vw, 954px\" \/><\/div><\/div><\/div><\/div><div class=\"flex_column av_one_full  flex_column_div av-zero-column-padding first  avia-builder-el-2  el_after_av_one_full  el_before_av_one_full  column-top-margin\" style='border-radius:0px; '><section class=\"av_textblock_section \"  itemscope=\"itemscope\" itemtype=\"https:\/\/schema.org\/BlogPosting\" itemprop=\"blogPost\" ><div class='avia_textblock  '   itemprop=\"text\" ><p style=\"text-align: center;\"><strong><span style=\"font-size: 18pt;\">Calisto critica al Gobierno por desviar fondos regionales para financiar expropiaci\u00f3n de megatoma de San Antonio<\/span><\/strong><\/p>\n<div id=\"gtx-trans\" style=\"position: absolute; left: -50px; top: 4.31534px;\">\n<div class=\"gtx-trans-icon\"><\/div>\n<\/div>\n<\/div><\/section><\/div><div class=\"flex_column av_one_full  flex_column_div av-zero-column-padding first  avia-builder-el-4  el_after_av_one_full  el_before_av_hr  column-top-margin\" style='border-radius:0px; '><section class=\"av_textblock_section \"  itemscope=\"itemscope\" itemtype=\"https:\/\/schema.org\/BlogPosting\" itemprop=\"blogPost\" ><div class='avia_textblock  '   itemprop=\"text\" ><p style=\"text-align: justify;\"><i><span lang=\"ES-US\">Diputado y Senador electo Miguel \u00c1ngel Calisto exige claridad y acusa \u00abmentira\u00bb del MINVU ante el anuncio de financiar expropiaciones con recursos de proyectos inconclusos en regiones, comprometiendo iniciativas habitacionales clave.<\/span><\/i><\/p>\n<p style=\"text-align: justify;\"><span lang=\"ES-US\">El Diputado y Senador electo por la Regi\u00f3n de Ays\u00e9n, Miguel \u00c1ngel Calisto, emiti\u00f3 hoy una en\u00e9rgica cr\u00edtica contra el Gobierno a ra\u00edz del anuncio de financiar la\u00a0expropiaci\u00f3n de terrenos\u00a0de la\u00a0megatoma de San Antonio\u00a0con\u00a0recursos provenientes de proyectos habitacionales no ejecutados o paralizados en otras regiones del pa\u00eds.<\/span><\/p>\n<p style=\"text-align: justify;\"><span lang=\"ES-US\">Este viernes se conoci\u00f3 que los\u00a0$11.000 millones\u00a0con los que el Gobierno indemnizar\u00e1 a los due\u00f1os del terreno -100 hect\u00e1reas a expropiar- provienen de dineros del Serviu -de distintas regiones- que no fueron ejecutados. Se trata de montos que, esencialmente, est\u00e1n destinados para proyectos de vivienda.<\/span><\/p>\n<p style=\"text-align: justify;\"><span lang=\"ES-US\">Calisto calific\u00f3 la decisi\u00f3n como\u00a0\u00ablamentable\u00bb\u00a0y\u00a0\u00abuna falta a la verdad\u00bb\u00a0que compromete directamente el desarrollo de iniciativas urgentes en su regi\u00f3n. \u00abNos parece lamentable que el Gobierno se\u00f1ale que con fondos de proyectos no realizados en regiones se pague la expropiaci\u00f3n en la toma en San Antonio. Y eso\u00a0no es verdad,\u00bb declar\u00f3 el legislador.<\/span><\/p>\n<p style=\"text-align: justify;\"><span lang=\"ES-US\">El parlamentario detall\u00f3 que en la Regi\u00f3n de Ays\u00e9n existen proyectos habitacionales con toda la documentaci\u00f3n lista y que est\u00e1n a la espera de la disposici\u00f3n de recursos para la compra de terrenos, desmintiendo que existan fondos ociosos que puedan ser reasignados.<\/span><\/p>\n<p style=\"text-align: justify;\"><span lang=\"ES-US\">\u201c<\/span><span lang=\"ES-US\">En\u00a0Chile Chico, se encuentra pendiente la compra de terrenos para un proyecto importante que involucra a los comit\u00e9s\u00a0Rukant\u00fa y Sue\u00f1os del Chelenco. En\u00a0Puerto Ays\u00e9n\u00a0y\u00a0Coyhaique, hay comit\u00e9s a la espera de la disposici\u00f3n de recursos para la adquisici\u00f3n de pa\u00f1os, incluyendo en Coyhaique terrenos destinados a la\u00a0erradicaci\u00f3n de campamentos\u201d, se\u00f1al\u00f3.<\/span><\/p>\n<p style=\"text-align: justify;\"><span lang=\"ES-US\">\u00abPor lo tanto, nos llama profundamente la atenci\u00f3n esta informaci\u00f3n,\u00bb afirm\u00f3 Calisto, subrayando la grave contradicci\u00f3n entre el anuncio central y la realidad regional. El Diputado electo al Senado emplaz\u00f3 al Ministerio de Vivienda y Urbanismo (MINVU) a aclarar la situaci\u00f3n, se\u00f1alando que\u00a0\u00abevidentemente ac\u00e1 alguien miente\u00bb.<\/span><\/p>\n<p style=\"text-align: justify;\"><span lang=\"ES-US\">\u00abO miente la autoridad central del Ministerio de Vivienda, o finalmente son las autoridades del Ministerio de Vivienda en la regi\u00f3n que les mienten a los comit\u00e9s respecto de la espera y la compra de sus terrenos,\u00bb sentenci\u00f3 Calisto, exigiendo total\u00a0transparencia\u00a0y\u00a0respeto\u00a0por los leg\u00edtimos proyectos habitacionales que esperan concreci\u00f3n en Ays\u00e9n.<\/span><\/p>\n<p style=\"text-align: justify;\"><span lang=\"ES-US\">El Senador electo concluy\u00f3 haciendo un llamado a las autoridades a no utilizar los recursos destinados a proyectos regionales como una\u00a0\u00abcaja chica\u00bb\u00a0para solucionar problemas en otras zonas, a costa de la esperanza de miles de familias de Ays\u00e9n que anhelan su casa propia.<\/span><\/p>\n<\/div><\/section><\/div><div  style='height:50px' class='hr hr-invisible   avia-builder-el-6  el_after_av_one_full  el_before_av_social_share '><span class='hr-inner ' ><span class='hr-inner-style'><\/span><\/span><\/div><\/p>\n<div  class='av-social-sharing-box  avia-builder-el-7  el_after_av_hr  el_before_av_hr  '><div class='av-share-box'><h5 class='av-share-link-description av-no-toc '>Compartir esta noticia<\/h5><ul class='av-share-box-list noLightbox'><li class='av-share-link av-social-link-facebook' ><a target=\"_blank\" aria-label=\"Compartir en Facebook\" href='https:\/\/www.facebook.com\/sharer.php?u=https:\/\/radiorevelacionfm.cl\/?p=62282&#038;t=Calisto%20critica%20al%20Gobierno%20por%20desviar%20fondos%20regionales%20para%20financiar%20expropiaci%C3%B3n%20de%20megatoma%20de%20San%20Antonio' aria-hidden='false' data-av_icon='\ue8f3' data-av_iconfont='entypo-fontello' title='' data-avia-related-tooltip='Compartir en Facebook' rel=\"noopener\"><span class='avia_hidden_link_text'>Compartir en Facebook<\/span><\/a><\/li><li class='av-share-link av-social-link-twitter' ><a target=\"_blank\" aria-label=\"Compartir en Twitter\" href='https:\/\/twitter.com\/share?text=Calisto%20critica%20al%20Gobierno%20por%20desviar%20fondos%20regionales%20para%20financiar%20expropiaci%C3%B3n%20de%20megatoma%20de%20San%20Antonio&#038;url=https:\/\/radiorevelacionfm.cl\/?p=62282' aria-hidden='false' data-av_icon='\ue8f1' data-av_iconfont='entypo-fontello' title='' data-avia-related-tooltip='Compartir en Twitter' rel=\"noopener\"><span class='avia_hidden_link_text'>Compartir en Twitter<\/span><\/a><\/li><li class='av-share-link av-social-link-whatsapp' ><a target=\"_blank\" aria-label=\"Compartir en Whatsapp\" href='https:\/\/api.whatsapp.com\/send?text=https:\/\/radiorevelacionfm.cl\/?p=62282' aria-hidden='false' data-av_icon='\uf232' data-av_iconfont='entypo-fontello' title='' data-avia-related-tooltip='Compartir en Whatsapp' rel=\"noopener\"><span class='avia_hidden_link_text'>Compartir en Whatsapp<\/span><\/a><\/li><li class='av-share-link av-social-link-linkedin' ><a target=\"_blank\" aria-label=\"Compartir en LinkedIn\" href='https:\/\/linkedin.com\/shareArticle?mini=true&#038;title=Calisto%20critica%20al%20Gobierno%20por%20desviar%20fondos%20regionales%20para%20financiar%20expropiaci%C3%B3n%20de%20megatoma%20de%20San%20Antonio&#038;url=https:\/\/radiorevelacionfm.cl\/?p=62282' aria-hidden='false' data-av_icon='\ue8fc' data-av_iconfont='entypo-fontello' title='' data-avia-related-tooltip='Compartir en LinkedIn' rel=\"noopener\"><span class='avia_hidden_link_text'>Compartir en LinkedIn<\/span><\/a><\/li><li class='av-share-link av-social-link-mail' ><a  aria-label=\"Compartir por correo\" href='mailto:?subject=Calisto%20critica%20al%20Gobierno%20por%20desviar%20fondos%20regionales%20para%20financiar%20expropiaci%C3%B3n%20de%20megatoma%20de%20San%20Antonio&#038;body=https:\/\/radiorevelacionfm.cl\/?p=62282' aria-hidden='false' data-av_icon='\ue805' data-av_iconfont='entypo-fontello' title='' data-avia-related-tooltip='Compartir por correo'><span class='avia_hidden_link_text'>Compartir por correo<\/span><\/a><\/li><\/ul><\/div><\/div>\n<div  style='height:50px' class='hr hr-invisible   avia-builder-el-8  el_after_av_social_share  el_before_av_comments_list '><span class='hr-inner ' ><span class='hr-inner-style'><\/span><\/span><\/div>\n<div  class='av-buildercomment  av-blog-meta-html-info-disabled av-blog-meta-tag-disabled  '><\/div>\n","protected":false},"excerpt":{"rendered":"","protected":false},"author":1,"featured_media":5817,"comment_status":"closed","ping_status":"closed","sticky":false,"template":"","format":"standard","meta":{"footnotes":""},"categories":[35],"tags":[],"class_list":["post-62282","post","type-post","status-publish","format-standard","has-post-thumbnail","hentry","category-politica"],"jetpack_featured_media_url":"https:\/\/radiorevelacionfm.cl\/wp-content\/uploads\/2021\/07\/CALISTO-diputado-1-1.jpg","_links":{"self":[{"href":"https:\/\/radiorevelacionfm.cl\/index.php?rest_route=\/wp\/v2\/posts\/62282","targetHints":{"allow":["GET"]}}],"collection":[{"href":"https:\/\/radiorevelacionfm.cl\/index.php?rest_route=\/wp\/v2\/posts"}],"about":[{"href":"https:\/\/radiorevelacionfm.cl\/index.php?rest_route=\/wp\/v2\/types\/post"}],"author":[{"embeddable":true,"href":"https:\/\/radiorevelacionfm.cl\/index.php?rest_route=\/wp\/v2\/users\/1"}],"replies":[{"embeddable":true,"href":"https:\/\/radiorevelacionfm.cl\/index.php?rest_route=%2Fwp%2Fv2%2Fcomments&post=62282"}],"version-history":[{"count":2,"href":"https:\/\/radiorevelacionfm.cl\/index.php?rest_route=\/wp\/v2\/posts\/62282\/revisions"}],"predecessor-version":[{"id":62285,"href":"https:\/\/radiorevelacionfm.cl\/index.php?rest_route=\/wp\/v2\/posts\/62282\/revisions\/62285"}],"wp:featuredmedia":[{"embeddable":true,"href":"https:\/\/radiorevelacionfm.cl\/index.php?rest_route=\/wp\/v2\/media\/5817"}],"wp:attachment":[{"href":"https:\/\/radiorevelacionfm.cl\/index.php?rest_route=%2Fwp%2Fv2%2Fmedia&parent=62282"}],"wp:term":[{"taxonomy":"category","embeddable":true,"href":"https:\/\/radiorevelacionfm.cl\/index.php?rest_route=%2Fwp%2Fv2%2Fcategories&post=62282"},{"taxonomy":"post_tag","embeddable":true,"href":"https:\/\/radiorevelacionfm.cl\/index.php?rest_route=%2Fwp%2Fv2%2Ftags&post=62282"}],"curies":[{"name":"wp","href":"https:\/\/api.w.org\/{rel}","templated":true}]}}