{"id":62276,"date":"2025-12-08T15:16:20","date_gmt":"2025-12-08T18:16:20","guid":{"rendered":"https:\/\/radiorevelacionfm.cl\/?p=62276"},"modified":"2025-12-08T15:16:20","modified_gmt":"2025-12-08T18:16:20","slug":"en-coyhaique-se-realizara-fecha-final-del-circuito-nacional-de-mountainbike-de-descenso-extremo","status":"publish","type":"post","link":"https:\/\/radiorevelacionfm.cl\/?p=62276","title":{"rendered":"En Coyhaique se realizar\u00e1 fecha final del Circuito Nacional de Mountainbike de Descenso Extremo"},"content":{"rendered":"<div class=\"flex_column av_one_full  flex_column_div av-zero-column-padding first  avia-builder-el-0  el_before_av_one_full  avia-builder-el-first  \" style='border-radius:0px; '><div  class='avia-image-container  av-styling-    avia-builder-el-1  avia-builder-el-no-sibling  avia-align-center '  itemprop=\"image\" itemscope=\"itemscope\" itemtype=\"https:\/\/schema.org\/ImageObject\"  ><div class='avia-image-container-inner'><div class='avia-image-overlay-wrap'><img decoding=\"async\" class='wp-image-62277 avia-img-lazy-loading-not-62277 avia_image' src=\"https:\/\/radiorevelacionfm.cl\/wp-content\/uploads\/2025\/12\/afiche-downhill-1_optimized-1_optimized-1.jpg\" alt='' title='afiche-downhill-(1)_optimized-(1)_optimized (1)' height=\"600\" width=\"900\"  itemprop=\"thumbnailUrl\" srcset=\"https:\/\/radiorevelacionfm.cl\/wp-content\/uploads\/2025\/12\/afiche-downhill-1_optimized-1_optimized-1.jpg 900w, https:\/\/radiorevelacionfm.cl\/wp-content\/uploads\/2025\/12\/afiche-downhill-1_optimized-1_optimized-1-300x200.jpg 300w, https:\/\/radiorevelacionfm.cl\/wp-content\/uploads\/2025\/12\/afiche-downhill-1_optimized-1_optimized-1-768x512.jpg 768w, https:\/\/radiorevelacionfm.cl\/wp-content\/uploads\/2025\/12\/afiche-downhill-1_optimized-1_optimized-1-705x470.jpg 705w, https:\/\/radiorevelacionfm.cl\/wp-content\/uploads\/2025\/12\/afiche-downhill-1_optimized-1_optimized-1-450x300.jpg 450w, https:\/\/radiorevelacionfm.cl\/wp-content\/uploads\/2025\/12\/afiche-downhill-1_optimized-1_optimized-1-600x400.jpg 600w\" sizes=\"(max-width: 900px) 100vw, 900px\" \/><\/div><\/div><\/div><\/div><div class=\"flex_column av_one_full  flex_column_div av-zero-column-padding first  avia-builder-el-2  el_after_av_one_full  el_before_av_one_full  column-top-margin\" style='border-radius:0px; '><section class=\"av_textblock_section \"  itemscope=\"itemscope\" itemtype=\"https:\/\/schema.org\/BlogPosting\" itemprop=\"blogPost\" ><div class='avia_textblock  '   itemprop=\"text\" ><p style=\"text-align: center;\"><strong><span style=\"font-size: 18pt;\">En Coyhaique se realizar\u00e1 fecha final del Circuito Nacional de Mountainbike de Descenso Extremo<\/span><\/strong><\/p>\n<div id=\"gtx-trans\" style=\"position: absolute; left: -50px; top: 4.31534px;\">\n<div class=\"gtx-trans-icon\"><\/div>\n<\/div>\n<\/div><\/section><\/div><div class=\"flex_column av_one_full  flex_column_div av-zero-column-padding first  avia-builder-el-4  el_after_av_one_full  el_before_av_hr  column-top-margin\" style='border-radius:0px; '><section class=\"av_textblock_section \"  itemscope=\"itemscope\" itemtype=\"https:\/\/schema.org\/BlogPosting\" itemprop=\"blogPost\" ><div class='avia_textblock  '   itemprop=\"text\" ><ul>\n<li dir=\"ltr\">\n<p dir=\"ltr\" style=\"text-align: justify;\" role=\"presentation\"><em>Los d\u00edas 20 y 21 de diciembre se reunir\u00e1n en el Centro de Monta\u00f1a El Fraile los amantes de esta disciplina, competencia de car\u00e1cter federado.<\/em><\/p>\n<\/li>\n<\/ul>\n<p dir=\"ltr\" style=\"text-align: justify;\">El s\u00e1bado 20 y el domingo 21 de diciembre se realizar\u00e1 en Coyhaique la \u00faltima fecha del Campeonato Nacional Downhill Chile 2025, con descensos en bicicleta por los agrestes terrenos del Centro de Monta\u00f1a El Fraile.\u00a0 La competencia, organizada por el Club Cord\u00f3n Divisadero, forma parte del ranking oficial federado.<\/p>\n<p dir=\"ltr\" style=\"text-align: justify;\">Esta disciplina es una subcategor\u00eda del ciclismo, consistente en recorrer a gran velocidad terrenos al aire libre en pendientes pronunciadas y cruzados por obst\u00e1culos, naturales o artificiales.\u00a0 El primer lugar es para quien concrete el circuito en el menor tiempo cronometrado\u00a0 En este caso, al ser parte del campeonato nacional, las marcas se incorporan al ranking general del a\u00f1o.<\/p>\n<p dir=\"ltr\" style=\"text-align: justify;\"><strong>Las jornadas<\/strong><\/p>\n<p dir=\"ltr\" style=\"text-align: justify;\">El viernes 19 de diciembre se realizar\u00e1 un reconocimiento a pie del circuito, con quienes se hayan inscrito.\u00a0 La ma\u00f1ana del s\u00e1bado, en tanto, se desarrollar\u00e1 la acreditaci\u00f3n y la reuni\u00f3n t\u00e9cnica obligatoria con los delegados.\u00a0 La tarde se dedicar\u00e1 a entrenamientos libres de los competidores.<\/p>\n<p dir=\"ltr\" style=\"text-align: justify;\">El domingo se realizar\u00e1 la competencia oficial, en categor\u00edas federadas y abiertas para todos los niveles.<\/p>\n<p dir=\"ltr\" style=\"text-align: justify;\">El valor de la inscripci\u00f3n para participar bordea los $ 45.000, tr\u00e1mite que se puede realizar en <a href=\"https:\/\/welcu.com\/club-deportivo-cordon-divisadero\/nacionaldhcoyhaique\" target=\"_blank\" rel=\"noopener\" data-saferedirecturl=\"https:\/\/www.google.com\/url?q=https:\/\/welcu.com\/club-deportivo-cordon-divisadero\/nacionaldhcoyhaique&amp;source=gmail&amp;ust=1765302634720000&amp;usg=AOvVaw1xbJKfvaYZnr54b9aOoQsw\">https:\/\/welcu.com\/club-<wbr \/>deportivo-cordon-divisadero\/<wbr \/>nacionaldhcoyhaique<\/a>.<\/p>\n<p dir=\"ltr\" style=\"text-align: justify;\">Esta fecha del Campeonato Nacional Downhill Chile 2025 cuenta con el apoyo de la Municipalidad de Coyhaique y el PER Turismo Ays\u00e9n, iniciativa CORFO con financiamiento del Gobierno Regional de Ays\u00e9n.<\/p>\n<\/div><\/section><\/div><div  style='height:50px' class='hr hr-invisible   avia-builder-el-6  el_after_av_one_full  el_before_av_social_share '><span class='hr-inner ' ><span class='hr-inner-style'><\/span><\/span><\/div><\/p>\n<div  class='av-social-sharing-box  avia-builder-el-7  el_after_av_hr  el_before_av_hr  '><div class='av-share-box'><h5 class='av-share-link-description av-no-toc '>Compartir esta noticia<\/h5><ul class='av-share-box-list noLightbox'><li class='av-share-link av-social-link-facebook' ><a target=\"_blank\" aria-label=\"Compartir en Facebook\" href='https:\/\/www.facebook.com\/sharer.php?u=https:\/\/radiorevelacionfm.cl\/?p=62276&#038;t=En%20Coyhaique%20se%20realizar%C3%A1%20fecha%20final%20del%20Circuito%20Nacional%20de%20Mountainbike%20de%20Descenso%20Extremo' aria-hidden='false' data-av_icon='\ue8f3' data-av_iconfont='entypo-fontello' title='' data-avia-related-tooltip='Compartir en Facebook' rel=\"noopener\"><span class='avia_hidden_link_text'>Compartir en Facebook<\/span><\/a><\/li><li class='av-share-link av-social-link-twitter' ><a target=\"_blank\" aria-label=\"Compartir en Twitter\" href='https:\/\/twitter.com\/share?text=En%20Coyhaique%20se%20realizar%C3%A1%20fecha%20final%20del%20Circuito%20Nacional%20de%20Mountainbike%20de%20Descenso%20Extremo&#038;url=https:\/\/radiorevelacionfm.cl\/?p=62276' aria-hidden='false' data-av_icon='\ue8f1' data-av_iconfont='entypo-fontello' title='' data-avia-related-tooltip='Compartir en Twitter' rel=\"noopener\"><span class='avia_hidden_link_text'>Compartir en Twitter<\/span><\/a><\/li><li class='av-share-link av-social-link-whatsapp' ><a target=\"_blank\" aria-label=\"Compartir en Whatsapp\" href='https:\/\/api.whatsapp.com\/send?text=https:\/\/radiorevelacionfm.cl\/?p=62276' aria-hidden='false' data-av_icon='\uf232' data-av_iconfont='entypo-fontello' title='' data-avia-related-tooltip='Compartir en Whatsapp' rel=\"noopener\"><span class='avia_hidden_link_text'>Compartir en Whatsapp<\/span><\/a><\/li><li class='av-share-link av-social-link-linkedin' ><a target=\"_blank\" aria-label=\"Compartir en LinkedIn\" href='https:\/\/linkedin.com\/shareArticle?mini=true&#038;title=En%20Coyhaique%20se%20realizar%C3%A1%20fecha%20final%20del%20Circuito%20Nacional%20de%20Mountainbike%20de%20Descenso%20Extremo&#038;url=https:\/\/radiorevelacionfm.cl\/?p=62276' aria-hidden='false' data-av_icon='\ue8fc' data-av_iconfont='entypo-fontello' title='' data-avia-related-tooltip='Compartir en LinkedIn' rel=\"noopener\"><span class='avia_hidden_link_text'>Compartir en LinkedIn<\/span><\/a><\/li><li class='av-share-link av-social-link-mail' ><a  aria-label=\"Compartir por correo\" href='mailto:?subject=En%20Coyhaique%20se%20realizar%C3%A1%20fecha%20final%20del%20Circuito%20Nacional%20de%20Mountainbike%20de%20Descenso%20Extremo&#038;body=https:\/\/radiorevelacionfm.cl\/?p=62276' aria-hidden='false' data-av_icon='\ue805' data-av_iconfont='entypo-fontello' title='' data-avia-related-tooltip='Compartir por correo'><span class='avia_hidden_link_text'>Compartir por correo<\/span><\/a><\/li><\/ul><\/div><\/div>\n<div  style='height:50px' class='hr hr-invisible   avia-builder-el-8  el_after_av_social_share  el_before_av_comments_list '><span class='hr-inner ' ><span class='hr-inner-style'><\/span><\/span><\/div>\n<div  class='av-buildercomment  av-blog-meta-html-info-disabled av-blog-meta-tag-disabled  '><\/div>\n","protected":false},"excerpt":{"rendered":"","protected":false},"author":1,"featured_media":62277,"comment_status":"closed","ping_status":"closed","sticky":false,"template":"","format":"standard","meta":{"footnotes":""},"categories":[38],"tags":[],"class_list":["post-62276","post","type-post","status-publish","format-standard","has-post-thumbnail","hentry","category-regional"],"jetpack_featured_media_url":"https:\/\/radiorevelacionfm.cl\/wp-content\/uploads\/2025\/12\/afiche-downhill-1_optimized-1_optimized-1.jpg","_links":{"self":[{"href":"https:\/\/radiorevelacionfm.cl\/index.php?rest_route=\/wp\/v2\/posts\/62276","targetHints":{"allow":["GET"]}}],"collection":[{"href":"https:\/\/radiorevelacionfm.cl\/index.php?rest_route=\/wp\/v2\/posts"}],"about":[{"href":"https:\/\/radiorevelacionfm.cl\/index.php?rest_route=\/wp\/v2\/types\/post"}],"author":[{"embeddable":true,"href":"https:\/\/radiorevelacionfm.cl\/index.php?rest_route=\/wp\/v2\/users\/1"}],"replies":[{"embeddable":true,"href":"https:\/\/radiorevelacionfm.cl\/index.php?rest_route=%2Fwp%2Fv2%2Fcomments&post=62276"}],"version-history":[{"count":2,"href":"https:\/\/radiorevelacionfm.cl\/index.php?rest_route=\/wp\/v2\/posts\/62276\/revisions"}],"predecessor-version":[{"id":62279,"href":"https:\/\/radiorevelacionfm.cl\/index.php?rest_route=\/wp\/v2\/posts\/62276\/revisions\/62279"}],"wp:featuredmedia":[{"embeddable":true,"href":"https:\/\/radiorevelacionfm.cl\/index.php?rest_route=\/wp\/v2\/media\/62277"}],"wp:attachment":[{"href":"https:\/\/radiorevelacionfm.cl\/index.php?rest_route=%2Fwp%2Fv2%2Fmedia&parent=62276"}],"wp:term":[{"taxonomy":"category","embeddable":true,"href":"https:\/\/radiorevelacionfm.cl\/index.php?rest_route=%2Fwp%2Fv2%2Fcategories&post=62276"},{"taxonomy":"post_tag","embeddable":true,"href":"https:\/\/radiorevelacionfm.cl\/index.php?rest_route=%2Fwp%2Fv2%2Ftags&post=62276"}],"curies":[{"name":"wp","href":"https:\/\/api.w.org\/{rel}","templated":true}]}}