{"id":62273,"date":"2025-12-09T10:19:05","date_gmt":"2025-12-09T13:19:05","guid":{"rendered":"https:\/\/radiorevelacionfm.cl\/?p=62273"},"modified":"2025-12-09T10:19:05","modified_gmt":"2025-12-09T13:19:05","slug":"en-la-region-de-aysen-inversion-aprobada-por-comision-de-evaluacion-ambiental-durante-este-gobierno-supera-los-128-millones-de-dolares","status":"publish","type":"post","link":"https:\/\/radiorevelacionfm.cl\/?p=62273","title":{"rendered":"En la Regi\u00f3n de Ays\u00e9n, inversi\u00f3n aprobada por Comisi\u00f3n de Evaluaci\u00f3n Ambiental durante este gobierno supera los 128 millones de d\u00f3lares"},"content":{"rendered":"<div class=\"flex_column av_one_full  flex_column_div av-zero-column-padding first  avia-builder-el-0  el_before_av_one_full  avia-builder-el-first  \" style='border-radius:0px; '><div  class='avia-image-container  av-styling-    avia-builder-el-1  avia-builder-el-no-sibling  avia-align-center '  itemprop=\"image\" itemscope=\"itemscope\" itemtype=\"https:\/\/schema.org\/ImageObject\"  ><div class='avia-image-container-inner'><div class='avia-image-overlay-wrap'><img decoding=\"async\" class='wp-image-62274 avia-img-lazy-loading-not-62274 avia_image' src=\"https:\/\/radiorevelacionfm.cl\/wp-content\/uploads\/2025\/12\/proyecto-coeva-1_optimized-1.jpg\" alt='' title='proyecto-coeva-(1)_optimized (1)' height=\"600\" width=\"1067\"  itemprop=\"thumbnailUrl\" srcset=\"https:\/\/radiorevelacionfm.cl\/wp-content\/uploads\/2025\/12\/proyecto-coeva-1_optimized-1.jpg 1067w, https:\/\/radiorevelacionfm.cl\/wp-content\/uploads\/2025\/12\/proyecto-coeva-1_optimized-1-300x169.jpg 300w, https:\/\/radiorevelacionfm.cl\/wp-content\/uploads\/2025\/12\/proyecto-coeva-1_optimized-1-1030x579.jpg 1030w, https:\/\/radiorevelacionfm.cl\/wp-content\/uploads\/2025\/12\/proyecto-coeva-1_optimized-1-768x432.jpg 768w, https:\/\/radiorevelacionfm.cl\/wp-content\/uploads\/2025\/12\/proyecto-coeva-1_optimized-1-705x396.jpg 705w, https:\/\/radiorevelacionfm.cl\/wp-content\/uploads\/2025\/12\/proyecto-coeva-1_optimized-1-450x253.jpg 450w, https:\/\/radiorevelacionfm.cl\/wp-content\/uploads\/2025\/12\/proyecto-coeva-1_optimized-1-600x337.jpg 600w\" sizes=\"(max-width: 1067px) 100vw, 1067px\" \/><\/div><\/div><\/div><\/div><div class=\"flex_column av_one_full  flex_column_div av-zero-column-padding first  avia-builder-el-2  el_after_av_one_full  el_before_av_one_full  column-top-margin\" style='border-radius:0px; '><section class=\"av_textblock_section \"  itemscope=\"itemscope\" itemtype=\"https:\/\/schema.org\/BlogPosting\" itemprop=\"blogPost\" ><div class='avia_textblock  '   itemprop=\"text\" ><p style=\"text-align: center;\"><strong><span style=\"font-size: 18pt;\">En la Regi\u00f3n de Ays\u00e9n, inversi\u00f3n aprobada por Comisi\u00f3n de Evaluaci\u00f3n Ambiental durante este gobierno supera los 128 millones de d\u00f3lares<\/span><\/strong><\/p>\n<div id=\"gtx-trans\" style=\"position: absolute; left: -50px; top: 4.31534px;\">\n<div class=\"gtx-trans-icon\"><\/div>\n<\/div>\n<\/div><\/section><\/div><div class=\"flex_column av_one_full  flex_column_div av-zero-column-padding first  avia-builder-el-4  el_after_av_one_full  el_before_av_hr  column-top-margin\" style='border-radius:0px; '><section class=\"av_textblock_section \"  itemscope=\"itemscope\" itemtype=\"https:\/\/schema.org\/BlogPosting\" itemprop=\"blogPost\" ><div class='avia_textblock  '   itemprop=\"text\" ><p style=\"text-align: justify;\">La aprobaci\u00f3n de proyectos por parte de la Comisi\u00f3n de Evaluaci\u00f3n de Impacto Ambiental ha tenido un efecto positivo en la econom\u00eda local de Ays\u00e9n, ya que ha permitido la inyecci\u00f3n de importantes recursos econ\u00f3micos. Estos proyectos, al recibir luz verde, han impulsado la creaci\u00f3n de empleos, fomentado la inversi\u00f3n y promovido el desarrollo de nuevas infraestructuras. Como resultado, se ha observado una dinamizaci\u00f3n significativa de la actividad econ\u00f3mica local, beneficiando tanto a las comunidades como a los distintos sectores productivos de la regi\u00f3n.<\/p>\n<p style=\"text-align: justify;\">Durante el peri\u0301odo comprendido entre el 11 de marzo de 2022 y el 4 de diciembre de 2025, se han calificado favorablemente (aprobado) un total de 9 proyectos de inversi\u00f3n totalizando MMU$ 128,195, lo que se traduce en una inyecci\u00f3n directa de recursos que dinamizan la econom\u00eda regional. Es importante relevar que todos estos proyectos ingresaron mediante declaraci\u00f3n de impacto ambiental (DIA).<\/p>\n<p style=\"text-align: justify;\">Al respecto el Seremi del Medio Ambiente; Yoal D\u00edaz Reyes subray\u00f3 la vital importancia de contar con una institucionalidad ambiental robusta; <em>\u201cComo Gobierno hemos impulsado una institucionalidad ambiental s\u00f3lida y t\u00e9cnicamente rigurosa. En el Gobierno del Presidente Gabriel Boric, la Comisi\u00f3n de Evaluaci\u00f3n Ambiental ha aprobado m\u00e1s de 128 millones de d\u00f3lares de inversi\u00f3n, la cifra m\u00e1s alta de los \u00faltimos gobiernos y lo m\u00e1s relevante; en los \u00faltimos 10 a\u00f1os se han iniciado 31 procesos judiciales contra resoluciones de calificaci\u00f3n ambiental y en 30 de ellos los tribunales han confirmado las decisiones del Estado. Esto demuestra que el SEA funciona y que nuestro pa\u00eds posee una institucionalidad ambiental robusta\u201d.<\/em><\/p>\n<p style=\"text-align: justify;\">Por su parte y a la luz de las cifras, el Seremi de Econom\u00eda; Felipe Rojas Pizarro subray\u00f3: <em>\u201cLa inversi\u00f3n privada es motor fundamental para el crecimiento, la generaci\u00f3n de empleo y la diversificaci\u00f3n productiva. Por eso hoy relevamos que en la Regi\u00f3n de Ays\u00e9n durante el Gobierno del Presidente Gabriel Boric, la inversi\u00f3n aprobada por la Comisi\u00f3n de Evaluaci\u00f3n Ambiental supera los 128 millones de d\u00f3lares. Esto no ser\u00eda posible sin una institucionalidad ambiental como la que poseemos, que resguarda nuestro patrimonio natural y garantiza que cada proyecto se desarrolle con altos est\u00e1ndares de sustentabilidad. Una institucionalidad moderna, eficiente y que al mismo tiempo posibilita concretar grandes inversiones que mejoran la calidad de vida de las y los Ayseninos\u201d.<\/em><\/p>\n<p style=\"text-align: justify;\">Algunos de los proyectos aprobados en el per\u00edodo de tiempo antes indicado son; la ampliaci\u00f3n del Parque E\u00f3lico Alto Baguales, la modernizaci\u00f3n y modificaci\u00f3n del centro de faenamiento ubicado en Chacabuco perteneciente a Mowi, como as\u00ed tambi\u00e9n el proyecto de almacenamiento y generaci\u00f3n de energ\u00eda mediante GLP por parte de la firma Gasco.<\/p>\n<p style=\"text-align: justify;\">En conclusi\u00f3n, la Comisi\u00f3n de Evaluaci\u00f3n Ambiental en la Regi\u00f3n de Ays\u00e9n ha demostrado un compromiso s\u00f3lido con el desarrollo sostenible, aprobando proyectos por montos superiores a los alcanzados en administraciones anteriores, siempre respetando la institucionalidad vigente y promoviendo el crecimiento econ\u00f3mico regional. Cabe destacar que actualmente se encuentran en tramitaci\u00f3n ante el SEA una serie de proyectos de alta inversi\u00f3n privada, los que representan excelentes proyecciones para el futuro, ya que su eventual aprobaci\u00f3n podr\u00eda continuar fortaleciendo el dinamismo econ\u00f3mico y el bienestar de la comunidad local.<\/p>\n<\/div><\/section><\/div><div  style='height:50px' class='hr hr-invisible   avia-builder-el-6  el_after_av_one_full  el_before_av_social_share '><span class='hr-inner ' ><span class='hr-inner-style'><\/span><\/span><\/div><\/p>\n<div  class='av-social-sharing-box  avia-builder-el-7  el_after_av_hr  el_before_av_hr  '><div class='av-share-box'><h5 class='av-share-link-description av-no-toc '>Compartir esta noticia<\/h5><ul class='av-share-box-list noLightbox'><li class='av-share-link av-social-link-facebook' ><a target=\"_blank\" aria-label=\"Compartir en Facebook\" href='https:\/\/www.facebook.com\/sharer.php?u=https:\/\/radiorevelacionfm.cl\/?p=62273&#038;t=En%20la%20Regi%C3%B3n%20de%20Ays%C3%A9n%2C%20inversi%C3%B3n%20aprobada%20por%20Comisi%C3%B3n%20de%20Evaluaci%C3%B3n%20Ambiental%20durante%20este%20gobierno%20supera%20los%20128%20millones%20de%20d%C3%B3lares' aria-hidden='false' data-av_icon='\ue8f3' data-av_iconfont='entypo-fontello' title='' data-avia-related-tooltip='Compartir en Facebook' rel=\"noopener\"><span class='avia_hidden_link_text'>Compartir en Facebook<\/span><\/a><\/li><li class='av-share-link av-social-link-twitter' ><a target=\"_blank\" aria-label=\"Compartir en Twitter\" href='https:\/\/twitter.com\/share?text=En%20la%20Regi%C3%B3n%20de%20Ays%C3%A9n%2C%20inversi%C3%B3n%20aprobada%20por%20Comisi%C3%B3n%20de%20Evaluaci%C3%B3n%20Ambiental%20durante%20este%20gobierno%20supera%20los%20128%20millones%20de%20d%C3%B3lares&#038;url=https:\/\/radiorevelacionfm.cl\/?p=62273' aria-hidden='false' data-av_icon='\ue8f1' data-av_iconfont='entypo-fontello' title='' data-avia-related-tooltip='Compartir en Twitter' rel=\"noopener\"><span class='avia_hidden_link_text'>Compartir en Twitter<\/span><\/a><\/li><li class='av-share-link av-social-link-whatsapp' ><a target=\"_blank\" aria-label=\"Compartir en Whatsapp\" href='https:\/\/api.whatsapp.com\/send?text=https:\/\/radiorevelacionfm.cl\/?p=62273' aria-hidden='false' data-av_icon='\uf232' data-av_iconfont='entypo-fontello' title='' data-avia-related-tooltip='Compartir en Whatsapp' rel=\"noopener\"><span class='avia_hidden_link_text'>Compartir en Whatsapp<\/span><\/a><\/li><li class='av-share-link av-social-link-linkedin' ><a target=\"_blank\" aria-label=\"Compartir en LinkedIn\" href='https:\/\/linkedin.com\/shareArticle?mini=true&#038;title=En%20la%20Regi%C3%B3n%20de%20Ays%C3%A9n%2C%20inversi%C3%B3n%20aprobada%20por%20Comisi%C3%B3n%20de%20Evaluaci%C3%B3n%20Ambiental%20durante%20este%20gobierno%20supera%20los%20128%20millones%20de%20d%C3%B3lares&#038;url=https:\/\/radiorevelacionfm.cl\/?p=62273' aria-hidden='false' data-av_icon='\ue8fc' data-av_iconfont='entypo-fontello' title='' data-avia-related-tooltip='Compartir en LinkedIn' rel=\"noopener\"><span class='avia_hidden_link_text'>Compartir en LinkedIn<\/span><\/a><\/li><li class='av-share-link av-social-link-mail' ><a  aria-label=\"Compartir por correo\" href='mailto:?subject=En%20la%20Regi%C3%B3n%20de%20Ays%C3%A9n%2C%20inversi%C3%B3n%20aprobada%20por%20Comisi%C3%B3n%20de%20Evaluaci%C3%B3n%20Ambiental%20durante%20este%20gobierno%20supera%20los%20128%20millones%20de%20d%C3%B3lares&#038;body=https:\/\/radiorevelacionfm.cl\/?p=62273' aria-hidden='false' data-av_icon='\ue805' data-av_iconfont='entypo-fontello' title='' data-avia-related-tooltip='Compartir por correo'><span class='avia_hidden_link_text'>Compartir por correo<\/span><\/a><\/li><\/ul><\/div><\/div>\n<div  style='height:50px' class='hr hr-invisible   avia-builder-el-8  el_after_av_social_share  el_before_av_comments_list '><span class='hr-inner ' ><span class='hr-inner-style'><\/span><\/span><\/div>\n<div  class='av-buildercomment  av-blog-meta-html-info-disabled av-blog-meta-tag-disabled  '><\/div>\n","protected":false},"excerpt":{"rendered":"","protected":false},"author":1,"featured_media":62274,"comment_status":"closed","ping_status":"closed","sticky":false,"template":"","format":"standard","meta":{"footnotes":""},"categories":[37],"tags":[],"class_list":["post-62273","post","type-post","status-publish","format-standard","has-post-thumbnail","hentry","category-economia"],"jetpack_featured_media_url":"https:\/\/radiorevelacionfm.cl\/wp-content\/uploads\/2025\/12\/proyecto-coeva-1_optimized-1.jpg","_links":{"self":[{"href":"https:\/\/radiorevelacionfm.cl\/index.php?rest_route=\/wp\/v2\/posts\/62273","targetHints":{"allow":["GET"]}}],"collection":[{"href":"https:\/\/radiorevelacionfm.cl\/index.php?rest_route=\/wp\/v2\/posts"}],"about":[{"href":"https:\/\/radiorevelacionfm.cl\/index.php?rest_route=\/wp\/v2\/types\/post"}],"author":[{"embeddable":true,"href":"https:\/\/radiorevelacionfm.cl\/index.php?rest_route=\/wp\/v2\/users\/1"}],"replies":[{"embeddable":true,"href":"https:\/\/radiorevelacionfm.cl\/index.php?rest_route=%2Fwp%2Fv2%2Fcomments&post=62273"}],"version-history":[{"count":2,"href":"https:\/\/radiorevelacionfm.cl\/index.php?rest_route=\/wp\/v2\/posts\/62273\/revisions"}],"predecessor-version":[{"id":62281,"href":"https:\/\/radiorevelacionfm.cl\/index.php?rest_route=\/wp\/v2\/posts\/62273\/revisions\/62281"}],"wp:featuredmedia":[{"embeddable":true,"href":"https:\/\/radiorevelacionfm.cl\/index.php?rest_route=\/wp\/v2\/media\/62274"}],"wp:attachment":[{"href":"https:\/\/radiorevelacionfm.cl\/index.php?rest_route=%2Fwp%2Fv2%2Fmedia&parent=62273"}],"wp:term":[{"taxonomy":"category","embeddable":true,"href":"https:\/\/radiorevelacionfm.cl\/index.php?rest_route=%2Fwp%2Fv2%2Fcategories&post=62273"},{"taxonomy":"post_tag","embeddable":true,"href":"https:\/\/radiorevelacionfm.cl\/index.php?rest_route=%2Fwp%2Fv2%2Ftags&post=62273"}],"curies":[{"name":"wp","href":"https:\/\/api.w.org\/{rel}","templated":true}]}}