{"id":62267,"date":"2025-12-06T20:47:05","date_gmt":"2025-12-06T23:47:05","guid":{"rendered":"https:\/\/radiorevelacionfm.cl\/?p=62267"},"modified":"2025-12-06T20:50:52","modified_gmt":"2025-12-06T23:50:52","slug":"descartan-presencia-visible-de-hidrocarburos-en-el-parque-nacional-laguna-san-rafael","status":"publish","type":"post","link":"https:\/\/radiorevelacionfm.cl\/?p=62267","title":{"rendered":"Descartan presencia visible de contaminantes en el Parque Nacional Laguna San Rafael"},"content":{"rendered":"<div class=\"flex_column av_one_full  flex_column_div av-zero-column-padding first  avia-builder-el-0  el_before_av_one_full  avia-builder-el-first  \" style='border-radius:0px; '><div  class='avia-image-container  av-styling-    avia-builder-el-1  avia-builder-el-no-sibling  avia-align-center '  itemprop=\"image\" itemscope=\"itemscope\" itemtype=\"https:\/\/schema.org\/ImageObject\"  ><div class='avia-image-container-inner'><div class='avia-image-overlay-wrap'><img decoding=\"async\" class='wp-image-62268 avia-img-lazy-loading-not-62268 avia_image' src=\"https:\/\/radiorevelacionfm.cl\/wp-content\/uploads\/2025\/12\/parque-lsr-1_optimized-1.jpg\" alt='' title='parque-lsr-(1)_optimized (1)' height=\"600\" width=\"1067\"  itemprop=\"thumbnailUrl\" srcset=\"https:\/\/radiorevelacionfm.cl\/wp-content\/uploads\/2025\/12\/parque-lsr-1_optimized-1.jpg 1067w, https:\/\/radiorevelacionfm.cl\/wp-content\/uploads\/2025\/12\/parque-lsr-1_optimized-1-300x169.jpg 300w, https:\/\/radiorevelacionfm.cl\/wp-content\/uploads\/2025\/12\/parque-lsr-1_optimized-1-1030x579.jpg 1030w, https:\/\/radiorevelacionfm.cl\/wp-content\/uploads\/2025\/12\/parque-lsr-1_optimized-1-768x432.jpg 768w, https:\/\/radiorevelacionfm.cl\/wp-content\/uploads\/2025\/12\/parque-lsr-1_optimized-1-705x396.jpg 705w, https:\/\/radiorevelacionfm.cl\/wp-content\/uploads\/2025\/12\/parque-lsr-1_optimized-1-450x253.jpg 450w, https:\/\/radiorevelacionfm.cl\/wp-content\/uploads\/2025\/12\/parque-lsr-1_optimized-1-600x337.jpg 600w\" sizes=\"(max-width: 1067px) 100vw, 1067px\" \/><\/div><\/div><\/div><\/div>\n<div class=\"flex_column av_one_full  flex_column_div av-zero-column-padding first  avia-builder-el-2  el_after_av_one_full  el_before_av_one_full  column-top-margin\" style='border-radius:0px; '><section class=\"av_textblock_section \"  itemscope=\"itemscope\" itemtype=\"https:\/\/schema.org\/BlogPosting\" itemprop=\"blogPost\" ><div class='avia_textblock  '   itemprop=\"text\" ><p style=\"text-align: center;\"><strong><span style=\"font-size: 18pt;\">Descartan presencia visible de contaminantes en el Parque Nacional Laguna San Rafael<\/span><\/strong><\/p>\n<div id=\"gtx-trans\" style=\"position: absolute; left: -50px; top: 4.31534px;\">\n<div class=\"gtx-trans-icon\"><\/div>\n<\/div>\n<\/div><\/section><\/div><div class=\"flex_column av_one_full  flex_column_div av-zero-column-padding first  avia-builder-el-4  el_after_av_one_full  el_before_av_hr  column-top-margin\" style='border-radius:0px; '><section class=\"av_textblock_section \"  itemscope=\"itemscope\" itemtype=\"https:\/\/schema.org\/BlogPosting\" itemprop=\"blogPost\" ><div class='avia_textblock  '   itemprop=\"text\" ><p style=\"text-align: justify;\">La Corporaci\u00f3n Nacional Forestal (CONAF) inform\u00f3 que el pasado 3 de diciembre de 2025 realiz\u00f3 junto a BIDEMA, SERNAPESCA, SERNATUR y la Armada de Chile, un operativo de verificaci\u00f3n y fiscalizaci\u00f3n en el Parque Nacional Laguna San Rafael, con el fin de investigar una denuncia presentada por CONAF, respecto a la posible presencia de hidrocarburos en el \u00e1rea.<\/p>\n<p style=\"text-align: justify;\">Durante el operativo se realiz\u00f3 un recorrido lacustre y terrestre conforme a los protocolos establecidos por la Armada, lo que permiti\u00f3 descartar la presencia visible de contaminantes en el sector inspeccionado. Las condiciones clim\u00e1ticas previas y la din\u00e1mica natural de la laguna dificultan la permanencia de residuos en superficie; por ello, la inspecci\u00f3n se enfoc\u00f3 en verificar el estado actual del \u00e1rea y levantar antecedentes que permitan evaluar posibles acciones posteriores.<\/p>\n<p style=\"text-align: justify;\">En el marco de estas acciones, se efectu\u00f3 adem\u00e1s una fiscalizaci\u00f3n preventiva a una empresa tur\u00edstica formal, instancia en la cual se record\u00f3 la prohibici\u00f3n absoluta de extraer elementos naturales del parque, incluido el hielo. Si bien es habitual que visitantes retiren peque\u00f1as cantidades para consumo inmediato, la extracci\u00f3n en mayores vol\u00famenes constituye una infracci\u00f3n. La regi\u00f3n registra antecedentes que justifican reforzar esta normativa.<\/p>\n<p style=\"text-align: justify;\">Los organismos presentes en el operativo continuar\u00e1n con las gestiones pertinentes, seg\u00fan su marco legal, manteniendo la coordinaci\u00f3n interinstitucional necesaria para resguardar la seguridad, el cumplimiento normativo y la protecci\u00f3n del \u00e1rea protegida.<\/p>\n<p style=\"text-align: justify;\">CONAF recuerda adem\u00e1s que:<\/p>\n<ul style=\"text-align: justify;\">\n<li>El ingreso al parque debe gestionarse exclusivamente a trav\u00e9s de\u00a0<a href=\"http:\/\/www.pasesparque.cl\/\">www.pasesparque.cl<\/a>.<\/li>\n<li>Toda empresa que opere dentro del \u00e1rea protegida debe contar con autorizaci\u00f3n o convenio vigente emitido por la instituci\u00f3n.<\/li>\n<li>La extracci\u00f3n de hielo, rocas, flora u otros elementos naturales est\u00e1 prohibida por normativa ambiental y reglamentos de uso p\u00fablico.<\/li>\n<\/ul>\n<p style=\"text-align: justify;\">Finalmente, se informa que CONAF iniciar\u00e1 acciones formales ante la PDI para que se investigue la actividad registrada en videos correspondientes al uso de motos acu\u00e1ticas y desplazamientos sobre hielo en el \u00e1rea del parque. Asimismo, se avanzar\u00e1 en coordinaci\u00f3n con la Armada, para fortalecer las exigencias operativas de navegaci\u00f3n y evaluar la elaboraci\u00f3n de un protocolo espec\u00edfico para las empresas tur\u00edsticas que operan en la unidad.<\/p>\n<p style=\"text-align: justify;\">CONAF reafirma su compromiso con la protecci\u00f3n del Parque Nacional Laguna San Rafael y con la articulaci\u00f3n de esfuerzos entre las distintas instituciones destinados a resguardar la seguridad, la legalidad y la conservaci\u00f3n del patrimonio natural del pa\u00eds.<\/p>\n<\/div><\/section><\/div><\/p>\n<div  style='height:50px' class='hr hr-invisible   avia-builder-el-6  el_after_av_one_full  el_before_av_social_share '><span class='hr-inner ' ><span class='hr-inner-style'><\/span><\/span><\/div>\n<div  class='av-social-sharing-box  avia-builder-el-7  el_after_av_hr  el_before_av_hr  '><div class='av-share-box'><h5 class='av-share-link-description av-no-toc '>Compartir esta noticia<\/h5><ul class='av-share-box-list noLightbox'><li class='av-share-link av-social-link-facebook' ><a target=\"_blank\" aria-label=\"Compartir en Facebook\" href='https:\/\/www.facebook.com\/sharer.php?u=https:\/\/radiorevelacionfm.cl\/?p=62267&#038;t=Descartan%20presencia%20visible%20de%20contaminantes%20en%20el%20Parque%20Nacional%20Laguna%20San%20Rafael' aria-hidden='false' data-av_icon='\ue8f3' data-av_iconfont='entypo-fontello' title='' data-avia-related-tooltip='Compartir en Facebook' rel=\"noopener\"><span class='avia_hidden_link_text'>Compartir en Facebook<\/span><\/a><\/li><li class='av-share-link av-social-link-twitter' ><a target=\"_blank\" aria-label=\"Compartir en Twitter\" href='https:\/\/twitter.com\/share?text=Descartan%20presencia%20visible%20de%20contaminantes%20en%20el%20Parque%20Nacional%20Laguna%20San%20Rafael&#038;url=https:\/\/radiorevelacionfm.cl\/?p=62267' aria-hidden='false' data-av_icon='\ue8f1' data-av_iconfont='entypo-fontello' title='' data-avia-related-tooltip='Compartir en Twitter' rel=\"noopener\"><span class='avia_hidden_link_text'>Compartir en Twitter<\/span><\/a><\/li><li class='av-share-link av-social-link-whatsapp' ><a target=\"_blank\" aria-label=\"Compartir en Whatsapp\" href='https:\/\/api.whatsapp.com\/send?text=https:\/\/radiorevelacionfm.cl\/?p=62267' aria-hidden='false' data-av_icon='\uf232' data-av_iconfont='entypo-fontello' title='' data-avia-related-tooltip='Compartir en Whatsapp' rel=\"noopener\"><span class='avia_hidden_link_text'>Compartir en Whatsapp<\/span><\/a><\/li><li class='av-share-link av-social-link-linkedin' ><a target=\"_blank\" aria-label=\"Compartir en LinkedIn\" href='https:\/\/linkedin.com\/shareArticle?mini=true&#038;title=Descartan%20presencia%20visible%20de%20contaminantes%20en%20el%20Parque%20Nacional%20Laguna%20San%20Rafael&#038;url=https:\/\/radiorevelacionfm.cl\/?p=62267' aria-hidden='false' data-av_icon='\ue8fc' data-av_iconfont='entypo-fontello' title='' data-avia-related-tooltip='Compartir en LinkedIn' rel=\"noopener\"><span class='avia_hidden_link_text'>Compartir en LinkedIn<\/span><\/a><\/li><li class='av-share-link av-social-link-mail' ><a  aria-label=\"Compartir por correo\" href='mailto:?subject=Descartan%20presencia%20visible%20de%20contaminantes%20en%20el%20Parque%20Nacional%20Laguna%20San%20Rafael&#038;body=https:\/\/radiorevelacionfm.cl\/?p=62267' aria-hidden='false' data-av_icon='\ue805' data-av_iconfont='entypo-fontello' title='' data-avia-related-tooltip='Compartir por correo'><span class='avia_hidden_link_text'>Compartir por correo<\/span><\/a><\/li><\/ul><\/div><\/div>\n<div  style='height:50px' class='hr hr-invisible   avia-builder-el-8  el_after_av_social_share  el_before_av_comments_list '><span class='hr-inner ' ><span class='hr-inner-style'><\/span><\/span><\/div>\n<div  class='av-buildercomment  av-blog-meta-html-info-disabled av-blog-meta-tag-disabled  '><\/div>\n","protected":false},"excerpt":{"rendered":"","protected":false},"author":1,"featured_media":62268,"comment_status":"closed","ping_status":"closed","sticky":false,"template":"","format":"standard","meta":{"footnotes":""},"categories":[38],"tags":[],"class_list":["post-62267","post","type-post","status-publish","format-standard","has-post-thumbnail","hentry","category-regional"],"jetpack_featured_media_url":"https:\/\/radiorevelacionfm.cl\/wp-content\/uploads\/2025\/12\/parque-lsr-1_optimized-1.jpg","_links":{"self":[{"href":"https:\/\/radiorevelacionfm.cl\/index.php?rest_route=\/wp\/v2\/posts\/62267","targetHints":{"allow":["GET"]}}],"collection":[{"href":"https:\/\/radiorevelacionfm.cl\/index.php?rest_route=\/wp\/v2\/posts"}],"about":[{"href":"https:\/\/radiorevelacionfm.cl\/index.php?rest_route=\/wp\/v2\/types\/post"}],"author":[{"embeddable":true,"href":"https:\/\/radiorevelacionfm.cl\/index.php?rest_route=\/wp\/v2\/users\/1"}],"replies":[{"embeddable":true,"href":"https:\/\/radiorevelacionfm.cl\/index.php?rest_route=%2Fwp%2Fv2%2Fcomments&post=62267"}],"version-history":[{"count":3,"href":"https:\/\/radiorevelacionfm.cl\/index.php?rest_route=\/wp\/v2\/posts\/62267\/revisions"}],"predecessor-version":[{"id":62270,"href":"https:\/\/radiorevelacionfm.cl\/index.php?rest_route=\/wp\/v2\/posts\/62267\/revisions\/62270"}],"wp:featuredmedia":[{"embeddable":true,"href":"https:\/\/radiorevelacionfm.cl\/index.php?rest_route=\/wp\/v2\/media\/62268"}],"wp:attachment":[{"href":"https:\/\/radiorevelacionfm.cl\/index.php?rest_route=%2Fwp%2Fv2%2Fmedia&parent=62267"}],"wp:term":[{"taxonomy":"category","embeddable":true,"href":"https:\/\/radiorevelacionfm.cl\/index.php?rest_route=%2Fwp%2Fv2%2Fcategories&post=62267"},{"taxonomy":"post_tag","embeddable":true,"href":"https:\/\/radiorevelacionfm.cl\/index.php?rest_route=%2Fwp%2Fv2%2Ftags&post=62267"}],"curies":[{"name":"wp","href":"https:\/\/api.w.org\/{rel}","templated":true}]}}