{"id":6224,"date":"2021-07-13T16:23:05","date_gmt":"2021-07-13T19:23:05","guid":{"rendered":"https:\/\/radiorevelacionfm.cl\/?p=6224"},"modified":"2021-07-13T16:23:05","modified_gmt":"2021-07-13T19:23:05","slug":"trabajadores-de-fundacion-integra-finalizan-talleres-de-autocuidado","status":"publish","type":"post","link":"https:\/\/radiorevelacionfm.cl\/?p=6224","title":{"rendered":"Trabajadores de Fundaci\u00f3n Integra finalizan talleres de Autocuidado"},"content":{"rendered":"<div class=\"flex_column av_one_full  flex_column_div av-zero-column-padding first  avia-builder-el-0  el_before_av_one_full  avia-builder-el-first  \" style='border-radius:0px; '><div  class='avia-image-container  av-styling-    avia-builder-el-1  avia-builder-el-no-sibling  avia-align-center '  itemprop=\"image\" itemscope=\"itemscope\" itemtype=\"https:\/\/schema.org\/ImageObject\"  ><div class='avia-image-container-inner'><div class='avia-image-overlay-wrap'><img decoding=\"async\" class='wp-image-6225 avia-img-lazy-loading-not-6225 avia_image' src=\"https:\/\/radiorevelacionfm.cl\/wp-content\/uploads\/2021\/07\/4-27-1-1.jpg\" alt='' title='4 (27) (1) (1)' height=\"600\" width=\"960\"  itemprop=\"thumbnailUrl\" srcset=\"https:\/\/radiorevelacionfm.cl\/wp-content\/uploads\/2021\/07\/4-27-1-1.jpg 960w, https:\/\/radiorevelacionfm.cl\/wp-content\/uploads\/2021\/07\/4-27-1-1-300x188.jpg 300w, https:\/\/radiorevelacionfm.cl\/wp-content\/uploads\/2021\/07\/4-27-1-1-768x480.jpg 768w, https:\/\/radiorevelacionfm.cl\/wp-content\/uploads\/2021\/07\/4-27-1-1-705x441.jpg 705w, https:\/\/radiorevelacionfm.cl\/wp-content\/uploads\/2021\/07\/4-27-1-1-600x375.jpg 600w\" sizes=\"(max-width: 960px) 100vw, 960px\" \/><\/div><\/div><\/div><\/div><div class=\"flex_column av_one_full  flex_column_div av-zero-column-padding first  avia-builder-el-2  el_after_av_one_full  el_before_av_one_full  column-top-margin\" style='border-radius:0px; '><section class=\"av_textblock_section \"  itemscope=\"itemscope\" itemtype=\"https:\/\/schema.org\/BlogPosting\" itemprop=\"blogPost\" ><div class='avia_textblock  '   itemprop=\"text\" ><p style=\"text-align: center;\"><strong><span style=\"font-size: 18pt;\">Trabajadores de Fundaci\u00f3n Integra finalizan talleres de Autocuidado<\/span><\/strong><\/p>\n<div id=\"gtx-trans\" style=\"position: absolute; left: -50px; top: 4.31534px;\">\n<div class=\"gtx-trans-icon\"><\/div>\n<\/div>\n<\/div><\/section><\/div><div class=\"flex_column av_one_full  flex_column_div av-zero-column-padding first  avia-builder-el-4  el_after_av_one_full  el_before_av_hr  column-top-margin\" style='border-radius:0px; '><section class=\"av_textblock_section \"  itemscope=\"itemscope\" itemtype=\"https:\/\/schema.org\/BlogPosting\" itemprop=\"blogPost\" ><div class='avia_textblock  '   itemprop=\"text\" ><p style=\"text-align: justify;\">Cuatro fueron los encuentros de autocuidado desarrollados por Fundaci\u00f3n Integra en la regi\u00f3n de Ays\u00e9n durante el primer semestre de este a\u00f1o permitiendo con esto fortalecer los equipos de trabajo tanto de Jardines Infantiles como de Oficina Regional en periodo de Pandemia. Terapia de risa, show de magia, competencia de disfraces, bailes, entre otros fueron parte de las acciones desarrolladas.<\/p>\n<p style=\"text-align: justify;\">La Jefa Territorial de Calidad Educativa, Ver\u00f3nica C\u00e1rcamo Galaz, destac\u00f3 el contexto en el que se desarroll\u00f3 esta actividad recalcando que \u201cno s\u00f3lo bastan estrategias de autocuidado individual, sino tambi\u00e9n hay que realizarlas a nivel de equipo y eso es lo que estamos realizando como instituci\u00f3n ya que esto beneficia la cohesi\u00f3n del grupo adem\u00e1s de la satisfacci\u00f3n de todos quienes trabajamos en ella\u201d.<\/p>\n<p style=\"text-align: justify;\">Desde la instituci\u00f3n recalcan que estos talleres fortalecen el autocuidado individual y de los equipos frente al desgaste emocional cotidiano y en la que constantemente se promueve el bienestar y se fortalecen acciones de cohesi\u00f3n grupales para promover el cuidado al interior del grupo.<\/p>\n<p style=\"text-align: justify;\">\u201cBailamos, aprendimos magia, disfrutamos bailes folcl\u00f3ricos, lo pasamos bien. Queremos agradecer a todos quienes participaron de estas actividades porque pudimos desconectarnos\u00a0del trabajo, aunque sea un ratito, para liberar tensiones y as\u00ed continuar con nuestras funciones de manera m\u00e1s agradable, en un formato muy diferente al que estamos acostumbrados\u201d, sentenci\u00f3 la Jefa Territorial de Calidad Educativa.<\/p>\n<p style=\"text-align: justify;\">Finalmente, cabe se\u00f1alar que en estos encuentros virtuales participaron la totalidad de trabajadores de Jardines Infantiles como de Oficina Regional todo bajo la producci\u00f3n de Efecto Guty quien junto a Cristian \u201cChico\u201d P\u00e9rez, Gato Juanito, Endorfino, Mago Robert y otros profesionales desarrollaron esta capacitaci\u00f3n a los equipos de Fundaci\u00f3n Integra en la regi\u00f3n de Ays\u00e9n.<\/p>\n<\/div><\/section><\/div><div  style='height:50px' class='hr hr-invisible   avia-builder-el-6  el_after_av_one_full  el_before_av_social_share '><span class='hr-inner ' ><span class='hr-inner-style'><\/span><\/span><\/div><\/p>\n<div  class='av-social-sharing-box  avia-builder-el-7  el_after_av_hr  el_before_av_hr  '><div class='av-share-box'><h5 class='av-share-link-description av-no-toc '>Compartir esta noticia<\/h5><ul class='av-share-box-list noLightbox'><li class='av-share-link av-social-link-facebook' ><a target=\"_blank\" aria-label=\"Compartir en Facebook\" href='https:\/\/www.facebook.com\/sharer.php?u=https:\/\/radiorevelacionfm.cl\/?p=6224&#038;t=Trabajadores%20de%20Fundaci%C3%B3n%20Integra%20finalizan%20talleres%20de%20Autocuidado' aria-hidden='false' data-av_icon='\ue8f3' data-av_iconfont='entypo-fontello' title='' data-avia-related-tooltip='Compartir en Facebook' rel=\"noopener\"><span class='avia_hidden_link_text'>Compartir en Facebook<\/span><\/a><\/li><li class='av-share-link av-social-link-twitter' ><a target=\"_blank\" aria-label=\"Compartir en Twitter\" href='https:\/\/twitter.com\/share?text=Trabajadores%20de%20Fundaci%C3%B3n%20Integra%20finalizan%20talleres%20de%20Autocuidado&#038;url=https:\/\/radiorevelacionfm.cl\/?p=6224' aria-hidden='false' data-av_icon='\ue8f1' data-av_iconfont='entypo-fontello' title='' data-avia-related-tooltip='Compartir en Twitter' rel=\"noopener\"><span class='avia_hidden_link_text'>Compartir en Twitter<\/span><\/a><\/li><li class='av-share-link av-social-link-whatsapp' ><a target=\"_blank\" aria-label=\"Compartir en Whatsapp\" href='https:\/\/api.whatsapp.com\/send?text=https:\/\/radiorevelacionfm.cl\/?p=6224' aria-hidden='false' data-av_icon='\uf232' data-av_iconfont='entypo-fontello' title='' data-avia-related-tooltip='Compartir en Whatsapp' rel=\"noopener\"><span class='avia_hidden_link_text'>Compartir en Whatsapp<\/span><\/a><\/li><li class='av-share-link av-social-link-linkedin' ><a target=\"_blank\" aria-label=\"Compartir en LinkedIn\" href='https:\/\/linkedin.com\/shareArticle?mini=true&#038;title=Trabajadores%20de%20Fundaci%C3%B3n%20Integra%20finalizan%20talleres%20de%20Autocuidado&#038;url=https:\/\/radiorevelacionfm.cl\/?p=6224' aria-hidden='false' data-av_icon='\ue8fc' data-av_iconfont='entypo-fontello' title='' data-avia-related-tooltip='Compartir en LinkedIn' rel=\"noopener\"><span class='avia_hidden_link_text'>Compartir en LinkedIn<\/span><\/a><\/li><li class='av-share-link av-social-link-mail' ><a  aria-label=\"Compartir por correo\" href='mailto:?subject=Trabajadores%20de%20Fundaci%C3%B3n%20Integra%20finalizan%20talleres%20de%20Autocuidado&#038;body=https:\/\/radiorevelacionfm.cl\/?p=6224' aria-hidden='false' data-av_icon='\ue805' data-av_iconfont='entypo-fontello' title='' data-avia-related-tooltip='Compartir por correo'><span class='avia_hidden_link_text'>Compartir por correo<\/span><\/a><\/li><\/ul><\/div><\/div>\n<div  style='height:50px' class='hr hr-invisible   avia-builder-el-8  el_after_av_social_share  el_before_av_comments_list '><span class='hr-inner ' ><span class='hr-inner-style'><\/span><\/span><\/div>\n<div  class='av-buildercomment  av-blog-meta-html-info-disabled av-blog-meta-tag-disabled  '><\/div>\n","protected":false},"excerpt":{"rendered":"","protected":false},"author":1,"featured_media":6225,"comment_status":"open","ping_status":"open","sticky":false,"template":"","format":"standard","meta":{"footnotes":""},"categories":[49],"tags":[],"class_list":["post-6224","post","type-post","status-publish","format-standard","has-post-thumbnail","hentry","category-educacion"],"jetpack_featured_media_url":"https:\/\/radiorevelacionfm.cl\/wp-content\/uploads\/2021\/07\/4-27-1-1.jpg","_links":{"self":[{"href":"https:\/\/radiorevelacionfm.cl\/index.php?rest_route=\/wp\/v2\/posts\/6224","targetHints":{"allow":["GET"]}}],"collection":[{"href":"https:\/\/radiorevelacionfm.cl\/index.php?rest_route=\/wp\/v2\/posts"}],"about":[{"href":"https:\/\/radiorevelacionfm.cl\/index.php?rest_route=\/wp\/v2\/types\/post"}],"author":[{"embeddable":true,"href":"https:\/\/radiorevelacionfm.cl\/index.php?rest_route=\/wp\/v2\/users\/1"}],"replies":[{"embeddable":true,"href":"https:\/\/radiorevelacionfm.cl\/index.php?rest_route=%2Fwp%2Fv2%2Fcomments&post=6224"}],"version-history":[{"count":1,"href":"https:\/\/radiorevelacionfm.cl\/index.php?rest_route=\/wp\/v2\/posts\/6224\/revisions"}],"predecessor-version":[{"id":6226,"href":"https:\/\/radiorevelacionfm.cl\/index.php?rest_route=\/wp\/v2\/posts\/6224\/revisions\/6226"}],"wp:featuredmedia":[{"embeddable":true,"href":"https:\/\/radiorevelacionfm.cl\/index.php?rest_route=\/wp\/v2\/media\/6225"}],"wp:attachment":[{"href":"https:\/\/radiorevelacionfm.cl\/index.php?rest_route=%2Fwp%2Fv2%2Fmedia&parent=6224"}],"wp:term":[{"taxonomy":"category","embeddable":true,"href":"https:\/\/radiorevelacionfm.cl\/index.php?rest_route=%2Fwp%2Fv2%2Fcategories&post=6224"},{"taxonomy":"post_tag","embeddable":true,"href":"https:\/\/radiorevelacionfm.cl\/index.php?rest_route=%2Fwp%2Fv2%2Ftags&post=6224"}],"curies":[{"name":"wp","href":"https:\/\/api.w.org\/{rel}","templated":true}]}}