{"id":62238,"date":"2025-12-05T21:11:51","date_gmt":"2025-12-06T00:11:51","guid":{"rendered":"https:\/\/radiorevelacionfm.cl\/?p=62238"},"modified":"2025-12-05T21:11:51","modified_gmt":"2025-12-06T00:11:51","slug":"diputada-electa-alejandra-valdebenito-pide-claridad-al-gobierno-para-resolver-problema-del-puente-presidente-ibanez","status":"publish","type":"post","link":"https:\/\/radiorevelacionfm.cl\/?p=62238","title":{"rendered":"Diputada Electa Alejandra Valdebenito pide claridad al Gobierno para resolver problema del Puente Presidente Ib\u00e1\u00f1ez"},"content":{"rendered":"<div class=\"flex_column av_one_full  flex_column_div av-zero-column-padding first  avia-builder-el-0  el_before_av_one_full  avia-builder-el-first  \" style='border-radius:0px; '><div  class='avia-image-container  av-styling-    avia-builder-el-1  avia-builder-el-no-sibling  avia-align-center '  itemprop=\"image\" itemscope=\"itemscope\" itemtype=\"https:\/\/schema.org\/ImageObject\"  ><div class='avia-image-container-inner'><div class='avia-image-overlay-wrap'><img decoding=\"async\" class='wp-image-62239 avia-img-lazy-loading-not-62239 avia_image' src=\"https:\/\/radiorevelacionfm.cl\/wp-content\/uploads\/2025\/12\/Alejandra-Valadebenito-1-1.jpeg\" alt='' title='Alejandra Valadebenito (1) (1)' height=\"600\" width=\"800\"  itemprop=\"thumbnailUrl\" srcset=\"https:\/\/radiorevelacionfm.cl\/wp-content\/uploads\/2025\/12\/Alejandra-Valadebenito-1-1.jpeg 800w, https:\/\/radiorevelacionfm.cl\/wp-content\/uploads\/2025\/12\/Alejandra-Valadebenito-1-1-300x225.jpeg 300w, https:\/\/radiorevelacionfm.cl\/wp-content\/uploads\/2025\/12\/Alejandra-Valadebenito-1-1-768x576.jpeg 768w, https:\/\/radiorevelacionfm.cl\/wp-content\/uploads\/2025\/12\/Alejandra-Valadebenito-1-1-705x529.jpeg 705w, https:\/\/radiorevelacionfm.cl\/wp-content\/uploads\/2025\/12\/Alejandra-Valadebenito-1-1-450x338.jpeg 450w, https:\/\/radiorevelacionfm.cl\/wp-content\/uploads\/2025\/12\/Alejandra-Valadebenito-1-1-600x450.jpeg 600w\" sizes=\"(max-width: 800px) 100vw, 800px\" \/><\/div><\/div><\/div><\/div><div class=\"flex_column av_one_full  flex_column_div av-zero-column-padding first  avia-builder-el-2  el_after_av_one_full  el_before_av_one_full  column-top-margin\" style='border-radius:0px; '><section class=\"av_textblock_section \"  itemscope=\"itemscope\" itemtype=\"https:\/\/schema.org\/BlogPosting\" itemprop=\"blogPost\" ><div class='avia_textblock  '   itemprop=\"text\" ><p style=\"text-align: center;\"><strong><span style=\"font-size: 18pt;\">Diputada Electa Alejandra Valdebenito pide claridad al Gobierno para resolver problema del Puente Presidente Ib\u00e1\u00f1ez<\/span><\/strong><\/p>\n<div id=\"gtx-trans\" style=\"position: absolute; left: -50px; top: 4.31534px;\">\n<div class=\"gtx-trans-icon\"><\/div>\n<\/div>\n<\/div><\/section><\/div><div class=\"flex_column av_one_full  flex_column_div av-zero-column-padding first  avia-builder-el-4  el_after_av_one_full  el_before_av_hr  column-top-margin\" style='border-radius:0px; '><section class=\"av_textblock_section \"  itemscope=\"itemscope\" itemtype=\"https:\/\/schema.org\/BlogPosting\" itemprop=\"blogPost\" ><div class='avia_textblock  '   itemprop=\"text\" ><p style=\"text-align: justify;\"><strong><em>Lament\u00f3 no exista un plan concreto por parte de las autoridades para abordar de manera definitiva la emergencia.<\/em><\/strong><\/p>\n<p style=\"text-align: justify;\">La diputada electa Alejandra Valdebenito manifest\u00f3 su profunda preocupaci\u00f3n frente al reciente corte de uno de los tensores del Puente Presidente Ib\u00e1\u00f1ez en Puerto Ays\u00e9n, situaci\u00f3n que ha generado incertidumbre y un evidente impacto en la vida cotidiana de cientos de familias de la comuna.<\/p>\n<p style=\"text-align: justify;\">Valdebenito se\u00f1al\u00f3 que, pese a la gravedad del hecho, las autoridades no han entregado informaci\u00f3n clara, oportuna ni un plan concreto para abordar de manera definitiva esta emergencia. \u201cLo que hoy vemos es ausencia de una hoja de ruta que le d\u00e9 tranquilidad a la comunidad. Puerto Ays\u00e9n est\u00e1 enfrentando un problema grave sin respuestas r\u00e1pidas ni certezas\u201d, afirm\u00f3.<\/p>\n<p style=\"text-align: justify;\">Asimismo, advirti\u00f3 que la situaci\u00f3n no es un problema aislado, sino que afecta directamente la calidad de vida de la comunidad no solo de puerto Ays\u00e9n sino que tambi\u00e9n de Puerto Chacabuco. \u201cEn salud se presentan dificultades de traslado para pacientes, personal cl\u00ednico y ambulancias; en transporte, aumentan los tiempos de viaje, congesti\u00f3n y riesgos de aislamiento; en educaci\u00f3n es evidente el perjuicio para los estudiantes y sus familias que deben cruzar diariamente. Para qu\u00e9 hablar de la econom\u00eda local, por el impacto puede causar en el comercio, servicios y movilidad general\u201d, puntualiz\u00f3.<\/p>\n<p style=\"text-align: justify;\">La futura parlamentaria llam\u00f3 al Gobierno y al MOP a establecer un diagn\u00f3stico transparente, informar con precisi\u00f3n las medidas temporales y definir plazos reales para la reparaci\u00f3n. \u201cNo podemos normalizar que una infraestructura cr\u00edtica est\u00e9 permanentemente en duda. Nuestros vecinos merecen certezas y un puente totalmente seguro\u201d, subray\u00f3.<\/p>\n<p style=\"text-align: justify;\">Finalmente, Valdebenito reafirm\u00f3 su compromiso de fiscalizar, exigir respuestas y coordinar acciones para que la comunidad no siga pagando las consecuencias de la falta de planificaci\u00f3n y gesti\u00f3n en una obra que es vital para el desarrollo regional.<\/p>\n<\/div><\/section><\/div><div  style='height:50px' class='hr hr-invisible   avia-builder-el-6  el_after_av_one_full  el_before_av_social_share '><span class='hr-inner ' ><span class='hr-inner-style'><\/span><\/span><\/div><\/p>\n<div  class='av-social-sharing-box  avia-builder-el-7  el_after_av_hr  el_before_av_hr  '><div class='av-share-box'><h5 class='av-share-link-description av-no-toc '>Compartir esta noticia<\/h5><ul class='av-share-box-list noLightbox'><li class='av-share-link av-social-link-facebook' ><a target=\"_blank\" aria-label=\"Compartir en Facebook\" href='https:\/\/www.facebook.com\/sharer.php?u=https:\/\/radiorevelacionfm.cl\/?p=62238&#038;t=Diputada%20Electa%20Alejandra%20Valdebenito%20pide%20claridad%20al%20Gobierno%20para%20resolver%20problema%20del%20Puente%20Presidente%20Ib%C3%A1%C3%B1ez' aria-hidden='false' data-av_icon='\ue8f3' data-av_iconfont='entypo-fontello' title='' data-avia-related-tooltip='Compartir en Facebook' rel=\"noopener\"><span class='avia_hidden_link_text'>Compartir en Facebook<\/span><\/a><\/li><li class='av-share-link av-social-link-twitter' ><a target=\"_blank\" aria-label=\"Compartir en Twitter\" href='https:\/\/twitter.com\/share?text=Diputada%20Electa%20Alejandra%20Valdebenito%20pide%20claridad%20al%20Gobierno%20para%20resolver%20problema%20del%20Puente%20Presidente%20Ib%C3%A1%C3%B1ez&#038;url=https:\/\/radiorevelacionfm.cl\/?p=62238' aria-hidden='false' data-av_icon='\ue8f1' data-av_iconfont='entypo-fontello' title='' data-avia-related-tooltip='Compartir en Twitter' rel=\"noopener\"><span class='avia_hidden_link_text'>Compartir en Twitter<\/span><\/a><\/li><li class='av-share-link av-social-link-whatsapp' ><a target=\"_blank\" aria-label=\"Compartir en Whatsapp\" href='https:\/\/api.whatsapp.com\/send?text=https:\/\/radiorevelacionfm.cl\/?p=62238' aria-hidden='false' data-av_icon='\uf232' data-av_iconfont='entypo-fontello' title='' data-avia-related-tooltip='Compartir en Whatsapp' rel=\"noopener\"><span class='avia_hidden_link_text'>Compartir en Whatsapp<\/span><\/a><\/li><li class='av-share-link av-social-link-linkedin' ><a target=\"_blank\" aria-label=\"Compartir en LinkedIn\" href='https:\/\/linkedin.com\/shareArticle?mini=true&#038;title=Diputada%20Electa%20Alejandra%20Valdebenito%20pide%20claridad%20al%20Gobierno%20para%20resolver%20problema%20del%20Puente%20Presidente%20Ib%C3%A1%C3%B1ez&#038;url=https:\/\/radiorevelacionfm.cl\/?p=62238' aria-hidden='false' data-av_icon='\ue8fc' data-av_iconfont='entypo-fontello' title='' data-avia-related-tooltip='Compartir en LinkedIn' rel=\"noopener\"><span class='avia_hidden_link_text'>Compartir en LinkedIn<\/span><\/a><\/li><li class='av-share-link av-social-link-mail' ><a  aria-label=\"Compartir por correo\" href='mailto:?subject=Diputada%20Electa%20Alejandra%20Valdebenito%20pide%20claridad%20al%20Gobierno%20para%20resolver%20problema%20del%20Puente%20Presidente%20Ib%C3%A1%C3%B1ez&#038;body=https:\/\/radiorevelacionfm.cl\/?p=62238' aria-hidden='false' data-av_icon='\ue805' data-av_iconfont='entypo-fontello' title='' data-avia-related-tooltip='Compartir por correo'><span class='avia_hidden_link_text'>Compartir por correo<\/span><\/a><\/li><\/ul><\/div><\/div>\n<div  style='height:50px' class='hr hr-invisible   avia-builder-el-8  el_after_av_social_share  el_before_av_comments_list '><span class='hr-inner ' ><span class='hr-inner-style'><\/span><\/span><\/div>\n<div  class='av-buildercomment  av-blog-meta-html-info-disabled av-blog-meta-tag-disabled  '><\/div>\n","protected":false},"excerpt":{"rendered":"","protected":false},"author":1,"featured_media":62239,"comment_status":"closed","ping_status":"closed","sticky":false,"template":"","format":"standard","meta":{"footnotes":""},"categories":[35],"tags":[],"class_list":["post-62238","post","type-post","status-publish","format-standard","has-post-thumbnail","hentry","category-politica"],"jetpack_featured_media_url":"https:\/\/radiorevelacionfm.cl\/wp-content\/uploads\/2025\/12\/Alejandra-Valadebenito-1-1.jpeg","_links":{"self":[{"href":"https:\/\/radiorevelacionfm.cl\/index.php?rest_route=\/wp\/v2\/posts\/62238","targetHints":{"allow":["GET"]}}],"collection":[{"href":"https:\/\/radiorevelacionfm.cl\/index.php?rest_route=\/wp\/v2\/posts"}],"about":[{"href":"https:\/\/radiorevelacionfm.cl\/index.php?rest_route=\/wp\/v2\/types\/post"}],"author":[{"embeddable":true,"href":"https:\/\/radiorevelacionfm.cl\/index.php?rest_route=\/wp\/v2\/users\/1"}],"replies":[{"embeddable":true,"href":"https:\/\/radiorevelacionfm.cl\/index.php?rest_route=%2Fwp%2Fv2%2Fcomments&post=62238"}],"version-history":[{"count":2,"href":"https:\/\/radiorevelacionfm.cl\/index.php?rest_route=\/wp\/v2\/posts\/62238\/revisions"}],"predecessor-version":[{"id":62252,"href":"https:\/\/radiorevelacionfm.cl\/index.php?rest_route=\/wp\/v2\/posts\/62238\/revisions\/62252"}],"wp:featuredmedia":[{"embeddable":true,"href":"https:\/\/radiorevelacionfm.cl\/index.php?rest_route=\/wp\/v2\/media\/62239"}],"wp:attachment":[{"href":"https:\/\/radiorevelacionfm.cl\/index.php?rest_route=%2Fwp%2Fv2%2Fmedia&parent=62238"}],"wp:term":[{"taxonomy":"category","embeddable":true,"href":"https:\/\/radiorevelacionfm.cl\/index.php?rest_route=%2Fwp%2Fv2%2Fcategories&post=62238"},{"taxonomy":"post_tag","embeddable":true,"href":"https:\/\/radiorevelacionfm.cl\/index.php?rest_route=%2Fwp%2Fv2%2Ftags&post=62238"}],"curies":[{"name":"wp","href":"https:\/\/api.w.org\/{rel}","templated":true}]}}