{"id":62234,"date":"2025-12-05T17:30:01","date_gmt":"2025-12-05T20:30:01","guid":{"rendered":"https:\/\/radiorevelacionfm.cl\/?p=62234"},"modified":"2025-12-05T17:30:01","modified_gmt":"2025-12-05T20:30:01","slug":"senador-sandoval-es-inaceptable-que-el-gobierno-redestine-recursos-de-regiones-del-sur-para-financiar-toma-de-san-antonio","status":"publish","type":"post","link":"https:\/\/radiorevelacionfm.cl\/?p=62234","title":{"rendered":"Senador Sandoval: \u201cEs inaceptable que el Gobierno redestine recursos de regiones del sur para financiar toma de San Antonio\u201d"},"content":{"rendered":"<div class=\"flex_column av_one_full  flex_column_div av-zero-column-padding first  avia-builder-el-0  el_before_av_one_full  avia-builder-el-first  \" style='border-radius:0px; '><div  class='avia-image-container  av-styling-    avia-builder-el-1  avia-builder-el-no-sibling  avia-align-center '  itemprop=\"image\" itemscope=\"itemscope\" itemtype=\"https:\/\/schema.org\/ImageObject\"  ><div class='avia-image-container-inner'><div class='avia-image-overlay-wrap'><img decoding=\"async\" class='wp-image-62235 avia-img-lazy-loading-not-62235 avia_image' src=\"https:\/\/radiorevelacionfm.cl\/wp-content\/uploads\/2025\/12\/senador-sandoval-20-1-2.jpg\" alt='' title='senador sandoval (20) (1) (2)' height=\"600\" width=\"900\"  itemprop=\"thumbnailUrl\" srcset=\"https:\/\/radiorevelacionfm.cl\/wp-content\/uploads\/2025\/12\/senador-sandoval-20-1-2.jpg 900w, https:\/\/radiorevelacionfm.cl\/wp-content\/uploads\/2025\/12\/senador-sandoval-20-1-2-300x200.jpg 300w, https:\/\/radiorevelacionfm.cl\/wp-content\/uploads\/2025\/12\/senador-sandoval-20-1-2-768x512.jpg 768w, https:\/\/radiorevelacionfm.cl\/wp-content\/uploads\/2025\/12\/senador-sandoval-20-1-2-705x470.jpg 705w, https:\/\/radiorevelacionfm.cl\/wp-content\/uploads\/2025\/12\/senador-sandoval-20-1-2-450x300.jpg 450w, https:\/\/radiorevelacionfm.cl\/wp-content\/uploads\/2025\/12\/senador-sandoval-20-1-2-600x400.jpg 600w\" sizes=\"(max-width: 900px) 100vw, 900px\" \/><\/div><\/div><\/div><\/div><div class=\"flex_column av_one_full  flex_column_div av-zero-column-padding first  avia-builder-el-2  el_after_av_one_full  el_before_av_one_full  column-top-margin\" style='border-radius:0px; '><section class=\"av_textblock_section \"  itemscope=\"itemscope\" itemtype=\"https:\/\/schema.org\/BlogPosting\" itemprop=\"blogPost\" ><div class='avia_textblock  '   itemprop=\"text\" ><p style=\"text-align: center;\"><strong><span style=\"font-size: 18pt;\">Senador Sandoval: \u201cEs inaceptable que el Gobierno redestine recursos de regiones del sur para financiar toma de San Antonio\u201d<\/span><\/strong><\/p>\n<div id=\"gtx-trans\" style=\"position: absolute; left: -50px; top: 4.31534px;\">\n<div class=\"gtx-trans-icon\"><\/div>\n<\/div>\n<\/div><\/section><\/div><div class=\"flex_column av_one_full  flex_column_div av-zero-column-padding first  avia-builder-el-4  el_after_av_one_full  el_before_av_hr  column-top-margin\" style='border-radius:0px; '><section class=\"av_textblock_section \"  itemscope=\"itemscope\" itemtype=\"https:\/\/schema.org\/BlogPosting\" itemprop=\"blogPost\" ><div class='avia_textblock  '   itemprop=\"text\" ><p style=\"text-align: justify;\">El senador David Sandoval manifest\u00f3 su profunda preocupaci\u00f3n tras conocerse que el Gobierno utilizar\u00e1 recursos originalmente destinados a proyectos en regiones del sur \u2014incluyendo Ays\u00e9n, \u00d1uble, La Araucan\u00eda, Los R\u00edos y Los Lagos\u2014 que no han sido ejecutados, para financiar la compra de terrenos en la toma de San Antonio, ocupada ilegalmente desde 2019.<\/p>\n<p style=\"text-align: justify;\">\u201cLo que est\u00e1 ocurriendo es inquietante. El propio Ejecutivo ha reconocido que los fondos usados para expropiar terrenos en San Antonio provienen de iniciativas que no llegaron a comenzar obras en nuestras regiones. Estamos hablando de recursos que hoy se usar\u00e1n para resolver un conflicto generado por una ocupaci\u00f3n ilegal\u201d, se\u00f1al\u00f3.<\/p>\n<p style=\"text-align: justify;\">Sandoval reproch\u00f3 adem\u00e1s las explicaciones entregadas por autoridades del Ministerio de Vivienda, quienes admitieron que esta disponibilidad de fondos surgi\u00f3 por \u201cproyectos no ejecutados\u201d, e incluso, en palabras del jefe del Departamento de Asentamientos Precarios del MINVU, Andr\u00e9s Palma, por una \u201cdisponibilidad de recursos que no estaba planificada\u201d.<\/p>\n<p style=\"text-align: justify;\">\u201cEs inaceptable que se normalice la idea de que, porque hay proyectos no ejecutados, se pueden usar recursos regionales para destinarlos discrecionalmente a otras zonas del pa\u00eds. M\u00e1s a\u00fan cuando se trata de subsanar una situaci\u00f3n de irregularidad, mientras miles de familias siguen esperando soluciones habitacionales\u201d, sostuvo.<\/p>\n<p style=\"text-align: justify;\">El parlamentario advirti\u00f3 \u201cesos miles de millones de pesos que se sacan por ejemplo del Gobierno Regional de Ays\u00e9n, entre otros, constituye una situaci\u00f3n compleja para el estado financiero del propio GORE\u201d.<\/p>\n<p style=\"text-align: justify;\">El senador Sandoval anunci\u00f3 que solicitar\u00e1, como integrante de la comisi\u00f3n de Vivienda del Senado, informaci\u00f3n detallada sobre los montos devueltos por los Serviu regionales, los proyectos que quedaron pendientes y los criterios utilizados para redestinar esos fondos.<\/p>\n<p style=\"text-align: justify;\">\u201cEsto habla de la eficiencia de c\u00f3mo se est\u00e1 llevando a cabo, por parte del SERVIU, la ejecuci\u00f3n de proyectos (y que producto de su no ejecuci\u00f3n), se est\u00e1n sacando 4 mil millones a la regi\u00f3n para suplir un tema que es absolutamente impresentable\u201d, finaliz\u00f3.<\/p>\n<\/div><\/section><\/div><div  style='height:50px' class='hr hr-invisible   avia-builder-el-6  el_after_av_one_full  el_before_av_social_share '><span class='hr-inner ' ><span class='hr-inner-style'><\/span><\/span><\/div><\/p>\n<div  class='av-social-sharing-box  avia-builder-el-7  el_after_av_hr  el_before_av_hr  '><div class='av-share-box'><h5 class='av-share-link-description av-no-toc '>Compartir esta noticia<\/h5><ul class='av-share-box-list noLightbox'><li class='av-share-link av-social-link-facebook' ><a target=\"_blank\" aria-label=\"Compartir en Facebook\" href='https:\/\/www.facebook.com\/sharer.php?u=https:\/\/radiorevelacionfm.cl\/?p=62234&#038;t=Senador%20Sandoval%3A%20%E2%80%9CEs%20inaceptable%20que%20el%20Gobierno%20redestine%20recursos%20de%20regiones%20del%20sur%20para%20financiar%20toma%20de%20San%20Antonio%E2%80%9D' aria-hidden='false' data-av_icon='\ue8f3' data-av_iconfont='entypo-fontello' title='' data-avia-related-tooltip='Compartir en Facebook' rel=\"noopener\"><span class='avia_hidden_link_text'>Compartir en Facebook<\/span><\/a><\/li><li class='av-share-link av-social-link-twitter' ><a target=\"_blank\" aria-label=\"Compartir en Twitter\" href='https:\/\/twitter.com\/share?text=Senador%20Sandoval%3A%20%E2%80%9CEs%20inaceptable%20que%20el%20Gobierno%20redestine%20recursos%20de%20regiones%20del%20sur%20para%20financiar%20toma%20de%20San%20Antonio%E2%80%9D&#038;url=https:\/\/radiorevelacionfm.cl\/?p=62234' aria-hidden='false' data-av_icon='\ue8f1' data-av_iconfont='entypo-fontello' title='' data-avia-related-tooltip='Compartir en Twitter' rel=\"noopener\"><span class='avia_hidden_link_text'>Compartir en Twitter<\/span><\/a><\/li><li class='av-share-link av-social-link-whatsapp' ><a target=\"_blank\" aria-label=\"Compartir en Whatsapp\" href='https:\/\/api.whatsapp.com\/send?text=https:\/\/radiorevelacionfm.cl\/?p=62234' aria-hidden='false' data-av_icon='\uf232' data-av_iconfont='entypo-fontello' title='' data-avia-related-tooltip='Compartir en Whatsapp' rel=\"noopener\"><span class='avia_hidden_link_text'>Compartir en Whatsapp<\/span><\/a><\/li><li class='av-share-link av-social-link-linkedin' ><a target=\"_blank\" aria-label=\"Compartir en LinkedIn\" href='https:\/\/linkedin.com\/shareArticle?mini=true&#038;title=Senador%20Sandoval%3A%20%E2%80%9CEs%20inaceptable%20que%20el%20Gobierno%20redestine%20recursos%20de%20regiones%20del%20sur%20para%20financiar%20toma%20de%20San%20Antonio%E2%80%9D&#038;url=https:\/\/radiorevelacionfm.cl\/?p=62234' aria-hidden='false' data-av_icon='\ue8fc' data-av_iconfont='entypo-fontello' title='' data-avia-related-tooltip='Compartir en LinkedIn' rel=\"noopener\"><span class='avia_hidden_link_text'>Compartir en LinkedIn<\/span><\/a><\/li><li class='av-share-link av-social-link-mail' ><a  aria-label=\"Compartir por correo\" href='mailto:?subject=Senador%20Sandoval%3A%20%E2%80%9CEs%20inaceptable%20que%20el%20Gobierno%20redestine%20recursos%20de%20regiones%20del%20sur%20para%20financiar%20toma%20de%20San%20Antonio%E2%80%9D&#038;body=https:\/\/radiorevelacionfm.cl\/?p=62234' aria-hidden='false' data-av_icon='\ue805' data-av_iconfont='entypo-fontello' title='' data-avia-related-tooltip='Compartir por correo'><span class='avia_hidden_link_text'>Compartir por correo<\/span><\/a><\/li><\/ul><\/div><\/div>\n<div  style='height:50px' class='hr hr-invisible   avia-builder-el-8  el_after_av_social_share  el_before_av_comments_list '><span class='hr-inner ' ><span class='hr-inner-style'><\/span><\/span><\/div>\n<div  class='av-buildercomment  av-blog-meta-html-info-disabled av-blog-meta-tag-disabled  '><\/div>\n","protected":false},"excerpt":{"rendered":"","protected":false},"author":1,"featured_media":62235,"comment_status":"closed","ping_status":"closed","sticky":false,"template":"","format":"standard","meta":{"footnotes":""},"categories":[35],"tags":[],"class_list":["post-62234","post","type-post","status-publish","format-standard","has-post-thumbnail","hentry","category-politica"],"jetpack_featured_media_url":"https:\/\/radiorevelacionfm.cl\/wp-content\/uploads\/2025\/12\/senador-sandoval-20-1-2.jpg","_links":{"self":[{"href":"https:\/\/radiorevelacionfm.cl\/index.php?rest_route=\/wp\/v2\/posts\/62234","targetHints":{"allow":["GET"]}}],"collection":[{"href":"https:\/\/radiorevelacionfm.cl\/index.php?rest_route=\/wp\/v2\/posts"}],"about":[{"href":"https:\/\/radiorevelacionfm.cl\/index.php?rest_route=\/wp\/v2\/types\/post"}],"author":[{"embeddable":true,"href":"https:\/\/radiorevelacionfm.cl\/index.php?rest_route=\/wp\/v2\/users\/1"}],"replies":[{"embeddable":true,"href":"https:\/\/radiorevelacionfm.cl\/index.php?rest_route=%2Fwp%2Fv2%2Fcomments&post=62234"}],"version-history":[{"count":2,"href":"https:\/\/radiorevelacionfm.cl\/index.php?rest_route=\/wp\/v2\/posts\/62234\/revisions"}],"predecessor-version":[{"id":62250,"href":"https:\/\/radiorevelacionfm.cl\/index.php?rest_route=\/wp\/v2\/posts\/62234\/revisions\/62250"}],"wp:featuredmedia":[{"embeddable":true,"href":"https:\/\/radiorevelacionfm.cl\/index.php?rest_route=\/wp\/v2\/media\/62235"}],"wp:attachment":[{"href":"https:\/\/radiorevelacionfm.cl\/index.php?rest_route=%2Fwp%2Fv2%2Fmedia&parent=62234"}],"wp:term":[{"taxonomy":"category","embeddable":true,"href":"https:\/\/radiorevelacionfm.cl\/index.php?rest_route=%2Fwp%2Fv2%2Fcategories&post=62234"},{"taxonomy":"post_tag","embeddable":true,"href":"https:\/\/radiorevelacionfm.cl\/index.php?rest_route=%2Fwp%2Fv2%2Ftags&post=62234"}],"curies":[{"name":"wp","href":"https:\/\/api.w.org\/{rel}","templated":true}]}}