{"id":62232,"date":"2025-12-05T15:39:57","date_gmt":"2025-12-05T18:39:57","guid":{"rendered":"https:\/\/radiorevelacionfm.cl\/?p=62232"},"modified":"2025-12-16T11:40:25","modified_gmt":"2025-12-16T14:40:25","slug":"el-nega-producto-apuntes-criticos-sobre-la-economia-circular-en-las-industrias-intensivas","status":"publish","type":"post","link":"https:\/\/radiorevelacionfm.cl\/?p=62232","title":{"rendered":"El nega-producto: Apuntes cr\u00edticos sobre la econom\u00eda circular en las industrias intensivas"},"content":{"rendered":"<div class=\"flex_column av_one_full  flex_column_div av-zero-column-padding first  avia-builder-el-0  el_before_av_one_full  avia-builder-el-first  \" style='border-radius:0px; '><div  class='avia-image-container  av-styling-    avia-builder-el-1  avia-builder-el-no-sibling  avia-align-center '  itemprop=\"image\" itemscope=\"itemscope\" itemtype=\"https:\/\/schema.org\/ImageObject\"  ><div class='avia-image-container-inner'><div class='avia-image-overlay-wrap'><img decoding=\"async\" class='wp-image-56875 avia-img-lazy-loading-not-56875 avia_image' src=\"https:\/\/radiorevelacionfm.cl\/wp-content\/uploads\/2025\/07\/patricio-segura2-1_optimized-1.jpg\" alt='' title='patricio-segura2-(1)_optimized (1)' height=\"600\" width=\"824\"  itemprop=\"thumbnailUrl\" srcset=\"https:\/\/radiorevelacionfm.cl\/wp-content\/uploads\/2025\/07\/patricio-segura2-1_optimized-1.jpg 824w, https:\/\/radiorevelacionfm.cl\/wp-content\/uploads\/2025\/07\/patricio-segura2-1_optimized-1-300x218.jpg 300w, https:\/\/radiorevelacionfm.cl\/wp-content\/uploads\/2025\/07\/patricio-segura2-1_optimized-1-768x559.jpg 768w, https:\/\/radiorevelacionfm.cl\/wp-content\/uploads\/2025\/07\/patricio-segura2-1_optimized-1-705x513.jpg 705w, https:\/\/radiorevelacionfm.cl\/wp-content\/uploads\/2025\/07\/patricio-segura2-1_optimized-1-450x328.jpg 450w, https:\/\/radiorevelacionfm.cl\/wp-content\/uploads\/2025\/07\/patricio-segura2-1_optimized-1-600x437.jpg 600w\" sizes=\"(max-width: 824px) 100vw, 824px\" \/><\/div><\/div><\/div><\/div><div class=\"flex_column av_one_full  flex_column_div av-zero-column-padding first  avia-builder-el-2  el_after_av_one_full  el_before_av_one_full  column-top-margin\" style='border-radius:0px; '><section class=\"av_textblock_section \"  itemscope=\"itemscope\" itemtype=\"https:\/\/schema.org\/BlogPosting\" itemprop=\"blogPost\" ><div class='avia_textblock  '   itemprop=\"text\" ><p style=\"text-align: center;\"><span style=\"font-size: 18pt;\"><b>El nega-producto: Apuntes cr\u00edticos sobre la econom\u00eda circular en las industrias intensivas<\/b><\/span><\/p>\n<div id=\"gtx-trans\" style=\"position: absolute; left: -50px; top: 4.31534px;\">\n<div class=\"gtx-trans-icon\"><\/div>\n<\/div>\n<\/div><\/section><\/div><div class=\"flex_column av_one_full  flex_column_div av-zero-column-padding first  avia-builder-el-4  el_after_av_one_full  el_before_av_hr  column-top-margin\" style='border-radius:0px; '><section class=\"av_textblock_section \"  itemscope=\"itemscope\" itemtype=\"https:\/\/schema.org\/BlogPosting\" itemprop=\"blogPost\" ><div class='avia_textblock  '   itemprop=\"text\" ><p style=\"font-weight: 400; text-align: justify;\">De tiempo en tiempo, se ponen de moda conceptos. En muchos casos, fruto de reflexiones profundas que intentan hacerse cargo de nuevas realidades o dar cuenta, mediante frescos enfoques, de situaciones permanentes.<\/p>\n<p style=\"font-weight: 400; text-align: justify;\">Ah\u00ed estuvo la figura del\u00a0<em>emprendedor<\/em>, que en Chile gan\u00f3 fuerza en los noventa, de la mano del pa\u00eds neoliberal que instalaron a sangre y fuego los Chicago Boys de Pinochet, y que consolid\u00f3 la tecnocracia economicista de la Concertaci\u00f3n. Aquella persona que, como el Fa\u00fandez del celular y el ascensor, era capaz de dejar atr\u00e1s su rol asalariado para incursionar en la actividad privada. Noci\u00f3n con bastante carga ideol\u00f3gica, al estar asociada esencialmente a la actividad econ\u00f3mica individual. Prima hermana de otra con el mismo ideario, esta vez desde el ascenso social: la meritocracia.<\/p>\n<p style=\"font-weight: 400; text-align: justify;\">\u00bfD\u00f3nde lo colectivo, buscar la felicidad individual personal -otro clich\u00e9 individualista- aportando a que en esa b\u00fasqueda otros y otras tambi\u00e9n lo sean, incluida la naturaleza y los que a\u00fan no est\u00e1n?<\/p>\n<p style=\"font-weight: 400; text-align: justify;\">Personas que transforman la realidad hay muchas. Desde el hacer: las mujeres que organizaron ollas comunes en dictadura cuando el hambre golpeaba fuerte. Desde el reflexionar: Adam Smith y Karl Marx, que con sus ideas cambiaron siglos de historia de la humanidad. Ellos hoy no ser\u00edan emprendedores, a pesar que las suyas fueron empresas que demandaron esfuerzo, creatividad, tes\u00f3n\u2026 no dieron empleo, no aportaron al PIB. Directamente, porque sabemos que no s\u00f3lo de empresas trata el desarrollo y la evoluci\u00f3n humana.<\/p>\n<p style=\"font-weight: 400; text-align: justify;\">Hoy, de moda est\u00e1 la econom\u00eda circular. Todo es circular: consultoras, mineras, forestales, la industria del salm\u00f3n.<\/p>\n<p style=\"font-weight: 400; text-align: justify;\">\u00bfY a qu\u00e9 apunta este neologismo? Dicho en simple, a despercudirse de la linealidad tradicional productiva: extraer, transformar, desechar, reincorporando los residuos al sistema. Para ello se recicla, repara, reutiliza y se adscribe a toda la lista de \u201cR\u201d que la creatividad humana ha podido formular: redise\u00f1ar, renovar, recuperar, rechazar, reducir, repensar, entre otras.<\/p>\n<p style=\"font-weight: 400; text-align: justify;\">Uno de los principales ejes de la econom\u00eda circular es el reciclaje que permite, mediante nuevos procesos productivos, transformar en nuevos productos lo que de otra forma terminar\u00eda en un vertedero. Uno de sus puntales es la separaci\u00f3n de residuos, cada d\u00eda m\u00e1s com\u00fan.<\/p>\n<p style=\"font-weight: 400; text-align: justify;\">Esta acci\u00f3n claramente ha tenido efectos positivos en la presi\u00f3n sobre la naturaleza. Pero es preciso problematizarla.\u00a0 Escrutarla para comprender la integralidad de sus impactos.<\/p>\n<p style=\"font-weight: 400; text-align: justify;\">Uno de ellos, la generaci\u00f3n de empleo y movimiento econ\u00f3mico. Este sector, que ya lo es, aporta unos <a href=\"https:\/\/santiago.uv.cl\/noticias\/11-ico\/612-industria-del-reciclaje-en-chile-ya-genera-mas-de-17-mil-empleos-directos-destaco-gerente-general-de-anir#:~:text=Asimismo%2C%20respondi%C3%B3%20preguntas%20del%20p%C3%BAblico,en%20algo%20mucho%20m%C3%A1s%20grande.\" data-saferedirecturl=\"https:\/\/www.google.com\/url?q=https:\/\/santiago.uv.cl\/noticias\/11-ico\/612-industria-del-reciclaje-en-chile-ya-genera-mas-de-17-mil-empleos-directos-destaco-gerente-general-de-anir%23:~:text%3DAsimismo%252C%2520respondi%25C3%25B3%2520preguntas%2520del%2520p%25C3%25BAblico,en%2520algo%2520mucho%2520m%25C3%25A1s%2520grande.&amp;source=gmail&amp;ust=1765038271980000&amp;usg=AOvVaw33pVwvBBUkEkuV0tLqGplX\">17 mil puestos de trabajo directo en Chile<\/a>, seg\u00fan datos de la Asociaci\u00f3n Nacional de la Industria del Reciclaje.\u00a0\u00a0Y mueve unas 100 mil toneladas de materialidad promedio al 2025.<\/p>\n<p style=\"font-weight: 400; text-align: justify;\">Pero hay otras aristas, principalmente en el contexto de los grandes procesos industriales. Que son los que m\u00e1s impacto tienen.\u00a0\u00a0Porque lo peque\u00f1o, lo local, sigue siendo hermoso.<\/p>\n<p style=\"font-weight: 400; text-align: justify;\">Lo primero, el tecno optimismo. La confianza ciega en que no debemos modificar profundamente nuestra conducta, que en el concierto global ha sido parte del problema, porque un tercero (la tecnolog\u00eda, otros) se har\u00e1 cargo de los inconvenientes que genera. \u201c<em>Alguien<\/em>\u201d har\u00e1 desaparecer mi basura por arte de magia, entonces, \u00bfpara qu\u00e9 cambiar?. Sigamos avanzando en miner\u00eda, total, transformaremos los relaves en pavimento, en salmonicultura porque haremos lentes con los residuos pl\u00e1sticos, en plantaciones de pino porque extraeremos combustible org\u00e1nico de los residuos.<\/p>\n<p style=\"font-weight: 400; text-align: justify;\">Tambi\u00e9n ha fomentado el greenwashing. Se publicitan acciones de reciclaje con m\u00ednimo impacto en la mitigaci\u00f3n del problema, pero nos hacen creer que el sector, industria o empresa est\u00e1 aportando al cuidado del planeta.<\/p>\n<p style=\"font-weight: 400; text-align: justify;\">Pero hay aspectos intr\u00ednsecos al formato.<\/p>\n<p style=\"font-weight: 400; text-align: justify;\">En algunos casos, el consumo energ\u00e9tico en la transformaci\u00f3n es alt\u00edsimo. Pero como el incentivo sigue siendo econ\u00f3mico (ingresos por mayor comercializaci\u00f3n de productos \u201cverdes\u201d), no se discute el efecto positivo real del proceso.<\/p>\n<p style=\"font-weight: 400; text-align: justify;\">Y qu\u00e9 decir del transporte en distribuci\u00f3n. Como el etiquetado de productos \u201chuella cero\u201d para exportaci\u00f3n masiva, lo que conlleva, por una parte, masificaci\u00f3n de la producci\u00f3n (orde\u00f1ando naturaleza y comunidades, como si de una vaca lechera se tratara) y, por la otra, emisi\u00f3n de gases de efecto invernadero en el transporte. Los lotes de \u201c<em>mermelada huella cero<\/em>\u201d del campo chileno que se comercializan en China como producto boutique, dif\u00edcilmente ser\u00e1n sustentables (otra palabra que ha ido vaci\u00e1ndose de contenido).<\/p>\n<p style=\"font-weight: 400; text-align: justify;\">El objetivo de estos apuntes no es, aunque lo parezca, torpedear el genuino inter\u00e9s en cuidar los ecosistemas y el planeta a trav\u00e9s de acciones que hagan sentido. Es, discernir sobre el \u00e9nfasis de nuestras acciones para la transformaci\u00f3n estructural.\u00a0\u00a0S\u00f3lo si creemos que el modelo de habitar y producir es el problema, claro est\u00e1.<\/p>\n<p style=\"font-weight: 400; text-align: justify;\">La econom\u00eda circular tiene otras aristas positivas que han emergido en su conceptualizaci\u00f3n. Lo mencionado ac\u00e1 s\u00f3lo apunta a la idea de mantener productos y materiales en uso, eliminando residuos y contaminaci\u00f3n.<\/p>\n<p style=\"font-weight: 400; text-align: justify;\">Pero hay otras \u201cR\u201d cada d\u00eda m\u00e1s visibles. Regenerar y recuperar sistemas naturales, siempre y cuando sus ciclos sean trazables y, tambi\u00e9n, honestos. \u00bfReforestar en Patagonia con el apoyo de empresas responsables de la debacle del bosque nativo en el sur de Chile? \u00bfCuidar el agua del sur apropi\u00e1ndose y contaminando la del norte?<\/p>\n<p style=\"font-weight: 400; text-align: justify;\">Y est\u00e1n las \u201cR\u201d m\u00e1s revolucionarias: reducir el consumo, rechazar productos. No porque sean defectuosos, sino porque as\u00ed se ejerce menor presi\u00f3n sobre la naturaleza, dado que el bien menos contaminante es el que no se necesita. Algo as\u00ed como el nega-producto (o los \u201c<em>nega<\/em>&#8211;<em>goods<\/em>\u201d, si se quiere).<\/p>\n<p style=\"font-weight: 400; text-align: justify;\">Eso s\u00ed, nunca se coarte en consumir conocimiento. Es uno de los bienes m\u00e1s fruct\u00edferos para encontrar salidas a los actuales dilemas de la humanidad.<\/p>\n<p><em>Por: Patricio Segura Ortiz, periodista<\/em><\/p>\n<\/div><\/section><\/div><div  style='height:50px' class='hr hr-invisible   avia-builder-el-6  el_after_av_one_full  el_before_av_social_share '><span class='hr-inner ' ><span class='hr-inner-style'><\/span><\/span><\/div><\/p>\n<div  class='av-social-sharing-box  avia-builder-el-7  el_after_av_hr  el_before_av_hr  '><div class='av-share-box'><h5 class='av-share-link-description av-no-toc '>Compartir esta noticia<\/h5><ul class='av-share-box-list noLightbox'><li class='av-share-link av-social-link-facebook' ><a target=\"_blank\" aria-label=\"Compartir en Facebook\" href='https:\/\/www.facebook.com\/sharer.php?u=https:\/\/radiorevelacionfm.cl\/?p=62232&#038;t=El%20nega-producto%3A%20Apuntes%20cr%C3%ADticos%20sobre%20la%20econom%C3%ADa%20circular%20en%20las%20industrias%20intensivas' aria-hidden='false' data-av_icon='\ue8f3' data-av_iconfont='entypo-fontello' title='' data-avia-related-tooltip='Compartir en Facebook' rel=\"noopener\"><span class='avia_hidden_link_text'>Compartir en Facebook<\/span><\/a><\/li><li class='av-share-link av-social-link-twitter' ><a target=\"_blank\" aria-label=\"Compartir en Twitter\" href='https:\/\/twitter.com\/share?text=El%20nega-producto%3A%20Apuntes%20cr%C3%ADticos%20sobre%20la%20econom%C3%ADa%20circular%20en%20las%20industrias%20intensivas&#038;url=https:\/\/radiorevelacionfm.cl\/?p=62232' aria-hidden='false' data-av_icon='\ue8f1' data-av_iconfont='entypo-fontello' title='' data-avia-related-tooltip='Compartir en Twitter' rel=\"noopener\"><span class='avia_hidden_link_text'>Compartir en Twitter<\/span><\/a><\/li><li class='av-share-link av-social-link-whatsapp' ><a target=\"_blank\" aria-label=\"Compartir en Whatsapp\" href='https:\/\/api.whatsapp.com\/send?text=https:\/\/radiorevelacionfm.cl\/?p=62232' aria-hidden='false' data-av_icon='\uf232' data-av_iconfont='entypo-fontello' title='' data-avia-related-tooltip='Compartir en Whatsapp' rel=\"noopener\"><span class='avia_hidden_link_text'>Compartir en Whatsapp<\/span><\/a><\/li><li class='av-share-link av-social-link-linkedin' ><a target=\"_blank\" aria-label=\"Compartir en LinkedIn\" href='https:\/\/linkedin.com\/shareArticle?mini=true&#038;title=El%20nega-producto%3A%20Apuntes%20cr%C3%ADticos%20sobre%20la%20econom%C3%ADa%20circular%20en%20las%20industrias%20intensivas&#038;url=https:\/\/radiorevelacionfm.cl\/?p=62232' aria-hidden='false' data-av_icon='\ue8fc' data-av_iconfont='entypo-fontello' title='' data-avia-related-tooltip='Compartir en LinkedIn' rel=\"noopener\"><span class='avia_hidden_link_text'>Compartir en LinkedIn<\/span><\/a><\/li><li class='av-share-link av-social-link-mail' ><a  aria-label=\"Compartir por correo\" href='mailto:?subject=El%20nega-producto%3A%20Apuntes%20cr%C3%ADticos%20sobre%20la%20econom%C3%ADa%20circular%20en%20las%20industrias%20intensivas&#038;body=https:\/\/radiorevelacionfm.cl\/?p=62232' aria-hidden='false' data-av_icon='\ue805' data-av_iconfont='entypo-fontello' title='' data-avia-related-tooltip='Compartir por correo'><span class='avia_hidden_link_text'>Compartir por correo<\/span><\/a><\/li><\/ul><\/div><\/div>\n<div  style='height:50px' class='hr hr-invisible   avia-builder-el-8  el_after_av_social_share  el_before_av_comments_list '><span class='hr-inner ' ><span class='hr-inner-style'><\/span><\/span><\/div>\n<div  class='av-buildercomment  av-blog-meta-html-info-disabled av-blog-meta-tag-disabled  '><\/div>\n","protected":false},"excerpt":{"rendered":"","protected":false},"author":1,"featured_media":56875,"comment_status":"closed","ping_status":"closed","sticky":false,"template":"","format":"standard","meta":{"footnotes":""},"categories":[50],"tags":[],"class_list":["post-62232","post","type-post","status-publish","format-standard","has-post-thumbnail","hentry","category-cartas-y-opinion"],"jetpack_featured_media_url":"https:\/\/radiorevelacionfm.cl\/wp-content\/uploads\/2025\/07\/patricio-segura2-1_optimized-1.jpg","_links":{"self":[{"href":"https:\/\/radiorevelacionfm.cl\/index.php?rest_route=\/wp\/v2\/posts\/62232","targetHints":{"allow":["GET"]}}],"collection":[{"href":"https:\/\/radiorevelacionfm.cl\/index.php?rest_route=\/wp\/v2\/posts"}],"about":[{"href":"https:\/\/radiorevelacionfm.cl\/index.php?rest_route=\/wp\/v2\/types\/post"}],"author":[{"embeddable":true,"href":"https:\/\/radiorevelacionfm.cl\/index.php?rest_route=\/wp\/v2\/users\/1"}],"replies":[{"embeddable":true,"href":"https:\/\/radiorevelacionfm.cl\/index.php?rest_route=%2Fwp%2Fv2%2Fcomments&post=62232"}],"version-history":[{"count":2,"href":"https:\/\/radiorevelacionfm.cl\/index.php?rest_route=\/wp\/v2\/posts\/62232\/revisions"}],"predecessor-version":[{"id":62515,"href":"https:\/\/radiorevelacionfm.cl\/index.php?rest_route=\/wp\/v2\/posts\/62232\/revisions\/62515"}],"wp:featuredmedia":[{"embeddable":true,"href":"https:\/\/radiorevelacionfm.cl\/index.php?rest_route=\/wp\/v2\/media\/56875"}],"wp:attachment":[{"href":"https:\/\/radiorevelacionfm.cl\/index.php?rest_route=%2Fwp%2Fv2%2Fmedia&parent=62232"}],"wp:term":[{"taxonomy":"category","embeddable":true,"href":"https:\/\/radiorevelacionfm.cl\/index.php?rest_route=%2Fwp%2Fv2%2Fcategories&post=62232"},{"taxonomy":"post_tag","embeddable":true,"href":"https:\/\/radiorevelacionfm.cl\/index.php?rest_route=%2Fwp%2Fv2%2Ftags&post=62232"}],"curies":[{"name":"wp","href":"https:\/\/api.w.org\/{rel}","templated":true}]}}