{"id":62229,"date":"2025-12-05T16:09:39","date_gmt":"2025-12-05T19:09:39","guid":{"rendered":"https:\/\/radiorevelacionfm.cl\/?p=62229"},"modified":"2025-12-05T16:09:39","modified_gmt":"2025-12-05T19:09:39","slug":"biolana-el-innovador-pellet-de-lana-de-oveja-que-conquisto-expo-jardines-2025-con-el-apoyo-de-corfo","status":"publish","type":"post","link":"https:\/\/radiorevelacionfm.cl\/?p=62229","title":{"rendered":"Biolana: el innovador pellet de lana de oveja que conquist\u00f3 Expo Jardines 2025 con el apoyo de Corfo"},"content":{"rendered":"<div class=\"flex_column av_one_full  flex_column_div av-zero-column-padding first  avia-builder-el-0  el_before_av_one_full  avia-builder-el-first  \" style='border-radius:0px; '><div  class='avia-image-container  av-styling-    avia-builder-el-1  avia-builder-el-no-sibling  avia-align-center '  itemprop=\"image\" itemscope=\"itemscope\" itemtype=\"https:\/\/schema.org\/ImageObject\"  ><div class='avia-image-container-inner'><div class='avia-image-overlay-wrap'><img decoding=\"async\" class='wp-image-62230 avia-img-lazy-loading-not-62230 avia_image' src=\"https:\/\/radiorevelacionfm.cl\/wp-content\/uploads\/2025\/12\/06_biolana_corfoaysen-1_optimized-1.jpg\" alt='' title='06_biolana_corfoaysen-(1)_optimized (1)' height=\"600\" width=\"1083\"  itemprop=\"thumbnailUrl\" srcset=\"https:\/\/radiorevelacionfm.cl\/wp-content\/uploads\/2025\/12\/06_biolana_corfoaysen-1_optimized-1.jpg 1083w, https:\/\/radiorevelacionfm.cl\/wp-content\/uploads\/2025\/12\/06_biolana_corfoaysen-1_optimized-1-300x166.jpg 300w, https:\/\/radiorevelacionfm.cl\/wp-content\/uploads\/2025\/12\/06_biolana_corfoaysen-1_optimized-1-1030x571.jpg 1030w, https:\/\/radiorevelacionfm.cl\/wp-content\/uploads\/2025\/12\/06_biolana_corfoaysen-1_optimized-1-768x425.jpg 768w, https:\/\/radiorevelacionfm.cl\/wp-content\/uploads\/2025\/12\/06_biolana_corfoaysen-1_optimized-1-705x391.jpg 705w, https:\/\/radiorevelacionfm.cl\/wp-content\/uploads\/2025\/12\/06_biolana_corfoaysen-1_optimized-1-450x249.jpg 450w, https:\/\/radiorevelacionfm.cl\/wp-content\/uploads\/2025\/12\/06_biolana_corfoaysen-1_optimized-1-600x332.jpg 600w\" sizes=\"(max-width: 1083px) 100vw, 1083px\" \/><\/div><\/div><\/div><\/div><div class=\"flex_column av_one_full  flex_column_div av-zero-column-padding first  avia-builder-el-2  el_after_av_one_full  el_before_av_one_full  column-top-margin\" style='border-radius:0px; '><section class=\"av_textblock_section \"  itemscope=\"itemscope\" itemtype=\"https:\/\/schema.org\/BlogPosting\" itemprop=\"blogPost\" ><div class='avia_textblock  '   itemprop=\"text\" ><p style=\"text-align: center;\"><span style=\"font-size: 18pt;\"><b>Biolana: el innovador pellet de lana de oveja que conquist\u00f3 Expo Jardines 2025 con el apoyo de Corfo<\/b><\/span><\/p>\n<div id=\"gtx-trans\" style=\"position: absolute; left: -50px; top: 4.31534px;\">\n<div class=\"gtx-trans-icon\"><\/div>\n<\/div>\n<\/div><\/section><\/div><div class=\"flex_column av_one_full  flex_column_div av-zero-column-padding first  avia-builder-el-4  el_after_av_one_full  el_before_av_hr  column-top-margin\" style='border-radius:0px; '><section class=\"av_textblock_section \"  itemscope=\"itemscope\" itemtype=\"https:\/\/schema.org\/BlogPosting\" itemprop=\"blogPost\" ><div class='avia_textblock  '   itemprop=\"text\" ><p style=\"text-align: justify;\"><em>Friendly Wool present\u00f3 su nuevo producto Biolana en la Expo Jardines 2025, destacando la innovaci\u00f3n, sostenibilidad y el respaldo clave de Corfo para impulsar el desarrollo regional.<\/em><\/p>\n<p style=\"text-align: justify;\">Con una propuesta que une innovaci\u00f3n, sostenibilidad y desarrollo territorial, la empresa regional Friendly Wool present\u00f3 oficialmente su nuevo producto <a href=\"https:\/\/www.instagram.com\/biolanapatagonia\/\" data-saferedirecturl=\"https:\/\/www.google.com\/url?q=https:\/\/www.instagram.com\/biolanapatagonia\/&amp;source=gmail&amp;ust=1765044240937000&amp;usg=AOvVaw1CVrTismkR4SznMlK2uyYn\">Biolana<\/a>\u00a0en la reconocida Expo Jardines 2025, en Lo Matta Cultural, en la comuna de Vitacura, Santiago. Se trata de pellets elaborados a partir de lana de oveja, una soluci\u00f3n natural y ecol\u00f3gica que busca transformar un residuo en un insumo valioso para la agricultura y la jardiner\u00eda.<\/p>\n<p style=\"text-align: justify;\">La participaci\u00f3n de Friendly Wool en esta vitrina especializada fue posible gracias al apoyo del programa de Corfo, que ha sido clave para el desarrollo del proyecto desde sus inicios. \u201cEste hito no lo hubi\u00e9ramos podido lograr sin el respaldo de Corfo y la adjudicaci\u00f3n de este fondo en nuestra regi\u00f3n. Venimos trabajando desde 2021 con la idea de este producto, y llegar a esta feria con Biolana terminado, empaquetado, con su dise\u00f1o y branding, fue un momento de mucho orgullo y agradecimiento\u201d, expres\u00f3 Emilia Lagos, integrante del equipo emprendedor.<\/p>\n<p style=\"text-align: justify;\">\u201cEste proyecto, financiado por nuestro programa Innova Regi\u00f3n, demuestra que la innovaci\u00f3n y la econom\u00eda circular pueden cambiar la realidad de territorios como Ays\u00e9n\u201d, destac\u00f3 Humberto Mar\u00edn Leiva, director regional de Corfo. Seg\u00fan el directivo, Friendly Wool \u201clogr\u00f3 convertir la lana ovina, que muchas veces se desperdicia, en un insumo \u00fatil y sustentable para la agricultura y la jardiner\u00eda\u201d. Adem\u00e1s, subray\u00f3 que iniciativas como Biolana \u201cno s\u00f3lo fortalecen el emprendimiento local, sino que abren nuevas oportunidades comerciales y posicionan a la regi\u00f3n como un referente en soluciones innovadoras y sostenibles\u201d.<\/p>\n<p style=\"text-align: justify;\">Durante los cuatro d\u00edas de feria, el stand de Biolana se convirti\u00f3 en uno de los m\u00e1s visitados. El p\u00fablico especializado \u2014paisajistas, viveristas, productores agr\u00edcolas y amantes de la jardiner\u00eda\u2014 mostr\u00f3 gran inter\u00e9s por esta alternativa sustentable que reduce el riego, nutre la tierra y ayuda a repeler plagas de arrastre. Adem\u00e1s, se valor\u00f3 el enfoque circular del proyecto, que da un nuevo uso a la lana de oveja, un recurso que muchas veces queda sin destino por falta de mercado.<\/p>\n<p style=\"text-align: justify;\">\u201cFuimos las \u00fanicas en presentar pellets de lana en la feria, y muchas personas nos felicitaron por lo innovador y llamativo del producto. Nos escucharon con atenci\u00f3n, participaron en nuestra charla y se acercaron al stand a comprar. Fue una experiencia muy positiva\u201d, agreg\u00f3 Emilia.<\/p>\n<p style=\"text-align: justify;\">La participaci\u00f3n en la feria no solo permiti\u00f3 validar el producto frente a un p\u00fablico conocedor, sino tambi\u00e9n abrir oportunidades comerciales concretas. Empresas como COVEPA manifestaron su inter\u00e9s en distribuir Biolana, y ya se planifica una reuni\u00f3n para avanzar en acuerdos de comercializaci\u00f3n. Adem\u00e1s, se generaron contactos con viveros, paisajistas y productores que ven en este producto una soluci\u00f3n pr\u00e1ctica y sustentable.<\/p>\n<p style=\"text-align: justify;\">Friendly Wool tambi\u00e9n tuvo la oportunidad de realizar una charla en el espacio de talleres de la feria, donde presentaron el proceso de desarrollo del producto, compartieron im\u00e1genes del proyecto y entregaron muestras a las y los asistentes. \u201cFue muy emocionante ver c\u00f3mo las personas se sorprend\u00edan con este nuevo uso de la lana. Nos llena de energ\u00eda para seguir adelante con los desaf\u00edos que vienen\u201d, coment\u00f3 Emilia.<\/p>\n<p style=\"text-align: justify;\">Este caso es un ejemplo concreto del impacto que puede tener el apoyo p\u00fablico a la innovaci\u00f3n regional, especialmente en zonas extremas como Ays\u00e9n. \u201cNos quedan desaf\u00edos por delante, pero los enfrentamos con entusiasmo. Queremos cerrar este proyecto con un mo\u00f1o gigante y seguir aportando al desarrollo sustentable de nuestra regi\u00f3n\u201d, concluy\u00f3 Emilia Lagos.<\/p>\n<\/div><\/section><\/div><div  style='height:50px' class='hr hr-invisible   avia-builder-el-6  el_after_av_one_full  el_before_av_social_share '><span class='hr-inner ' ><span class='hr-inner-style'><\/span><\/span><\/div><\/p>\n<div  class='av-social-sharing-box  avia-builder-el-7  el_after_av_hr  el_before_av_hr  '><div class='av-share-box'><h5 class='av-share-link-description av-no-toc '>Compartir esta noticia<\/h5><ul class='av-share-box-list noLightbox'><li class='av-share-link av-social-link-facebook' ><a target=\"_blank\" aria-label=\"Compartir en Facebook\" href='https:\/\/www.facebook.com\/sharer.php?u=https:\/\/radiorevelacionfm.cl\/?p=62229&#038;t=Biolana%3A%20el%20innovador%20pellet%20de%20lana%20de%20oveja%20que%20conquist%C3%B3%20Expo%20Jardines%202025%20con%20el%20apoyo%20de%20Corfo' aria-hidden='false' data-av_icon='\ue8f3' data-av_iconfont='entypo-fontello' title='' data-avia-related-tooltip='Compartir en Facebook' rel=\"noopener\"><span class='avia_hidden_link_text'>Compartir en Facebook<\/span><\/a><\/li><li class='av-share-link av-social-link-twitter' ><a target=\"_blank\" aria-label=\"Compartir en Twitter\" href='https:\/\/twitter.com\/share?text=Biolana%3A%20el%20innovador%20pellet%20de%20lana%20de%20oveja%20que%20conquist%C3%B3%20Expo%20Jardines%202025%20con%20el%20apoyo%20de%20Corfo&#038;url=https:\/\/radiorevelacionfm.cl\/?p=62229' aria-hidden='false' data-av_icon='\ue8f1' data-av_iconfont='entypo-fontello' title='' data-avia-related-tooltip='Compartir en Twitter' rel=\"noopener\"><span class='avia_hidden_link_text'>Compartir en Twitter<\/span><\/a><\/li><li class='av-share-link av-social-link-whatsapp' ><a target=\"_blank\" aria-label=\"Compartir en Whatsapp\" href='https:\/\/api.whatsapp.com\/send?text=https:\/\/radiorevelacionfm.cl\/?p=62229' aria-hidden='false' data-av_icon='\uf232' data-av_iconfont='entypo-fontello' title='' data-avia-related-tooltip='Compartir en Whatsapp' rel=\"noopener\"><span class='avia_hidden_link_text'>Compartir en Whatsapp<\/span><\/a><\/li><li class='av-share-link av-social-link-linkedin' ><a target=\"_blank\" aria-label=\"Compartir en LinkedIn\" href='https:\/\/linkedin.com\/shareArticle?mini=true&#038;title=Biolana%3A%20el%20innovador%20pellet%20de%20lana%20de%20oveja%20que%20conquist%C3%B3%20Expo%20Jardines%202025%20con%20el%20apoyo%20de%20Corfo&#038;url=https:\/\/radiorevelacionfm.cl\/?p=62229' aria-hidden='false' data-av_icon='\ue8fc' data-av_iconfont='entypo-fontello' title='' data-avia-related-tooltip='Compartir en LinkedIn' rel=\"noopener\"><span class='avia_hidden_link_text'>Compartir en LinkedIn<\/span><\/a><\/li><li class='av-share-link av-social-link-mail' ><a  aria-label=\"Compartir por correo\" href='mailto:?subject=Biolana%3A%20el%20innovador%20pellet%20de%20lana%20de%20oveja%20que%20conquist%C3%B3%20Expo%20Jardines%202025%20con%20el%20apoyo%20de%20Corfo&#038;body=https:\/\/radiorevelacionfm.cl\/?p=62229' aria-hidden='false' data-av_icon='\ue805' data-av_iconfont='entypo-fontello' title='' data-avia-related-tooltip='Compartir por correo'><span class='avia_hidden_link_text'>Compartir por correo<\/span><\/a><\/li><\/ul><\/div><\/div>\n<div  style='height:50px' class='hr hr-invisible   avia-builder-el-8  el_after_av_social_share  el_before_av_comments_list '><span class='hr-inner ' ><span class='hr-inner-style'><\/span><\/span><\/div>\n<div  class='av-buildercomment  av-blog-meta-html-info-disabled av-blog-meta-tag-disabled  '><\/div>\n","protected":false},"excerpt":{"rendered":"","protected":false},"author":1,"featured_media":62230,"comment_status":"closed","ping_status":"closed","sticky":false,"template":"","format":"standard","meta":{"footnotes":""},"categories":[38],"tags":[],"class_list":["post-62229","post","type-post","status-publish","format-standard","has-post-thumbnail","hentry","category-regional"],"jetpack_featured_media_url":"https:\/\/radiorevelacionfm.cl\/wp-content\/uploads\/2025\/12\/06_biolana_corfoaysen-1_optimized-1.jpg","_links":{"self":[{"href":"https:\/\/radiorevelacionfm.cl\/index.php?rest_route=\/wp\/v2\/posts\/62229","targetHints":{"allow":["GET"]}}],"collection":[{"href":"https:\/\/radiorevelacionfm.cl\/index.php?rest_route=\/wp\/v2\/posts"}],"about":[{"href":"https:\/\/radiorevelacionfm.cl\/index.php?rest_route=\/wp\/v2\/types\/post"}],"author":[{"embeddable":true,"href":"https:\/\/radiorevelacionfm.cl\/index.php?rest_route=\/wp\/v2\/users\/1"}],"replies":[{"embeddable":true,"href":"https:\/\/radiorevelacionfm.cl\/index.php?rest_route=%2Fwp%2Fv2%2Fcomments&post=62229"}],"version-history":[{"count":2,"href":"https:\/\/radiorevelacionfm.cl\/index.php?rest_route=\/wp\/v2\/posts\/62229\/revisions"}],"predecessor-version":[{"id":62242,"href":"https:\/\/radiorevelacionfm.cl\/index.php?rest_route=\/wp\/v2\/posts\/62229\/revisions\/62242"}],"wp:featuredmedia":[{"embeddable":true,"href":"https:\/\/radiorevelacionfm.cl\/index.php?rest_route=\/wp\/v2\/media\/62230"}],"wp:attachment":[{"href":"https:\/\/radiorevelacionfm.cl\/index.php?rest_route=%2Fwp%2Fv2%2Fmedia&parent=62229"}],"wp:term":[{"taxonomy":"category","embeddable":true,"href":"https:\/\/radiorevelacionfm.cl\/index.php?rest_route=%2Fwp%2Fv2%2Fcategories&post=62229"},{"taxonomy":"post_tag","embeddable":true,"href":"https:\/\/radiorevelacionfm.cl\/index.php?rest_route=%2Fwp%2Fv2%2Ftags&post=62229"}],"curies":[{"name":"wp","href":"https:\/\/api.w.org\/{rel}","templated":true}]}}