{"id":62226,"date":"2025-12-05T15:33:43","date_gmt":"2025-12-05T18:33:43","guid":{"rendered":"https:\/\/radiorevelacionfm.cl\/?p=62226"},"modified":"2025-12-05T15:33:43","modified_gmt":"2025-12-05T18:33:43","slug":"con-la-participacion-de-70-estudiantes-en-puerto-aysen-y-coyhaique-finalizo-nuevo-ciclo-del-programa-monitores-antidrogas-de-la-fiscalia","status":"publish","type":"post","link":"https:\/\/radiorevelacionfm.cl\/?p=62226","title":{"rendered":"Con la participaci\u00f3n de 70 estudiantes en Puerto Ays\u00e9n y Coyhaique finaliz\u00f3 nuevo ciclo del programa \u201cMonitores Antidrogas\u201d de la Fiscal\u00eda"},"content":{"rendered":"<div class=\"flex_column av_one_full  flex_column_div av-zero-column-padding first  avia-builder-el-0  el_before_av_one_full  avia-builder-el-first  \" style='border-radius:0px; '><div  class='avia-image-container  av-styling-    avia-builder-el-1  avia-builder-el-no-sibling  avia-align-center '  itemprop=\"image\" itemscope=\"itemscope\" itemtype=\"https:\/\/schema.org\/ImageObject\"  ><div class='avia-image-container-inner'><div class='avia-image-overlay-wrap'><img decoding=\"async\" class='wp-image-62227 avia-img-lazy-loading-not-62227 avia_image' src=\"https:\/\/radiorevelacionfm.cl\/wp-content\/uploads\/2025\/12\/50-1-1.jpg\" alt='' title='50 (1) (1)' height=\"600\" width=\"900\"  itemprop=\"thumbnailUrl\" srcset=\"https:\/\/radiorevelacionfm.cl\/wp-content\/uploads\/2025\/12\/50-1-1.jpg 900w, https:\/\/radiorevelacionfm.cl\/wp-content\/uploads\/2025\/12\/50-1-1-300x200.jpg 300w, https:\/\/radiorevelacionfm.cl\/wp-content\/uploads\/2025\/12\/50-1-1-768x512.jpg 768w, https:\/\/radiorevelacionfm.cl\/wp-content\/uploads\/2025\/12\/50-1-1-705x470.jpg 705w, https:\/\/radiorevelacionfm.cl\/wp-content\/uploads\/2025\/12\/50-1-1-450x300.jpg 450w, https:\/\/radiorevelacionfm.cl\/wp-content\/uploads\/2025\/12\/50-1-1-600x400.jpg 600w\" sizes=\"(max-width: 900px) 100vw, 900px\" \/><\/div><\/div><\/div><\/div><div class=\"flex_column av_one_full  flex_column_div av-zero-column-padding first  avia-builder-el-2  el_after_av_one_full  el_before_av_one_full  column-top-margin\" style='border-radius:0px; '><section class=\"av_textblock_section \"  itemscope=\"itemscope\" itemtype=\"https:\/\/schema.org\/BlogPosting\" itemprop=\"blogPost\" ><div class='avia_textblock  '   itemprop=\"text\" ><p style=\"text-align: center;\"><span style=\"font-size: 18pt;\"><b>Con la participaci\u00f3n de 70 estudiantes en Puerto Ays\u00e9n y Coyhaique finaliz\u00f3 nuevo ciclo del programa \u201cMonitores Antidrogas\u201d de la Fiscal\u00eda<\/b><\/span><\/p>\n<div id=\"gtx-trans\" style=\"position: absolute; left: -50px; top: 4.31534px;\">\n<div class=\"gtx-trans-icon\"><\/div>\n<\/div>\n<\/div><\/section><\/div><div class=\"flex_column av_one_full  flex_column_div av-zero-column-padding first  avia-builder-el-4  el_after_av_one_full  el_before_av_hr  column-top-margin\" style='border-radius:0px; '><section class=\"av_textblock_section \"  itemscope=\"itemscope\" itemtype=\"https:\/\/schema.org\/BlogPosting\" itemprop=\"blogPost\" ><div class='avia_textblock  '   itemprop=\"text\" ><p style=\"font-weight: 400; text-align: justify;\">Esta semana se efectu\u00f3 en Puerto Ays\u00e9n la ceremonia de cierre del programa \u201cMonitores Antidrogas\u201d correspondientes al a\u00f1o en curso, instancia que contempla un proceso formativo dirigido a estudiantes voluntarios de distintos establecimientos educacionales de la regi\u00f3n.<\/p>\n<p style=\"font-weight: 400; text-align: justify;\">En total, 20 alumnos en Puerto Ays\u00e9n y 50 en Coyhaique participaron de manera voluntaria en los ciclos efectuados, con lo cual se reafirma el compromiso institucional del Ministerio P\u00fablico con la prevenci\u00f3n y la educaci\u00f3n en torno al consumo y tr\u00e1fico de drogas.<\/p>\n<p style=\"font-weight: 400; text-align: justify;\">PUERTO AYS\u00c9N<\/p>\n<p style=\"font-weight: 400; text-align: justify;\">En Puerto Ays\u00e9n, el Colegio Kalem realiz\u00f3 una ceremonia art\u00edstico-cultural para cerrar el ciclo impartido en la comuna, el cual cont\u00f3 con la participaci\u00f3n de 20 estudiantes de dicho centro educativo, sumado a la presencia de sus padres y apoderados.<\/p>\n<p style=\"font-weight: 400; text-align: justify;\">La actividad fue encabezada por la Directora del Colegio Kalem, Marcela Jaramillo Mora, y el Fiscal Adjunto de Puerto Ays\u00e9n, Alex Olivero N\u00fa\u00f1ez, quienes valoraron el entusiasmo de los j\u00f3venes y sus familias en esta nueva versi\u00f3n del programa.<\/p>\n<p style=\"font-weight: 400; text-align: justify;\">Desde la creaci\u00f3n del programa, cerca de 700 estudiantes han participado en estas instancias educativas que coordina la Unidad de Comunicaciones de la Fiscal\u00eda Regional, el cual considera un ciclo de cinco clases dictadas por fiscales, profesionales de la salud, especialistas en prevenci\u00f3n y representantes de instituciones p\u00fablicas.<\/p>\n<p style=\"font-weight: 400; text-align: justify;\">En Puerto Ays\u00e9n, los estudiantes compartieron con fiscales del Ministerio P\u00fablico, detectives de la Polic\u00eda de Investigaciones, un bioqu\u00edmico del Hospital Regional de Coyhaique, profesionales del programa Senda Previene de la Direcci\u00f3n de Desarrollo Comunitario y del Programa Convenio Senda-Minsal del Hospital de Puerto Ays\u00e9n.<\/p>\n<p style=\"font-weight: 400; text-align: justify;\">Estas iniciativas reflejan el compromiso permanente de la Fiscal\u00eda Regional de Ays\u00e9n por generar espacios formativos que van m\u00e1s all\u00e1 de lo judicial y que fortalecen la prevenci\u00f3n en j\u00f3venes y comunidades. Dicho enfoque ser\u00e1 reforzado y ampliado a otras comunas durante el a\u00f1o 2026, conforme a las directrices entregadas por el Fiscal Regional, Hern\u00e1n Libedinsky.<\/p>\n<p style=\"font-weight: 400; text-align: justify;\">COYHAIQUE<\/p>\n<p style=\"font-weight: 400; text-align: justify;\">A fines de septiembre, la Fiscal\u00eda efectu\u00f3 la ceremonia de clausura del ciclo realizado en Coyhaique, el cual cont\u00f3 con la participaci\u00f3n de 50 estudiantes de diversos colegios de la capital regional. La actividad fue encabezada por el Fiscal Luis Contreras Alfaro, quien -en la ocasi\u00f3n- destac\u00f3 el compromiso de los j\u00f3venes, as\u00ed como el apoyo de los establecimientos educacionales en esta octava versi\u00f3n del programa.<\/p>\n<p style=\"font-weight: 400; text-align: justify;\">El prop\u00f3sito central es brindar informaci\u00f3n actualizada sobre la Ley 20.000, los efectos del consumo de drogas y el impacto de las adicciones en la vida personal y familiar.<\/p>\n<p style=\"font-weight: 400; text-align: justify;\">Durante las sesiones de este a\u00f1o, los estudiantes de Coyhaique dialogaron con fiscales del Ministerio P\u00fablico, un funcionario del OS-7 de Carabineros, profesionales de la Comunidad Terap\u00e9utica, un bioqu\u00edmico del Hospital Regional de Coyhaique y un psic\u00f3logo del Servicio de Salud de Ays\u00e9n.<\/p>\n<p style=\"font-weight: 400; text-align: justify;\">Los establecimientos participantes de la capital regional correspondieron a la Escuela V\u00edctor Domingo Silva, Liceo Bicentenario Altos del Mackay, Liceo Mater Dei, Colegio Antoine de Saint Exup\u00e9ry y Liceo San Felipe Benicio.<\/p>\n<p style=\"font-weight: 400; text-align: justify;\">El a\u00f1o 2026 se reanudar\u00e1 un nuevo ciclo de este programa de vinculaci\u00f3n con la comunidad de la Fiscal\u00eda Regional de Ays\u00e9n.<\/p>\n<\/div><\/section><\/div><div  style='height:50px' class='hr hr-invisible   avia-builder-el-6  el_after_av_one_full  el_before_av_social_share '><span class='hr-inner ' ><span class='hr-inner-style'><\/span><\/span><\/div><\/p>\n<div  class='av-social-sharing-box  avia-builder-el-7  el_after_av_hr  el_before_av_hr  '><div class='av-share-box'><h5 class='av-share-link-description av-no-toc '>Compartir esta noticia<\/h5><ul class='av-share-box-list noLightbox'><li class='av-share-link av-social-link-facebook' ><a target=\"_blank\" aria-label=\"Compartir en Facebook\" href='https:\/\/www.facebook.com\/sharer.php?u=https:\/\/radiorevelacionfm.cl\/?p=62226&#038;t=Con%20la%20participaci%C3%B3n%20de%2070%20estudiantes%20en%20Puerto%20Ays%C3%A9n%20y%20Coyhaique%20finaliz%C3%B3%20nuevo%20ciclo%20del%20programa%20%E2%80%9CMonitores%20Antidrogas%E2%80%9D%20de%20la%20Fiscal%C3%ADa' aria-hidden='false' data-av_icon='\ue8f3' data-av_iconfont='entypo-fontello' title='' data-avia-related-tooltip='Compartir en Facebook' rel=\"noopener\"><span class='avia_hidden_link_text'>Compartir en Facebook<\/span><\/a><\/li><li class='av-share-link av-social-link-twitter' ><a target=\"_blank\" aria-label=\"Compartir en Twitter\" href='https:\/\/twitter.com\/share?text=Con%20la%20participaci%C3%B3n%20de%2070%20estudiantes%20en%20Puerto%20Ays%C3%A9n%20y%20Coyhaique%20finaliz%C3%B3%20nuevo%20ciclo%20del%20programa%20%E2%80%9CMonitores%20Antidrogas%E2%80%9D%20de%20la%20Fiscal%C3%ADa&#038;url=https:\/\/radiorevelacionfm.cl\/?p=62226' aria-hidden='false' data-av_icon='\ue8f1' data-av_iconfont='entypo-fontello' title='' data-avia-related-tooltip='Compartir en Twitter' rel=\"noopener\"><span class='avia_hidden_link_text'>Compartir en Twitter<\/span><\/a><\/li><li class='av-share-link av-social-link-whatsapp' ><a target=\"_blank\" aria-label=\"Compartir en Whatsapp\" href='https:\/\/api.whatsapp.com\/send?text=https:\/\/radiorevelacionfm.cl\/?p=62226' aria-hidden='false' data-av_icon='\uf232' data-av_iconfont='entypo-fontello' title='' data-avia-related-tooltip='Compartir en Whatsapp' rel=\"noopener\"><span class='avia_hidden_link_text'>Compartir en Whatsapp<\/span><\/a><\/li><li class='av-share-link av-social-link-linkedin' ><a target=\"_blank\" aria-label=\"Compartir en LinkedIn\" href='https:\/\/linkedin.com\/shareArticle?mini=true&#038;title=Con%20la%20participaci%C3%B3n%20de%2070%20estudiantes%20en%20Puerto%20Ays%C3%A9n%20y%20Coyhaique%20finaliz%C3%B3%20nuevo%20ciclo%20del%20programa%20%E2%80%9CMonitores%20Antidrogas%E2%80%9D%20de%20la%20Fiscal%C3%ADa&#038;url=https:\/\/radiorevelacionfm.cl\/?p=62226' aria-hidden='false' data-av_icon='\ue8fc' data-av_iconfont='entypo-fontello' title='' data-avia-related-tooltip='Compartir en LinkedIn' rel=\"noopener\"><span class='avia_hidden_link_text'>Compartir en LinkedIn<\/span><\/a><\/li><li class='av-share-link av-social-link-mail' ><a  aria-label=\"Compartir por correo\" href='mailto:?subject=Con%20la%20participaci%C3%B3n%20de%2070%20estudiantes%20en%20Puerto%20Ays%C3%A9n%20y%20Coyhaique%20finaliz%C3%B3%20nuevo%20ciclo%20del%20programa%20%E2%80%9CMonitores%20Antidrogas%E2%80%9D%20de%20la%20Fiscal%C3%ADa&#038;body=https:\/\/radiorevelacionfm.cl\/?p=62226' aria-hidden='false' data-av_icon='\ue805' data-av_iconfont='entypo-fontello' title='' data-avia-related-tooltip='Compartir por correo'><span class='avia_hidden_link_text'>Compartir por correo<\/span><\/a><\/li><\/ul><\/div><\/div>\n<div  style='height:50px' class='hr hr-invisible   avia-builder-el-8  el_after_av_social_share  el_before_av_comments_list '><span class='hr-inner ' ><span class='hr-inner-style'><\/span><\/span><\/div>\n<div  class='av-buildercomment  av-blog-meta-html-info-disabled av-blog-meta-tag-disabled  '><\/div>\n","protected":false},"excerpt":{"rendered":"","protected":false},"author":1,"featured_media":62227,"comment_status":"closed","ping_status":"closed","sticky":false,"template":"","format":"standard","meta":{"footnotes":""},"categories":[38],"tags":[],"class_list":["post-62226","post","type-post","status-publish","format-standard","has-post-thumbnail","hentry","category-regional"],"jetpack_featured_media_url":"https:\/\/radiorevelacionfm.cl\/wp-content\/uploads\/2025\/12\/50-1-1.jpg","_links":{"self":[{"href":"https:\/\/radiorevelacionfm.cl\/index.php?rest_route=\/wp\/v2\/posts\/62226","targetHints":{"allow":["GET"]}}],"collection":[{"href":"https:\/\/radiorevelacionfm.cl\/index.php?rest_route=\/wp\/v2\/posts"}],"about":[{"href":"https:\/\/radiorevelacionfm.cl\/index.php?rest_route=\/wp\/v2\/types\/post"}],"author":[{"embeddable":true,"href":"https:\/\/radiorevelacionfm.cl\/index.php?rest_route=\/wp\/v2\/users\/1"}],"replies":[{"embeddable":true,"href":"https:\/\/radiorevelacionfm.cl\/index.php?rest_route=%2Fwp%2Fv2%2Fcomments&post=62226"}],"version-history":[{"count":2,"href":"https:\/\/radiorevelacionfm.cl\/index.php?rest_route=\/wp\/v2\/posts\/62226\/revisions"}],"predecessor-version":[{"id":62237,"href":"https:\/\/radiorevelacionfm.cl\/index.php?rest_route=\/wp\/v2\/posts\/62226\/revisions\/62237"}],"wp:featuredmedia":[{"embeddable":true,"href":"https:\/\/radiorevelacionfm.cl\/index.php?rest_route=\/wp\/v2\/media\/62227"}],"wp:attachment":[{"href":"https:\/\/radiorevelacionfm.cl\/index.php?rest_route=%2Fwp%2Fv2%2Fmedia&parent=62226"}],"wp:term":[{"taxonomy":"category","embeddable":true,"href":"https:\/\/radiorevelacionfm.cl\/index.php?rest_route=%2Fwp%2Fv2%2Fcategories&post=62226"},{"taxonomy":"post_tag","embeddable":true,"href":"https:\/\/radiorevelacionfm.cl\/index.php?rest_route=%2Fwp%2Fv2%2Ftags&post=62226"}],"curies":[{"name":"wp","href":"https:\/\/api.w.org\/{rel}","templated":true}]}}