{"id":62223,"date":"2025-12-06T15:57:53","date_gmt":"2025-12-06T18:57:53","guid":{"rendered":"https:\/\/radiorevelacionfm.cl\/?p=62223"},"modified":"2025-12-06T15:57:53","modified_gmt":"2025-12-06T18:57:53","slug":"realizan-encuentro-regional-para-impulsar-soluciones-energeticas-limpias-e-innovacion-sostenible","status":"publish","type":"post","link":"https:\/\/radiorevelacionfm.cl\/?p=62223","title":{"rendered":"Realizan encuentro regional para impulsar soluciones energ\u00e9ticas limpias e innovaci\u00f3n sostenible"},"content":{"rendered":"<div class=\"flex_column av_one_full  flex_column_div av-zero-column-padding first  avia-builder-el-0  el_before_av_one_full  avia-builder-el-first  \" style='border-radius:0px; '><div  class='avia-image-container  av-styling-    avia-builder-el-1  avia-builder-el-no-sibling  avia-align-center '  itemprop=\"image\" itemscope=\"itemscope\" itemtype=\"https:\/\/schema.org\/ImageObject\"  ><div class='avia-image-container-inner'><div class='avia-image-overlay-wrap'><img decoding=\"async\" class='wp-image-62224 avia-img-lazy-loading-not-62224 avia_image' src=\"https:\/\/radiorevelacionfm.cl\/wp-content\/uploads\/2025\/12\/Mesa-de-trabajo-1-1-1.jpeg\" alt='' title='Mesa de trabajo (1) (1) (1)' height=\"600\" width=\"800\"  itemprop=\"thumbnailUrl\" srcset=\"https:\/\/radiorevelacionfm.cl\/wp-content\/uploads\/2025\/12\/Mesa-de-trabajo-1-1-1.jpeg 800w, https:\/\/radiorevelacionfm.cl\/wp-content\/uploads\/2025\/12\/Mesa-de-trabajo-1-1-1-300x225.jpeg 300w, https:\/\/radiorevelacionfm.cl\/wp-content\/uploads\/2025\/12\/Mesa-de-trabajo-1-1-1-768x576.jpeg 768w, https:\/\/radiorevelacionfm.cl\/wp-content\/uploads\/2025\/12\/Mesa-de-trabajo-1-1-1-705x529.jpeg 705w, https:\/\/radiorevelacionfm.cl\/wp-content\/uploads\/2025\/12\/Mesa-de-trabajo-1-1-1-450x338.jpeg 450w, https:\/\/radiorevelacionfm.cl\/wp-content\/uploads\/2025\/12\/Mesa-de-trabajo-1-1-1-600x450.jpeg 600w\" sizes=\"(max-width: 800px) 100vw, 800px\" \/><\/div><\/div><\/div><\/div><div class=\"flex_column av_one_full  flex_column_div av-zero-column-padding first  avia-builder-el-2  el_after_av_one_full  el_before_av_one_full  column-top-margin\" style='border-radius:0px; '><section class=\"av_textblock_section \"  itemscope=\"itemscope\" itemtype=\"https:\/\/schema.org\/BlogPosting\" itemprop=\"blogPost\" ><div class='avia_textblock  '   itemprop=\"text\" ><p style=\"text-align: center;\"><strong><span style=\"font-size: 18pt;\">Realizan encuentro regional para impulsar soluciones energ\u00e9ticas limpias e innovaci\u00f3n sostenible<\/span><\/strong><\/p>\n<div id=\"gtx-trans\" style=\"position: absolute; left: -50px; top: 4.31534px;\">\n<div class=\"gtx-trans-icon\"><\/div>\n<\/div>\n<\/div><\/section><\/div><div class=\"flex_column av_one_full  flex_column_div av-zero-column-padding first  avia-builder-el-4  el_after_av_one_full  el_before_av_hr  column-top-margin\" style='border-radius:0px; '><section class=\"av_textblock_section \"  itemscope=\"itemscope\" itemtype=\"https:\/\/schema.org\/BlogPosting\" itemprop=\"blogPost\" ><div class='avia_textblock  '   itemprop=\"text\" ><p style=\"text-align: justify;\"><em>Instituciones p\u00fablicas, empresas locales y actores t\u00e9cnicos participaron en una instancia colaborativa para abordar descontaminaci\u00f3n, calefacci\u00f3n eficiente y nuevas oportunidades de desarrollo energ\u00e9tico en la regi\u00f3n.<\/em><\/p>\n<p style=\"text-align: justify;\">En un esfuerzo conjunto por promover el desarrollo sostenible y fortalecer la transici\u00f3n energ\u00e9tica en la regi\u00f3n, Edelaysen, Corfo Ays\u00e9n y la Seremi de Medio Ambiente llevaron a cabo un encuentro t\u00e9cnico regional orientado a revisar avances, compartir experiencias y explorar soluciones para una regi\u00f3n m\u00e1s limpia, eficiente y resiliente.<\/p>\n<p style=\"text-align: justify;\">Sobre el valor de esta articulaci\u00f3n, Rodrigo Escare, gerente de Edelaysen se\u00f1al\u00f3 que: \u201cPara nosotros es fundamental trabajar junto a las instituciones p\u00fablicas, organizaciones regionales y empresas locales para impulsar soluciones que mejoren la calidad de vida de las familias de Ays\u00e9n. Cuando unimos capacidades, podemos avanzar en iniciativas concretas que aportan a un futuro energ\u00e9tico m\u00e1s limpio y sostenible\u201d.<\/p>\n<p style=\"text-align: justify;\">La instancia reuni\u00f3 autoridades, especialistas y empresas locales, quienes dialogaron sobre descontaminaci\u00f3n, innovaci\u00f3n en climatizaci\u00f3n, eficiencia t\u00e9rmica y el potencial energ\u00e9tico de Ays\u00e9n. Entre los aportes destacados estuvo la participaci\u00f3n de Titan, empresa regional que present\u00f3 su proyecto de planta solar de car\u00e1cter asociativo, la cual, con el apoyo de Corfo Ays\u00e9n busca impulsar generaci\u00f3n local y modelos de energ\u00eda colaborativa.<\/p>\n<p style=\"text-align: justify;\">Para ello, Manuel Mata, fundador de \u00abTitan\u00bb destac\u00f3 que: \u201cEste este tipo de instancias son s\u00faper buenas para poder sociabilizar y conocer el ecosistema y como lo que se repiti\u00f3 harto en este seminario fue, poder alinearnos en una ruta estrat\u00e9gica donde todos buscamos el mismo prop\u00f3sito, pero lo tenemos que hacer de manera coordinada\u201d.<\/p>\n<p style=\"text-align: justify;\">Tambi\u00e9n form\u00f3 parte de la conversaci\u00f3n \u201cAys\u00e9n Recircular\u201d, una organizaci\u00f3n que transforma residuos de la industria salmonera en soluciones constructivas sostenibles, desarrollando productos de alto rendimiento t\u00e9rmico bajo un modelo de econom\u00eda circular aplicado desde la Patagonia.<\/p>\n<p style=\"text-align: justify;\">Asimismo, el Centro de Investigaci\u00f3n en Ecosistemas de la Patagonia (CIEP) entreg\u00f3 una mirada t\u00e9cnica sobre sostenibilidad y planificaci\u00f3n territorial, reforzando la importancia del conocimiento cient\u00edfico en la toma de decisiones regionales.<\/p>\n<p style=\"text-align: justify;\">Uno de los espacios centrales fue la mesa de conversaci\u00f3n sobre calefacci\u00f3n limpia y eficiente, donde representantes p\u00fablicos y privados analizaron barreras, programas de apoyo y oportunidades para mejorar la habitabilidad y reducir la contaminaci\u00f3n en zonas cr\u00edticas.<\/p>\n<p style=\"text-align: justify;\">Frente a ello, la Seremi de Energ\u00eda destac\u00f3 que: \u201cPara nosotros es importante que se generen estos espacios de conversaci\u00f3n con las distintas instituciones que participaron adem\u00e1s de organizaciones privadas, pero adem\u00e1s aquellos que colocan la fuente de financiamiento para distintas iniciativas porque estamos todos con un fin com\u00fan que es aportar desde las distintas miradas cierto a la descontaminaci\u00f3n\u201d.<\/p>\n<p style=\"text-align: justify;\">Por \u00faltimo, Humberto Mar\u00edn, director Corfo Ays\u00e9n detall\u00f3 destac\u00f3 que este seminario permiti\u00f3 reafirmar el rol de la articulaci\u00f3n p\u00fablico-privada en los desaf\u00edos energ\u00e9ticos de la regi\u00f3n, se\u00f1alando que el trabajo conjunto es esencial para avanzar hacia una Ays\u00e9n m\u00e1s sostenible. En ese marco, sostuvo que \u00abestamos convencidos de que el emprendimiento y la innovaci\u00f3n son piezas fundamentales para la descarbonizaci\u00f3n de la matriz energ\u00e9tica y para el desarrollo de soluciones que respondan a las necesidades reales del territorio\u00bb.<\/p>\n<p style=\"text-align: justify;\">El encuentro cerr\u00f3 con el compromiso de continuar fortaleciendo el trabajo conjunto entre sector p\u00fablico, empresas, academia y la comunidad, para seguir construyendo una ruta energ\u00e9tica alineada con las necesidades y desaf\u00edos de la regi\u00f3n.<\/p>\n<\/div><\/section><\/div><div  style='height:50px' class='hr hr-invisible   avia-builder-el-6  el_after_av_one_full  el_before_av_social_share '><span class='hr-inner ' ><span class='hr-inner-style'><\/span><\/span><\/div><\/p>\n<div  class='av-social-sharing-box  avia-builder-el-7  el_after_av_hr  el_before_av_hr  '><div class='av-share-box'><h5 class='av-share-link-description av-no-toc '>Compartir esta noticia<\/h5><ul class='av-share-box-list noLightbox'><li class='av-share-link av-social-link-facebook' ><a target=\"_blank\" aria-label=\"Compartir en Facebook\" href='https:\/\/www.facebook.com\/sharer.php?u=https:\/\/radiorevelacionfm.cl\/?p=62223&#038;t=Realizan%20encuentro%20regional%20para%20impulsar%20soluciones%20energ%C3%A9ticas%20limpias%20e%20innovaci%C3%B3n%20sostenible' aria-hidden='false' data-av_icon='\ue8f3' data-av_iconfont='entypo-fontello' title='' data-avia-related-tooltip='Compartir en Facebook' rel=\"noopener\"><span class='avia_hidden_link_text'>Compartir en Facebook<\/span><\/a><\/li><li class='av-share-link av-social-link-twitter' ><a target=\"_blank\" aria-label=\"Compartir en Twitter\" href='https:\/\/twitter.com\/share?text=Realizan%20encuentro%20regional%20para%20impulsar%20soluciones%20energ%C3%A9ticas%20limpias%20e%20innovaci%C3%B3n%20sostenible&#038;url=https:\/\/radiorevelacionfm.cl\/?p=62223' aria-hidden='false' data-av_icon='\ue8f1' data-av_iconfont='entypo-fontello' title='' data-avia-related-tooltip='Compartir en Twitter' rel=\"noopener\"><span class='avia_hidden_link_text'>Compartir en Twitter<\/span><\/a><\/li><li class='av-share-link av-social-link-whatsapp' ><a target=\"_blank\" aria-label=\"Compartir en Whatsapp\" href='https:\/\/api.whatsapp.com\/send?text=https:\/\/radiorevelacionfm.cl\/?p=62223' aria-hidden='false' data-av_icon='\uf232' data-av_iconfont='entypo-fontello' title='' data-avia-related-tooltip='Compartir en Whatsapp' rel=\"noopener\"><span class='avia_hidden_link_text'>Compartir en Whatsapp<\/span><\/a><\/li><li class='av-share-link av-social-link-linkedin' ><a target=\"_blank\" aria-label=\"Compartir en LinkedIn\" href='https:\/\/linkedin.com\/shareArticle?mini=true&#038;title=Realizan%20encuentro%20regional%20para%20impulsar%20soluciones%20energ%C3%A9ticas%20limpias%20e%20innovaci%C3%B3n%20sostenible&#038;url=https:\/\/radiorevelacionfm.cl\/?p=62223' aria-hidden='false' data-av_icon='\ue8fc' data-av_iconfont='entypo-fontello' title='' data-avia-related-tooltip='Compartir en LinkedIn' rel=\"noopener\"><span class='avia_hidden_link_text'>Compartir en LinkedIn<\/span><\/a><\/li><li class='av-share-link av-social-link-mail' ><a  aria-label=\"Compartir por correo\" href='mailto:?subject=Realizan%20encuentro%20regional%20para%20impulsar%20soluciones%20energ%C3%A9ticas%20limpias%20e%20innovaci%C3%B3n%20sostenible&#038;body=https:\/\/radiorevelacionfm.cl\/?p=62223' aria-hidden='false' data-av_icon='\ue805' data-av_iconfont='entypo-fontello' title='' data-avia-related-tooltip='Compartir por correo'><span class='avia_hidden_link_text'>Compartir por correo<\/span><\/a><\/li><\/ul><\/div><\/div>\n<div  style='height:50px' class='hr hr-invisible   avia-builder-el-8  el_after_av_social_share  el_before_av_comments_list '><span class='hr-inner ' ><span class='hr-inner-style'><\/span><\/span><\/div>\n<div  class='av-buildercomment  av-blog-meta-html-info-disabled av-blog-meta-tag-disabled  '><\/div>\n","protected":false},"excerpt":{"rendered":"","protected":false},"author":1,"featured_media":62224,"comment_status":"closed","ping_status":"closed","sticky":false,"template":"","format":"standard","meta":{"footnotes":""},"categories":[38],"tags":[],"class_list":["post-62223","post","type-post","status-publish","format-standard","has-post-thumbnail","hentry","category-regional"],"jetpack_featured_media_url":"https:\/\/radiorevelacionfm.cl\/wp-content\/uploads\/2025\/12\/Mesa-de-trabajo-1-1-1.jpeg","_links":{"self":[{"href":"https:\/\/radiorevelacionfm.cl\/index.php?rest_route=\/wp\/v2\/posts\/62223","targetHints":{"allow":["GET"]}}],"collection":[{"href":"https:\/\/radiorevelacionfm.cl\/index.php?rest_route=\/wp\/v2\/posts"}],"about":[{"href":"https:\/\/radiorevelacionfm.cl\/index.php?rest_route=\/wp\/v2\/types\/post"}],"author":[{"embeddable":true,"href":"https:\/\/radiorevelacionfm.cl\/index.php?rest_route=\/wp\/v2\/users\/1"}],"replies":[{"embeddable":true,"href":"https:\/\/radiorevelacionfm.cl\/index.php?rest_route=%2Fwp%2Fv2%2Fcomments&post=62223"}],"version-history":[{"count":2,"href":"https:\/\/radiorevelacionfm.cl\/index.php?rest_route=\/wp\/v2\/posts\/62223\/revisions"}],"predecessor-version":[{"id":62262,"href":"https:\/\/radiorevelacionfm.cl\/index.php?rest_route=\/wp\/v2\/posts\/62223\/revisions\/62262"}],"wp:featuredmedia":[{"embeddable":true,"href":"https:\/\/radiorevelacionfm.cl\/index.php?rest_route=\/wp\/v2\/media\/62224"}],"wp:attachment":[{"href":"https:\/\/radiorevelacionfm.cl\/index.php?rest_route=%2Fwp%2Fv2%2Fmedia&parent=62223"}],"wp:term":[{"taxonomy":"category","embeddable":true,"href":"https:\/\/radiorevelacionfm.cl\/index.php?rest_route=%2Fwp%2Fv2%2Fcategories&post=62223"},{"taxonomy":"post_tag","embeddable":true,"href":"https:\/\/radiorevelacionfm.cl\/index.php?rest_route=%2Fwp%2Fv2%2Ftags&post=62223"}],"curies":[{"name":"wp","href":"https:\/\/api.w.org\/{rel}","templated":true}]}}