{"id":62219,"date":"2025-12-05T14:55:10","date_gmt":"2025-12-05T17:55:10","guid":{"rendered":"https:\/\/radiorevelacionfm.cl\/?p=62219"},"modified":"2025-12-05T14:55:10","modified_gmt":"2025-12-05T17:55:10","slug":"carabineros-aysen-realiza-expedicion-a-campos-de-hielo-sur-y-explora-ruta-hacia-refugio-eduardo-garcia-soto","status":"publish","type":"post","link":"https:\/\/radiorevelacionfm.cl\/?p=62219","title":{"rendered":"Carabineros Ays\u00e9n realiza expedici\u00f3n a Campos de Hielo Sur y explora ruta hacia refugio Eduardo Garc\u00eda Soto"},"content":{"rendered":"<div class=\"flex_column av_one_full  flex_column_div av-zero-column-padding first  avia-builder-el-0  el_before_av_one_full  avia-builder-el-first  \" style='border-radius:0px; '><div  class='avia-image-container  av-styling-    avia-builder-el-1  avia-builder-el-no-sibling  avia-align-center '  itemprop=\"image\" itemscope=\"itemscope\" itemtype=\"https:\/\/schema.org\/ImageObject\"  ><div class='avia-image-container-inner'><div class='avia-image-overlay-wrap'><img decoding=\"async\" class='wp-image-62220 avia-img-lazy-loading-not-62220 avia_image' src=\"https:\/\/radiorevelacionfm.cl\/wp-content\/uploads\/2025\/12\/a7e72a40-85fb-4509-9693-97fc31f4dda6-1-1.jpg\" alt='' title='a7e72a40-85fb-4509-9693-97fc31f4dda6 (1) (1)' height=\"600\" width=\"910\"  itemprop=\"thumbnailUrl\" srcset=\"https:\/\/radiorevelacionfm.cl\/wp-content\/uploads\/2025\/12\/a7e72a40-85fb-4509-9693-97fc31f4dda6-1-1.jpg 910w, https:\/\/radiorevelacionfm.cl\/wp-content\/uploads\/2025\/12\/a7e72a40-85fb-4509-9693-97fc31f4dda6-1-1-300x198.jpg 300w, https:\/\/radiorevelacionfm.cl\/wp-content\/uploads\/2025\/12\/a7e72a40-85fb-4509-9693-97fc31f4dda6-1-1-768x506.jpg 768w, https:\/\/radiorevelacionfm.cl\/wp-content\/uploads\/2025\/12\/a7e72a40-85fb-4509-9693-97fc31f4dda6-1-1-705x465.jpg 705w, https:\/\/radiorevelacionfm.cl\/wp-content\/uploads\/2025\/12\/a7e72a40-85fb-4509-9693-97fc31f4dda6-1-1-450x297.jpg 450w, https:\/\/radiorevelacionfm.cl\/wp-content\/uploads\/2025\/12\/a7e72a40-85fb-4509-9693-97fc31f4dda6-1-1-600x396.jpg 600w\" sizes=\"(max-width: 910px) 100vw, 910px\" \/><\/div><\/div><\/div><\/div><div class=\"flex_column av_one_full  flex_column_div av-zero-column-padding first  avia-builder-el-2  el_after_av_one_full  el_before_av_one_full  column-top-margin\" style='border-radius:0px; '><section class=\"av_textblock_section \"  itemscope=\"itemscope\" itemtype=\"https:\/\/schema.org\/BlogPosting\" itemprop=\"blogPost\" ><div class='avia_textblock  '   itemprop=\"text\" ><p style=\"text-align: center;\"><strong><span style=\"font-size: 18pt;\">Carabineros Ays\u00e9n realiza expedici\u00f3n a Campos de Hielo Sur y explora ruta hacia refugio Eduardo Garc\u00eda Soto<\/span><\/strong><\/p>\n<div id=\"gtx-trans\" style=\"position: absolute; left: -50px; top: 4.31534px;\">\n<div class=\"gtx-trans-icon\"><\/div>\n<\/div>\n<\/div><\/section><\/div><div class=\"flex_column av_one_full  flex_column_div av-zero-column-padding first  avia-builder-el-4  el_after_av_one_full  el_before_av_hr  column-top-margin\" style='border-radius:0px; '><section class=\"av_textblock_section \"  itemscope=\"itemscope\" itemtype=\"https:\/\/schema.org\/BlogPosting\" itemprop=\"blogPost\" ><div class='avia_textblock  '   itemprop=\"text\" ><ul>\n<li dir=\"ltr\">\n<p dir=\"ltr\" style=\"text-align: justify;\" role=\"presentation\"><em>Cuatro funcionarios especialistas en monta\u00f1a y frontera recorrieron m\u00e1s de 55 kil\u00f3metros durante cuatro d\u00edas a trav\u00e9s de este inh\u00f3spito y remoto lugar en la zona m\u00e1s austral de la regi\u00f3n de Ays\u00e9n, pudiendo establecer una v\u00eda de acceso o evacuaci\u00f3n ante alguna situaci\u00f3n de emergencia de cara a la pr\u00f3xima implementaci\u00f3n de la Avanzada Paso Marconi.\u00a0\u00a0\u00a0<\/em><\/p>\n<\/li>\n<\/ul>\n<p dir=\"ltr\" style=\"text-align: justify;\">Luego de cuatro d\u00edas de traves\u00eda a trav\u00e9s del imponente Campos de Hielo Sur, en la Regi\u00f3n de Ays\u00e9n, un equipo especialista en monta\u00f1a y fronteras de Carabineros logr\u00f3 culminar con \u00e9xito una de las expediciones m\u00e1s desafiantes de la zona austral.<\/p>\n<p dir=\"ltr\" style=\"text-align: justify;\">El Jefe de la Subcomisar\u00eda Villa O\u2019Higgins, Capit\u00e1n Luis Villagr\u00e1n, junto al Teniente Carlos Soto, Cabo 1ro. Osvaldo Huentenao y el Cabo 1ro. Andr\u00e9s Romero, avanzaron m\u00e1s de 55 kil\u00f3metros, logrando abrirse paso a trav\u00e9s del hielo, sorteando grietas cubiertas por nieve y enfrentando noches con temperaturas bajo cero, pudiendo alcanzar el Paso Marconi, enfrentando durante la traves\u00eda condiciones extremas que pusieron a prueba la fortaleza f\u00edsica y mental de cada integrante.<\/p>\n<p dir=\"ltr\" style=\"text-align: justify;\">\u201cLa expedici\u00f3n consisti\u00f3 en un reconocimiento y verificar de infanter\u00eda la ruta de ingreso al Paso Marconi -en este caso al Refugio Eduardo Garc\u00eda Soto- que es una ruta de m\u00e1s de 55 kil\u00f3metros y es netamente a trav\u00e9s del Glaciar Chico en Campos de Hielo Sur\u201d, indic\u00f3 el Capit\u00e1n Villagr\u00e1n, quien a\u00f1adi\u00f3 que la expedici\u00f3n tuvo por finalidad establecer una ruta como una potencial v\u00eda de acceso o evacuaci\u00f3n en caso de emergencia, as\u00ed como verificar el comportamiento del glaciar.<\/p>\n<p dir=\"ltr\" style=\"text-align: justify;\"><strong>Complejidad del lugar<\/strong><\/p>\n<p dir=\"ltr\" style=\"text-align: justify;\">Entre enero a marzo de 2025, Carabineros realiz\u00f3 la instalaci\u00f3n de la primera avanzada en este remoto e inh\u00f3spito lugar, siendo controladas 44 personas de diversas nacionalidades quienes visitaron la zona. Desde aquella fecha hasta hoy, el glaciar -seg\u00fan indic\u00f3 el Oficial- experiment\u00f3 algunos cambios, siendo necesario verificar las medidas de seguridad para poder avanzar, toda vez que se trata de un lugar complejo y con una meteorolog\u00eda cambiante.<\/p>\n<p dir=\"ltr\" style=\"text-align: justify;\">Durante la traves\u00eda, los cuatro carabineros enfrentaron zonas de grietas cubiertas por nieve, debiendo pernoctar en el lugar enfrentando temperaturas bajo cero, lo cual sumado a una preparaci\u00f3n f\u00edsica y mental, adem\u00e1s de conocimientos en navegaci\u00f3n, orientaci\u00f3n, indumentaria y alimentaci\u00f3n, permitieron alcanzar el objetivo.<\/p>\n<p dir=\"ltr\" style=\"text-align: justify;\">La planificaci\u00f3n est\u00e1 sujeta a las evaluaciones en terreno, con la finalidad de adoptar las mejores decisiones para alcanzar el objetivo, sin sufrir inconvenientes.<\/p>\n<p dir=\"ltr\" style=\"text-align: justify;\"><strong>Presencia y resguardo de la soberan\u00eda<\/strong><\/p>\n<p dir=\"ltr\" style=\"text-align: justify;\">En estos paisajes majestuosos y a la vez implacables, el equipo reafirm\u00f3 el compromiso institucional de resguardar la soberan\u00eda, ejercer presencia activa en los l\u00edmites fronterizos y prevenir delitos transnacionales en los puntos m\u00e1s remotos del pa\u00eds.<\/p>\n<p dir=\"ltr\" style=\"text-align: justify;\">Se trat\u00f3 de una misi\u00f3n que honra el servicio, la entrega y el esp\u00edritu de Carabineros de Chile, dicha expedici\u00f3n es la previa a la instalaci\u00f3n el pr\u00f3ximo 19 de diciembre de la Avanzada de Carabineros que se implementar\u00e1n durante periodo estival en el paso fronterizo Garc\u00eda Soto o m\u00e1s conocido como paso Marconi.<\/p>\n<p dir=\"ltr\" style=\"text-align: justify;\">La expedici\u00f3n culmin\u00f3 con la extracci\u00f3n de la patrulla en el sector del Glaciar Chico ubicado en en uno de los extremos del Lago O\u2019Higgins, y que cont\u00f3 en este punto con el valioso apoyo y cooperaci\u00f3n de la Armada de Chile de Villa O\u2019Higgins y la la embarcaci\u00f3n de Carabineros \u201cArcangel\u201d liderada por el Jefe de Zona de Ays\u00e9n, General Eduardo Palma Fuentes quien concurri\u00f3 hasta dicho sector para recibir al equipo que realiz\u00f3 dicha traves\u00eda.<\/p>\n<p dir=\"ltr\" style=\"text-align: justify;\">\u201cCarabineros constituye la presencia del Estado y a trav\u00e9s de patrullajes y expediciones como esta, efectuamos verificaci\u00f3n a los hitos, vigilancia por el l\u00edmite pol\u00edtico internacional, previendo el ingreso ilegal de persona al pa\u00eds y\/o delitos asociados a frontera, estando presentes en las rutas, en los campos, en zonas urbanas, puertos, aeropuertos, en el mar, en los lagos, en la cordillera y en cada punto de ingreso al pa\u00eds, brindando m\u00e1s seguridad y protecci\u00f3n a la comunidad como expresi\u00f3n de nuestro inquebrantable compromiso con Chile y sus habitantes\u201d, expres\u00f3 el Oficial General.<\/p>\n<p dir=\"ltr\" style=\"text-align: justify;\"><strong>Registro migratorio<\/strong><\/p>\n<p dir=\"ltr\" style=\"text-align: justify;\">Tras el arribo de la patrulla de carabineros expertos en monta\u00f1a y frontera, el Jefe de la Subcomisar\u00eda Villa O\u2019Higgins (F), Capit\u00e1n Luis Villagr\u00e1n formul\u00f3 un llamado a los turistas que ingresan a trav\u00e9s de territorio trasandino a efectuar el registro y tr\u00e1mite migratorio y as\u00ed evitar inconvenientes al ingresar al territorio nacional, toda vez que a comienzos del presente a\u00f1o, varios turistas controlados no contaban con situaci\u00f3n migratoria regular, es decir, no contaban con la autorizaci\u00f3n para estar en territorio nacional, siendo denunciados, por lo que<\/p>\n<p dir=\"ltr\" style=\"text-align: justify;\">\u201cEl llamado a los turistas que concurran al Paso Marconi\u00a0 es a realizar el tr\u00e1mite migratorio y registrarse en Gendarmer\u00eda Nacional Argentina,\u00a0 para poder ingresar a territorio chileno. El prop\u00f3sito de Carabineros en el Paso Marconi es marcar presencia y hacer soberan\u00eda en el territorio nacional\u201d, indic\u00f3.<\/p>\n<p dir=\"ltr\" style=\"text-align: justify;\">Con una superficie aproximada de 13.000 kil\u00f3metros cuadrados y 350 kil\u00f3metros de extensi\u00f3n comprendida entre las regiones de Ays\u00e9n y Magallanes, Campos de Hielo Sur constituye la tercera reserva de agua dulce m\u00e1s grande del planeta despu\u00e9s de la Ant\u00e1rtica y Groenlandia.<\/p>\n<p dir=\"ltr\" style=\"text-align: justify;\">La masa de hielo posee aproximadamente 48 cuencas glaciares principales a partir de las cuales se desprenden grandes lenguas de hielo hacia la vertiente occidental que llegan a nivel del mar y en el oriental hacia los grandes lagos patag\u00f3nicos.<\/p>\n<\/div><\/section><\/div><div  style='height:50px' class='hr hr-invisible   avia-builder-el-6  el_after_av_one_full  el_before_av_social_share '><span class='hr-inner ' ><span class='hr-inner-style'><\/span><\/span><\/div><\/p>\n<div  class='av-social-sharing-box  avia-builder-el-7  el_after_av_hr  el_before_av_hr  '><div class='av-share-box'><h5 class='av-share-link-description av-no-toc '>Compartir esta noticia<\/h5><ul class='av-share-box-list noLightbox'><li class='av-share-link av-social-link-facebook' ><a target=\"_blank\" aria-label=\"Compartir en Facebook\" href='https:\/\/www.facebook.com\/sharer.php?u=https:\/\/radiorevelacionfm.cl\/?p=62219&#038;t=Carabineros%20Ays%C3%A9n%20realiza%20expedici%C3%B3n%20a%20Campos%20de%20Hielo%20Sur%20y%20explora%20ruta%20hacia%20refugio%20Eduardo%20Garc%C3%ADa%20Soto' aria-hidden='false' data-av_icon='\ue8f3' data-av_iconfont='entypo-fontello' title='' data-avia-related-tooltip='Compartir en Facebook' rel=\"noopener\"><span class='avia_hidden_link_text'>Compartir en Facebook<\/span><\/a><\/li><li class='av-share-link av-social-link-twitter' ><a target=\"_blank\" aria-label=\"Compartir en Twitter\" href='https:\/\/twitter.com\/share?text=Carabineros%20Ays%C3%A9n%20realiza%20expedici%C3%B3n%20a%20Campos%20de%20Hielo%20Sur%20y%20explora%20ruta%20hacia%20refugio%20Eduardo%20Garc%C3%ADa%20Soto&#038;url=https:\/\/radiorevelacionfm.cl\/?p=62219' aria-hidden='false' data-av_icon='\ue8f1' data-av_iconfont='entypo-fontello' title='' data-avia-related-tooltip='Compartir en Twitter' rel=\"noopener\"><span class='avia_hidden_link_text'>Compartir en Twitter<\/span><\/a><\/li><li class='av-share-link av-social-link-whatsapp' ><a target=\"_blank\" aria-label=\"Compartir en Whatsapp\" href='https:\/\/api.whatsapp.com\/send?text=https:\/\/radiorevelacionfm.cl\/?p=62219' aria-hidden='false' data-av_icon='\uf232' data-av_iconfont='entypo-fontello' title='' data-avia-related-tooltip='Compartir en Whatsapp' rel=\"noopener\"><span class='avia_hidden_link_text'>Compartir en Whatsapp<\/span><\/a><\/li><li class='av-share-link av-social-link-linkedin' ><a target=\"_blank\" aria-label=\"Compartir en LinkedIn\" href='https:\/\/linkedin.com\/shareArticle?mini=true&#038;title=Carabineros%20Ays%C3%A9n%20realiza%20expedici%C3%B3n%20a%20Campos%20de%20Hielo%20Sur%20y%20explora%20ruta%20hacia%20refugio%20Eduardo%20Garc%C3%ADa%20Soto&#038;url=https:\/\/radiorevelacionfm.cl\/?p=62219' aria-hidden='false' data-av_icon='\ue8fc' data-av_iconfont='entypo-fontello' title='' data-avia-related-tooltip='Compartir en LinkedIn' rel=\"noopener\"><span class='avia_hidden_link_text'>Compartir en LinkedIn<\/span><\/a><\/li><li class='av-share-link av-social-link-mail' ><a  aria-label=\"Compartir por correo\" href='mailto:?subject=Carabineros%20Ays%C3%A9n%20realiza%20expedici%C3%B3n%20a%20Campos%20de%20Hielo%20Sur%20y%20explora%20ruta%20hacia%20refugio%20Eduardo%20Garc%C3%ADa%20Soto&#038;body=https:\/\/radiorevelacionfm.cl\/?p=62219' aria-hidden='false' data-av_icon='\ue805' data-av_iconfont='entypo-fontello' title='' data-avia-related-tooltip='Compartir por correo'><span class='avia_hidden_link_text'>Compartir por correo<\/span><\/a><\/li><\/ul><\/div><\/div>\n<div  style='height:50px' class='hr hr-invisible   avia-builder-el-8  el_after_av_social_share  el_before_av_comments_list '><span class='hr-inner ' ><span class='hr-inner-style'><\/span><\/span><\/div>\n<div  class='av-buildercomment  av-blog-meta-html-info-disabled av-blog-meta-tag-disabled  '><\/div>\n","protected":false},"excerpt":{"rendered":"","protected":false},"author":1,"featured_media":62220,"comment_status":"closed","ping_status":"closed","sticky":false,"template":"","format":"standard","meta":{"footnotes":""},"categories":[38],"tags":[],"class_list":["post-62219","post","type-post","status-publish","format-standard","has-post-thumbnail","hentry","category-regional"],"jetpack_featured_media_url":"https:\/\/radiorevelacionfm.cl\/wp-content\/uploads\/2025\/12\/a7e72a40-85fb-4509-9693-97fc31f4dda6-1-1.jpg","_links":{"self":[{"href":"https:\/\/radiorevelacionfm.cl\/index.php?rest_route=\/wp\/v2\/posts\/62219","targetHints":{"allow":["GET"]}}],"collection":[{"href":"https:\/\/radiorevelacionfm.cl\/index.php?rest_route=\/wp\/v2\/posts"}],"about":[{"href":"https:\/\/radiorevelacionfm.cl\/index.php?rest_route=\/wp\/v2\/types\/post"}],"author":[{"embeddable":true,"href":"https:\/\/radiorevelacionfm.cl\/index.php?rest_route=\/wp\/v2\/users\/1"}],"replies":[{"embeddable":true,"href":"https:\/\/radiorevelacionfm.cl\/index.php?rest_route=%2Fwp%2Fv2%2Fcomments&post=62219"}],"version-history":[{"count":2,"href":"https:\/\/radiorevelacionfm.cl\/index.php?rest_route=\/wp\/v2\/posts\/62219\/revisions"}],"predecessor-version":[{"id":62222,"href":"https:\/\/radiorevelacionfm.cl\/index.php?rest_route=\/wp\/v2\/posts\/62219\/revisions\/62222"}],"wp:featuredmedia":[{"embeddable":true,"href":"https:\/\/radiorevelacionfm.cl\/index.php?rest_route=\/wp\/v2\/media\/62220"}],"wp:attachment":[{"href":"https:\/\/radiorevelacionfm.cl\/index.php?rest_route=%2Fwp%2Fv2%2Fmedia&parent=62219"}],"wp:term":[{"taxonomy":"category","embeddable":true,"href":"https:\/\/radiorevelacionfm.cl\/index.php?rest_route=%2Fwp%2Fv2%2Fcategories&post=62219"},{"taxonomy":"post_tag","embeddable":true,"href":"https:\/\/radiorevelacionfm.cl\/index.php?rest_route=%2Fwp%2Fv2%2Ftags&post=62219"}],"curies":[{"name":"wp","href":"https:\/\/api.w.org\/{rel}","templated":true}]}}