{"id":62212,"date":"2025-12-05T11:58:58","date_gmt":"2025-12-05T14:58:58","guid":{"rendered":"https:\/\/radiorevelacionfm.cl\/?p=62212"},"modified":"2025-12-05T12:05:42","modified_gmt":"2025-12-05T15:05:42","slug":"fiscalia-y-pdi-investigan-presunto-derrame-de-combustible-en-laguna-san-rafel","status":"publish","type":"post","link":"https:\/\/radiorevelacionfm.cl\/?p=62212","title":{"rendered":"Fiscal\u00eda y PDI investigan presunto derrame de combustible en Laguna San Rafael"},"content":{"rendered":"<div class=\"flex_column av_one_full  flex_column_div av-zero-column-padding first  avia-builder-el-0  el_before_av_one_full  avia-builder-el-first  \" style='border-radius:0px; '><div  class='avia-image-container  av-styling-    avia-builder-el-1  avia-builder-el-no-sibling  avia-align-center '  itemprop=\"image\" itemscope=\"itemscope\" itemtype=\"https:\/\/schema.org\/ImageObject\"  ><div class='avia-image-container-inner'><div class='avia-image-overlay-wrap'><img decoding=\"async\" class='wp-image-62213 avia-img-lazy-loading-not-62213 avia_image' src=\"https:\/\/radiorevelacionfm.cl\/wp-content\/uploads\/2025\/12\/BIDEMA-Aysen-Laguna-San-Rafael-001-1-1.jpeg\" alt='' title='BIDEMA Ays\u00e9n - Laguna San Rafael 001 (1) (1)' height=\"600\" width=\"800\"  itemprop=\"thumbnailUrl\" srcset=\"https:\/\/radiorevelacionfm.cl\/wp-content\/uploads\/2025\/12\/BIDEMA-Aysen-Laguna-San-Rafael-001-1-1.jpeg 800w, https:\/\/radiorevelacionfm.cl\/wp-content\/uploads\/2025\/12\/BIDEMA-Aysen-Laguna-San-Rafael-001-1-1-300x225.jpeg 300w, https:\/\/radiorevelacionfm.cl\/wp-content\/uploads\/2025\/12\/BIDEMA-Aysen-Laguna-San-Rafael-001-1-1-768x576.jpeg 768w, https:\/\/radiorevelacionfm.cl\/wp-content\/uploads\/2025\/12\/BIDEMA-Aysen-Laguna-San-Rafael-001-1-1-705x529.jpeg 705w, https:\/\/radiorevelacionfm.cl\/wp-content\/uploads\/2025\/12\/BIDEMA-Aysen-Laguna-San-Rafael-001-1-1-450x338.jpeg 450w, https:\/\/radiorevelacionfm.cl\/wp-content\/uploads\/2025\/12\/BIDEMA-Aysen-Laguna-San-Rafael-001-1-1-600x450.jpeg 600w\" sizes=\"(max-width: 800px) 100vw, 800px\" \/><\/div><\/div><\/div><\/div>\n<div class=\"flex_column av_one_full  flex_column_div av-zero-column-padding first  avia-builder-el-2  el_after_av_one_full  el_before_av_one_full  column-top-margin\" style='border-radius:0px; '><section class=\"av_textblock_section \"  itemscope=\"itemscope\" itemtype=\"https:\/\/schema.org\/BlogPosting\" itemprop=\"blogPost\" ><div class='avia_textblock  '   itemprop=\"text\" ><p style=\"text-align: center;\"><span style=\"font-size: 18pt;\"><strong>Fiscal\u00eda y PDI investigan presunto derrame de combustible en Laguna San Rafael<\/strong><\/span><\/p>\n<div id=\"gtx-trans\" style=\"position: absolute; left: -50px; top: 4.31534px;\">\n<div class=\"gtx-trans-icon\"><\/div>\n<\/div>\n<\/div><\/section><\/div><div class=\"flex_column av_one_full  flex_column_div av-zero-column-padding first  avia-builder-el-4  el_after_av_one_full  el_before_av_hr  column-top-margin\" style='border-radius:0px; '><section class=\"av_textblock_section \"  itemscope=\"itemscope\" itemtype=\"https:\/\/schema.org\/BlogPosting\" itemprop=\"blogPost\" ><div class='avia_textblock  '   itemprop=\"text\" ><p style=\"text-align: justify;\">Tras la difusi\u00f3n de un video que se viraliz\u00f3 por redes sociales, la Corporaci\u00f3n Nacional Forestal denunci\u00f3 un presunto derrame de combustible en la Laguna San Rafael, decretando la Fiscal\u00eda Local de Ays\u00e9n una orden de investigar a la Brigada Investigadora de Delitos Contra el Medio Ambiente y Patrimonio Cultural (BIDEMA) Ays\u00e9n con la finalidad de realizar diversas diligencias para esclarecer lo acontecido durante el \u00faltimo fin de semana de noviembre en el Parque Nacional.<\/p>\n<p style=\"text-align: justify;\">A ra\u00edz de un trabajo coordinado con la Armada de Chile en Puerto Chacabuco, se logr\u00f3 concretar una visita al lugar para desarrollar el proceso investigativo correspondiente.<\/p>\n<p style=\"text-align: justify;\">Al respecto, el jefe subrogante de la brigada especializada, comisario Carlos Aranguez Arellano, se\u00f1al\u00f3 que \u201cen cumplimiento a una orden de investigar, emanada por el Ministerio P\u00fablico, la BIDEMA Ays\u00e9n se constituy\u00f3 en el sector de Laguna San Rafael, con el fin de realizar el trabajo de sitio de suceso, espec\u00edficamente, el examen, estudio y fijaci\u00f3n del mismo. Lo anterior, con motivo de una denuncia recepcionada en la Capitan\u00eda de Puerto Chacabuco, por un posible derrame de petr\u00f3leo u otra sustancia a determinar, proveniente, aparentemente, desde una embarcaci\u00f3n que transportaba turistas en este lugar\u201d.<\/p>\n<p style=\"text-align: justify;\">En el sitio de suceso se constituy\u00f3 un equipo multidisciplinario, compuesto por personal de la Armada, CONAF, SERNAPESCA y SERNATUR, \u201ccuyos resultados de las pericias realizadas ser\u00e1n informados al Ministerio P\u00fablico, junto a las dem\u00e1s indagatorias que se realicen, puesto que la investigaci\u00f3n se encuentra actualmente en curso, con diligencias en desarrollo\u201d, cerr\u00f3 el comisario Aranguez.<\/p>\n<p style=\"text-align: justify;\">Desde la PDI realizaron un llamado a denunciar oportunamente aquellos hechos que afecten al ecosistema en su conjunto, recordando que los delitos medioambientales corresponden a aquellos hechos que intencionalmente, en forma accidental o negligente, producen como consecuencia la destrucci\u00f3n o deterioro de sistemas naturales, especies animales o vegetales que est\u00e1n protegidas. Por eso, ante el conocimiento de alg\u00fan antecedente que ponga en riesgo la biodiversidad, la salud p\u00fablica y los ecosistemas, las personas deben denunciar.<\/p>\n<\/div><\/section><\/div><\/p>\n<div  style='height:50px' class='hr hr-invisible   avia-builder-el-6  el_after_av_one_full  el_before_av_social_share '><span class='hr-inner ' ><span class='hr-inner-style'><\/span><\/span><\/div>\n<div  class='av-social-sharing-box  avia-builder-el-7  el_after_av_hr  el_before_av_hr  '><div class='av-share-box'><h5 class='av-share-link-description av-no-toc '>Compartir esta noticia<\/h5><ul class='av-share-box-list noLightbox'><li class='av-share-link av-social-link-facebook' ><a target=\"_blank\" aria-label=\"Compartir en Facebook\" href='https:\/\/www.facebook.com\/sharer.php?u=https:\/\/radiorevelacionfm.cl\/?p=62212&#038;t=Fiscal%C3%ADa%20y%20PDI%20investigan%20presunto%20derrame%20de%20combustible%20en%20Laguna%20San%20Rafael' aria-hidden='false' data-av_icon='\ue8f3' data-av_iconfont='entypo-fontello' title='' data-avia-related-tooltip='Compartir en Facebook' rel=\"noopener\"><span class='avia_hidden_link_text'>Compartir en Facebook<\/span><\/a><\/li><li class='av-share-link av-social-link-twitter' ><a target=\"_blank\" aria-label=\"Compartir en Twitter\" href='https:\/\/twitter.com\/share?text=Fiscal%C3%ADa%20y%20PDI%20investigan%20presunto%20derrame%20de%20combustible%20en%20Laguna%20San%20Rafael&#038;url=https:\/\/radiorevelacionfm.cl\/?p=62212' aria-hidden='false' data-av_icon='\ue8f1' data-av_iconfont='entypo-fontello' title='' data-avia-related-tooltip='Compartir en Twitter' rel=\"noopener\"><span class='avia_hidden_link_text'>Compartir en Twitter<\/span><\/a><\/li><li class='av-share-link av-social-link-whatsapp' ><a target=\"_blank\" aria-label=\"Compartir en Whatsapp\" href='https:\/\/api.whatsapp.com\/send?text=https:\/\/radiorevelacionfm.cl\/?p=62212' aria-hidden='false' data-av_icon='\uf232' data-av_iconfont='entypo-fontello' title='' data-avia-related-tooltip='Compartir en Whatsapp' rel=\"noopener\"><span class='avia_hidden_link_text'>Compartir en Whatsapp<\/span><\/a><\/li><li class='av-share-link av-social-link-linkedin' ><a target=\"_blank\" aria-label=\"Compartir en LinkedIn\" href='https:\/\/linkedin.com\/shareArticle?mini=true&#038;title=Fiscal%C3%ADa%20y%20PDI%20investigan%20presunto%20derrame%20de%20combustible%20en%20Laguna%20San%20Rafael&#038;url=https:\/\/radiorevelacionfm.cl\/?p=62212' aria-hidden='false' data-av_icon='\ue8fc' data-av_iconfont='entypo-fontello' title='' data-avia-related-tooltip='Compartir en LinkedIn' rel=\"noopener\"><span class='avia_hidden_link_text'>Compartir en LinkedIn<\/span><\/a><\/li><li class='av-share-link av-social-link-mail' ><a  aria-label=\"Compartir por correo\" href='mailto:?subject=Fiscal%C3%ADa%20y%20PDI%20investigan%20presunto%20derrame%20de%20combustible%20en%20Laguna%20San%20Rafael&#038;body=https:\/\/radiorevelacionfm.cl\/?p=62212' aria-hidden='false' data-av_icon='\ue805' data-av_iconfont='entypo-fontello' title='' data-avia-related-tooltip='Compartir por correo'><span class='avia_hidden_link_text'>Compartir por correo<\/span><\/a><\/li><\/ul><\/div><\/div>\n<div  style='height:50px' class='hr hr-invisible   avia-builder-el-8  el_after_av_social_share  el_before_av_comments_list '><span class='hr-inner ' ><span class='hr-inner-style'><\/span><\/span><\/div>\n<div  class='av-buildercomment  av-blog-meta-html-info-disabled av-blog-meta-tag-disabled  '><\/div>\n","protected":false},"excerpt":{"rendered":"","protected":false},"author":1,"featured_media":62213,"comment_status":"closed","ping_status":"closed","sticky":false,"template":"","format":"standard","meta":{"footnotes":""},"categories":[36],"tags":[],"class_list":["post-62212","post","type-post","status-publish","format-standard","has-post-thumbnail","hentry","category-policial"],"jetpack_featured_media_url":"https:\/\/radiorevelacionfm.cl\/wp-content\/uploads\/2025\/12\/BIDEMA-Aysen-Laguna-San-Rafael-001-1-1.jpeg","_links":{"self":[{"href":"https:\/\/radiorevelacionfm.cl\/index.php?rest_route=\/wp\/v2\/posts\/62212","targetHints":{"allow":["GET"]}}],"collection":[{"href":"https:\/\/radiorevelacionfm.cl\/index.php?rest_route=\/wp\/v2\/posts"}],"about":[{"href":"https:\/\/radiorevelacionfm.cl\/index.php?rest_route=\/wp\/v2\/types\/post"}],"author":[{"embeddable":true,"href":"https:\/\/radiorevelacionfm.cl\/index.php?rest_route=\/wp\/v2\/users\/1"}],"replies":[{"embeddable":true,"href":"https:\/\/radiorevelacionfm.cl\/index.php?rest_route=%2Fwp%2Fv2%2Fcomments&post=62212"}],"version-history":[{"count":3,"href":"https:\/\/radiorevelacionfm.cl\/index.php?rest_route=\/wp\/v2\/posts\/62212\/revisions"}],"predecessor-version":[{"id":62215,"href":"https:\/\/radiorevelacionfm.cl\/index.php?rest_route=\/wp\/v2\/posts\/62212\/revisions\/62215"}],"wp:featuredmedia":[{"embeddable":true,"href":"https:\/\/radiorevelacionfm.cl\/index.php?rest_route=\/wp\/v2\/media\/62213"}],"wp:attachment":[{"href":"https:\/\/radiorevelacionfm.cl\/index.php?rest_route=%2Fwp%2Fv2%2Fmedia&parent=62212"}],"wp:term":[{"taxonomy":"category","embeddable":true,"href":"https:\/\/radiorevelacionfm.cl\/index.php?rest_route=%2Fwp%2Fv2%2Fcategories&post=62212"},{"taxonomy":"post_tag","embeddable":true,"href":"https:\/\/radiorevelacionfm.cl\/index.php?rest_route=%2Fwp%2Fv2%2Ftags&post=62212"}],"curies":[{"name":"wp","href":"https:\/\/api.w.org\/{rel}","templated":true}]}}