{"id":6221,"date":"2021-07-13T10:57:50","date_gmt":"2021-07-13T13:57:50","guid":{"rendered":"https:\/\/radiorevelacionfm.cl\/?p=6221"},"modified":"2021-07-13T10:57:50","modified_gmt":"2021-07-13T13:57:50","slug":"presidente-nacional-de-anef-respaldo-a-trabajadores-as-despedidos-en-chile-chico-e-hizo-un-llamado-al-alcalde-a-recapacitar","status":"publish","type":"post","link":"https:\/\/radiorevelacionfm.cl\/?p=6221","title":{"rendered":"Presidente Nacional de Anef respald\u00f3 a trabajadores\/as despedidos en Chile Chico e hizo un llamado al Alcalde a recapacitar"},"content":{"rendered":"<div class=\"flex_column av_one_full  flex_column_div av-zero-column-padding first  avia-builder-el-0  el_before_av_one_full  avia-builder-el-first  \" style='border-radius:0px; '><div  class='avia-image-container  av-styling-    avia-builder-el-1  avia-builder-el-no-sibling  avia-align-center '  itemprop=\"image\" itemscope=\"itemscope\" itemtype=\"https:\/\/schema.org\/ImageObject\"  ><div class='avia-image-container-inner'><div class='avia-image-overlay-wrap'><img decoding=\"async\" class='wp-image-6222 avia-img-lazy-loading-not-6222 avia_image' src=\"https:\/\/radiorevelacionfm.cl\/wp-content\/uploads\/2021\/07\/PRESIDENTE-ANEF-1-1-1.jpg\" alt='' title='PRESIDENTE ANEF 1 (1) (1)' height=\"600\" width=\"1139\"  itemprop=\"thumbnailUrl\" srcset=\"https:\/\/radiorevelacionfm.cl\/wp-content\/uploads\/2021\/07\/PRESIDENTE-ANEF-1-1-1.jpg 1139w, https:\/\/radiorevelacionfm.cl\/wp-content\/uploads\/2021\/07\/PRESIDENTE-ANEF-1-1-1-300x158.jpg 300w, https:\/\/radiorevelacionfm.cl\/wp-content\/uploads\/2021\/07\/PRESIDENTE-ANEF-1-1-1-1030x543.jpg 1030w, https:\/\/radiorevelacionfm.cl\/wp-content\/uploads\/2021\/07\/PRESIDENTE-ANEF-1-1-1-768x405.jpg 768w, https:\/\/radiorevelacionfm.cl\/wp-content\/uploads\/2021\/07\/PRESIDENTE-ANEF-1-1-1-710x375.jpg 710w, https:\/\/radiorevelacionfm.cl\/wp-content\/uploads\/2021\/07\/PRESIDENTE-ANEF-1-1-1-705x371.jpg 705w, https:\/\/radiorevelacionfm.cl\/wp-content\/uploads\/2021\/07\/PRESIDENTE-ANEF-1-1-1-600x316.jpg 600w\" sizes=\"(max-width: 1139px) 100vw, 1139px\" \/><\/div><\/div><\/div><\/div><div class=\"flex_column av_one_full  flex_column_div av-zero-column-padding first  avia-builder-el-2  el_after_av_one_full  el_before_av_one_full  column-top-margin\" style='border-radius:0px; '><section class=\"av_textblock_section \"  itemscope=\"itemscope\" itemtype=\"https:\/\/schema.org\/BlogPosting\" itemprop=\"blogPost\" ><div class='avia_textblock  '   itemprop=\"text\" ><p style=\"text-align: center;\"><strong><span style=\"font-size: 18pt;\">Presidente Nacional de Anef respald\u00f3 a trabajadores\/as despedidos en Chile Chico e hizo un llamado al Alcalde a recapacitar<\/span><\/strong><\/p>\n<div id=\"gtx-trans\" style=\"position: absolute; left: -50px; top: 4.31534px;\">\n<div class=\"gtx-trans-icon\"><\/div>\n<\/div>\n<\/div><\/section><\/div><div class=\"flex_column av_one_full  flex_column_div av-zero-column-padding first  avia-builder-el-4  el_after_av_one_full  el_before_av_hr  column-top-margin\" style='border-radius:0px; '><section class=\"av_textblock_section \"  itemscope=\"itemscope\" itemtype=\"https:\/\/schema.org\/BlogPosting\" itemprop=\"blogPost\" ><div class='avia_textblock  '   itemprop=\"text\" ><p style=\"text-align: justify;\">Los despidos protagonizados por el Alcalde de la comuna de Chile Chico, Luperciano Mu\u00f1oz Gonz\u00e1lez, han cruzado los l\u00edmites regionales y ya hay dirigentes nacionales que se han pronunciado en base a la decisi\u00f3n del edil de \u201cla ciudad del sol\u201d.<\/p>\n<p style=\"text-align: justify;\">Ahora, es el presidente de la Asociaci\u00f3n Nacional de Empleados Fiscales, ANEF, Jos\u00e9 P\u00e9rez Debelli, quien no dud\u00f3 en entregar todo su respaldo a los hombres y mujeres, que bajo un contrato a honorarios fueron desvinculados desde la Municipalidad de Chile Chico.<\/p>\n<p style=\"text-align: justify;\">\u201cDesde la Anef queremos saludar y respaldar a todos los trabajadores y trabajadoras en su condici\u00f3n de honorarios que han perdido el trabajo, por una decisi\u00f3n pol\u00edtica del reci\u00e9n electo Alcalde de la Ilustre Municipalidad de Chile Chico en la regi\u00f3n de Ays\u00e9n. Se\u00f1or Alcalde, no puede someter a dejar a esa comunidad que recibi\u00f3 su respaldo para salir electo, sin aquellos funcionarios que cumplen un rol estrat\u00e9gico, atendiendo a esa ciudadan\u00eda en Chile Chico y que tambi\u00e9n en pandemia no pueden perder el empleo\u201d.<\/p>\n<p style=\"text-align: justify;\">El presidente nacional de ANEF, agreg\u00f3 que, \u201cson m\u00e1s de 120 personas, m\u00e1s de 120 familias que est\u00e1n experimentando este golpe a la cesant\u00eda, esa profundizaci\u00f3n que golpea el derecho humano fundamental de un trabajador o trabajadora, mas all\u00e1 de la condici\u00f3n contractual. Desde la Anef respaldamos a aquellas personas que hoy d\u00eda est\u00e1n sufriendo, por eso tambi\u00e9n la invitaci\u00f3n se\u00f1or Alcalde, se\u00f1or Mu\u00f1oz, a recapacitar, a abrir el espacio de dialogo. Nosotros conocemos a nuestros compa\u00f1eros de Confemuch y Asemuch que est\u00e1n sindicalizados, como as\u00ed tambi\u00e9n, a los propios sindicatos de las federaciones a honorarios de nuestro pa\u00eds. Por eso, hacemos un llamado al se\u00f1or Alcalde de la Municipalidad de Chile Chico, recapacite, eval\u00fae ese golpe que hoy d\u00eda no se merecen los trabajadores\u201d.<\/p>\n<p style=\"text-align: justify;\">Jos\u00e9 P\u00e9rez Debelli, finaliz\u00f3 sus palabras enviando un mensaje de \u201ccari\u00f1o y respaldo a los compa\u00f1eros y compa\u00f1eras de Chile Chico, esperando que vuelvan a recuperar su trabajo\u2026 fuerza, sabidur\u00eda y mucha energ\u00eda desde la ANEF\u201d.<\/p>\n<\/div><\/section><\/div><div  style='height:50px' class='hr hr-invisible   avia-builder-el-6  el_after_av_one_full  el_before_av_social_share '><span class='hr-inner ' ><span class='hr-inner-style'><\/span><\/span><\/div><\/p>\n<div  class='av-social-sharing-box  avia-builder-el-7  el_after_av_hr  el_before_av_hr  '><div class='av-share-box'><h5 class='av-share-link-description av-no-toc '>Compartir esta noticia<\/h5><ul class='av-share-box-list noLightbox'><li class='av-share-link av-social-link-facebook' ><a target=\"_blank\" aria-label=\"Compartir en Facebook\" href='https:\/\/www.facebook.com\/sharer.php?u=https:\/\/radiorevelacionfm.cl\/?p=6221&#038;t=Presidente%20Nacional%20de%20Anef%20respald%C3%B3%20a%20trabajadores%2Fas%20despedidos%20en%20Chile%20Chico%20e%20hizo%20un%20llamado%20al%20Alcalde%20a%20recapacitar' aria-hidden='false' data-av_icon='\ue8f3' data-av_iconfont='entypo-fontello' title='' data-avia-related-tooltip='Compartir en Facebook' rel=\"noopener\"><span class='avia_hidden_link_text'>Compartir en Facebook<\/span><\/a><\/li><li class='av-share-link av-social-link-twitter' ><a target=\"_blank\" aria-label=\"Compartir en Twitter\" href='https:\/\/twitter.com\/share?text=Presidente%20Nacional%20de%20Anef%20respald%C3%B3%20a%20trabajadores%2Fas%20despedidos%20en%20Chile%20Chico%20e%20hizo%20un%20llamado%20al%20Alcalde%20a%20recapacitar&#038;url=https:\/\/radiorevelacionfm.cl\/?p=6221' aria-hidden='false' data-av_icon='\ue8f1' data-av_iconfont='entypo-fontello' title='' data-avia-related-tooltip='Compartir en Twitter' rel=\"noopener\"><span class='avia_hidden_link_text'>Compartir en Twitter<\/span><\/a><\/li><li class='av-share-link av-social-link-whatsapp' ><a target=\"_blank\" aria-label=\"Compartir en Whatsapp\" href='https:\/\/api.whatsapp.com\/send?text=https:\/\/radiorevelacionfm.cl\/?p=6221' aria-hidden='false' data-av_icon='\uf232' data-av_iconfont='entypo-fontello' title='' data-avia-related-tooltip='Compartir en Whatsapp' rel=\"noopener\"><span class='avia_hidden_link_text'>Compartir en Whatsapp<\/span><\/a><\/li><li class='av-share-link av-social-link-linkedin' ><a target=\"_blank\" aria-label=\"Compartir en LinkedIn\" href='https:\/\/linkedin.com\/shareArticle?mini=true&#038;title=Presidente%20Nacional%20de%20Anef%20respald%C3%B3%20a%20trabajadores%2Fas%20despedidos%20en%20Chile%20Chico%20e%20hizo%20un%20llamado%20al%20Alcalde%20a%20recapacitar&#038;url=https:\/\/radiorevelacionfm.cl\/?p=6221' aria-hidden='false' data-av_icon='\ue8fc' data-av_iconfont='entypo-fontello' title='' data-avia-related-tooltip='Compartir en LinkedIn' rel=\"noopener\"><span class='avia_hidden_link_text'>Compartir en LinkedIn<\/span><\/a><\/li><li class='av-share-link av-social-link-mail' ><a  aria-label=\"Compartir por correo\" href='mailto:?subject=Presidente%20Nacional%20de%20Anef%20respald%C3%B3%20a%20trabajadores%2Fas%20despedidos%20en%20Chile%20Chico%20e%20hizo%20un%20llamado%20al%20Alcalde%20a%20recapacitar&#038;body=https:\/\/radiorevelacionfm.cl\/?p=6221' aria-hidden='false' data-av_icon='\ue805' data-av_iconfont='entypo-fontello' title='' data-avia-related-tooltip='Compartir por correo'><span class='avia_hidden_link_text'>Compartir por correo<\/span><\/a><\/li><\/ul><\/div><\/div>\n<div  style='height:50px' class='hr hr-invisible   avia-builder-el-8  el_after_av_social_share  el_before_av_comments_list '><span class='hr-inner ' ><span class='hr-inner-style'><\/span><\/span><\/div>\n<div  class='av-buildercomment  av-blog-meta-html-info-disabled av-blog-meta-tag-disabled  '><\/div>\n","protected":false},"excerpt":{"rendered":"","protected":false},"author":1,"featured_media":6222,"comment_status":"open","ping_status":"open","sticky":false,"template":"","format":"standard","meta":{"footnotes":""},"categories":[38],"tags":[],"class_list":["post-6221","post","type-post","status-publish","format-standard","has-post-thumbnail","hentry","category-regional"],"jetpack_featured_media_url":"https:\/\/radiorevelacionfm.cl\/wp-content\/uploads\/2021\/07\/PRESIDENTE-ANEF-1-1-1.jpg","_links":{"self":[{"href":"https:\/\/radiorevelacionfm.cl\/index.php?rest_route=\/wp\/v2\/posts\/6221","targetHints":{"allow":["GET"]}}],"collection":[{"href":"https:\/\/radiorevelacionfm.cl\/index.php?rest_route=\/wp\/v2\/posts"}],"about":[{"href":"https:\/\/radiorevelacionfm.cl\/index.php?rest_route=\/wp\/v2\/types\/post"}],"author":[{"embeddable":true,"href":"https:\/\/radiorevelacionfm.cl\/index.php?rest_route=\/wp\/v2\/users\/1"}],"replies":[{"embeddable":true,"href":"https:\/\/radiorevelacionfm.cl\/index.php?rest_route=%2Fwp%2Fv2%2Fcomments&post=6221"}],"version-history":[{"count":1,"href":"https:\/\/radiorevelacionfm.cl\/index.php?rest_route=\/wp\/v2\/posts\/6221\/revisions"}],"predecessor-version":[{"id":6223,"href":"https:\/\/radiorevelacionfm.cl\/index.php?rest_route=\/wp\/v2\/posts\/6221\/revisions\/6223"}],"wp:featuredmedia":[{"embeddable":true,"href":"https:\/\/radiorevelacionfm.cl\/index.php?rest_route=\/wp\/v2\/media\/6222"}],"wp:attachment":[{"href":"https:\/\/radiorevelacionfm.cl\/index.php?rest_route=%2Fwp%2Fv2%2Fmedia&parent=6221"}],"wp:term":[{"taxonomy":"category","embeddable":true,"href":"https:\/\/radiorevelacionfm.cl\/index.php?rest_route=%2Fwp%2Fv2%2Fcategories&post=6221"},{"taxonomy":"post_tag","embeddable":true,"href":"https:\/\/radiorevelacionfm.cl\/index.php?rest_route=%2Fwp%2Fv2%2Ftags&post=6221"}],"curies":[{"name":"wp","href":"https:\/\/api.w.org\/{rel}","templated":true}]}}