{"id":62209,"date":"2025-12-05T12:14:58","date_gmt":"2025-12-05T15:14:58","guid":{"rendered":"https:\/\/radiorevelacionfm.cl\/?p=62209"},"modified":"2025-12-05T12:14:58","modified_gmt":"2025-12-05T15:14:58","slug":"comienza-el-llamado-al-recambio-de-calefactores-para-puerto-aysen-y-cochrane","status":"publish","type":"post","link":"https:\/\/radiorevelacionfm.cl\/?p=62209","title":{"rendered":"\u00a1Comienza el llamado al recambio de calefactores para Puerto Ays\u00e9n y Cochrane!"},"content":{"rendered":"<div class=\"flex_column av_one_full  flex_column_div av-zero-column-padding first  avia-builder-el-0  el_before_av_one_full  avia-builder-el-first  \" style='border-radius:0px; '><div  class='avia-image-container  av-styling-    avia-builder-el-1  avia-builder-el-no-sibling  avia-align-center '  itemprop=\"image\" itemscope=\"itemscope\" itemtype=\"https:\/\/schema.org\/ImageObject\"  ><div class='avia-image-container-inner'><div class='avia-image-overlay-wrap'><img decoding=\"async\" class='wp-image-62210 avia-img-lazy-loading-not-62210 avia_image' src=\"https:\/\/radiorevelacionfm.cl\/wp-content\/uploads\/2025\/12\/PRC-wide-1-1.jpg\" alt='' title='PRC wide (1) (1)' height=\"600\" width=\"1110\"  itemprop=\"thumbnailUrl\" srcset=\"https:\/\/radiorevelacionfm.cl\/wp-content\/uploads\/2025\/12\/PRC-wide-1-1.jpg 1110w, https:\/\/radiorevelacionfm.cl\/wp-content\/uploads\/2025\/12\/PRC-wide-1-1-300x162.jpg 300w, https:\/\/radiorevelacionfm.cl\/wp-content\/uploads\/2025\/12\/PRC-wide-1-1-1030x557.jpg 1030w, https:\/\/radiorevelacionfm.cl\/wp-content\/uploads\/2025\/12\/PRC-wide-1-1-768x415.jpg 768w, https:\/\/radiorevelacionfm.cl\/wp-content\/uploads\/2025\/12\/PRC-wide-1-1-705x381.jpg 705w, https:\/\/radiorevelacionfm.cl\/wp-content\/uploads\/2025\/12\/PRC-wide-1-1-450x243.jpg 450w, https:\/\/radiorevelacionfm.cl\/wp-content\/uploads\/2025\/12\/PRC-wide-1-1-600x324.jpg 600w\" sizes=\"(max-width: 1110px) 100vw, 1110px\" \/><\/div><\/div><\/div><\/div><div class=\"flex_column av_one_full  flex_column_div av-zero-column-padding first  avia-builder-el-2  el_after_av_one_full  el_before_av_one_full  column-top-margin\" style='border-radius:0px; '><section class=\"av_textblock_section \"  itemscope=\"itemscope\" itemtype=\"https:\/\/schema.org\/BlogPosting\" itemprop=\"blogPost\" ><div class='avia_textblock  '   itemprop=\"text\" ><p style=\"text-align: center;\"><strong><span style=\"font-size: 18pt;\">\u00a1Comienza el llamado al recambio de calefactores para Puerto Ays\u00e9n y Cochrane!<\/span><\/strong><\/p>\n<div id=\"gtx-trans\" style=\"position: absolute; left: -50px; top: 4.31534px;\">\n<div class=\"gtx-trans-icon\"><\/div>\n<\/div>\n<\/div><\/section><\/div><div class=\"flex_column av_one_full  flex_column_div av-zero-column-padding first  avia-builder-el-4  el_after_av_one_full  el_before_av_hr  column-top-margin\" style='border-radius:0px; '><section class=\"av_textblock_section \"  itemscope=\"itemscope\" itemtype=\"https:\/\/schema.org\/BlogPosting\" itemprop=\"blogPost\" ><div class='avia_textblock  '   itemprop=\"text\" ><p style=\"text-align: justify;\">Las familias residentes en las zonas urbanas de Puerto Ays\u00e9n y Cochrane ya pueden postular al nuevo llamado 2025 del Programa de Recambio de Calefactores del Ministerio del Medio Ambiente, iniciativa que permitir\u00e1 acceder a sistemas de calefacci\u00f3n m\u00e1s limpios y eficientes a trav\u00e9s de equipos a pellet y aire acondicionado tipo Split Inverter.<\/p>\n<p style=\"text-align: justify;\">\u201cPrometimos en nuestra \u00faltima visita a Cochrane que pronto volver\u00edamos con nuestro programa de recambio y desde hoy viernes ya est\u00e1 disponible la plataforma para que tanto las familias de Cochrane como las de Puerto Ays\u00e9n puedan acceder a calefacci\u00f3n sustentable. Sabemos que la comunidad est\u00e1 muy activa en temas de calidad del aire, y que se va a sumar a este llamado preventivo para una mejor calidad del aire de todos y todas\u201d, declar\u00f3 el seremi del Medio Ambiente, Yoal D\u00edaz.<\/p>\n<p style=\"text-align: justify;\">El programa, financiado por el Ministerio del Medio Ambiente, se implementar\u00e1 de forma preventiva en localidades que a\u00fan no cuentan con un Plan de Descontaminaci\u00f3n Atmosf\u00e9rica (PDA), pero que, de acuerdo al monitoreo de calidad del aire, presentan episodios de contaminaci\u00f3n por material particulado, asociados principalmente al uso de le\u00f1a h\u00fameda.<\/p>\n<p style=\"text-align: justify;\"><strong>Plazo y plataforma de postulaci\u00f3n<\/strong><\/p>\n<p style=\"text-align: justify;\">El llamado de recambio estar\u00e1 abierto para recibir postulaciones desde el 5 de diciembre de 2025 y hasta el 5 de enero de 2026, a trav\u00e9s del portal <a href=\"https:\/\/calefactores.mma.gob.cl\/\">calefactores.mma.gob.cl<\/a>. En la misma p\u00e1gina se encuentran disponibles las bases de postulaci\u00f3n. Adem\u00e1s, el programa puso a disposici\u00f3n de la comunidad un video tutorial para apoyar el registro y la postulaci\u00f3n en l\u00ednea, disponible en el canal de YouTube de la Seremi del Medio Ambiente de Ays\u00e9n, a trav\u00e9s del enlace directo <a href=\"https:\/\/bit.ly\/tutorialrecambio\">https:\/\/bit.ly\/tutorialrecambio<\/a><\/p>\n<p style=\"text-align: justify;\">En el caso de la ciudad de Cochrane, quienes quieran postular, podr\u00e1n hacerlo tambi\u00e9n en forma presencial en el Centro Cultural, ubicado en San Valent\u00edn 555.<\/p>\n<p style=\"text-align: justify;\"><strong>\u00bfQui\u00e9nes pueden postular?<\/strong><\/p>\n<p style=\"text-align: justify;\">De acuerdo a lo informado por la Seremi del Medio Ambiente, pueden postular personas mayores de 18 a\u00f1os que vivan en el radio urbano de Cochrane o en la zona saturada de Puerto Ays\u00e9n; que cuenten con al menos un artefacto a le\u00f1a instalado (calefactor o cocina) en su vivienda; que sean propietarios del artefacto a le\u00f1a que se desea recambiar y que no hayan sido beneficiarios\/as anteriormente del Programa de Recambio, ni ellos ni ninguna persona del grupo familiar que comparte la vivienda.<\/p>\n<p style=\"text-align: justify;\">Luego del proceso de postulaci\u00f3n, se publicar\u00e1 la lista de preseleccionados, a m\u00e1s tardar el 19 de enero de 2026 y dando inicio al proceso de validaci\u00f3n de antecedentes de los postulantes, para luego consolidar la lista de seleccionados, quienes\u00a0 deber\u00e1n realizar un copago de $50.000 a la empresa que realizar\u00e1 las instalaciones y deber\u00e1n estar dispuestos a entregar el artefacto a le\u00f1a que se recambia para su retiro y destrucci\u00f3n, lo que asegura que ese equipo no seguir\u00e1 contaminando en otra vivienda.<\/p>\n<p style=\"text-align: justify;\">La autoridad ambiental indic\u00f3 que, ante cualquier duda o consulta, la comunidad puede escribir al correo electr\u00f3nico recambiocochraneaysen@mma.gob.cl<br \/>\no\u00a0 comunicarse a los tel\u00e9fonos: 67 2451468, 67 2451469 \u00f3 67 2451470.<\/p>\n<p style=\"text-align: justify;\">Finalmente, el Seremi reiter\u00f3 el llamado a participar de este programa que, en los \u00faltimos a\u00f1os, ha demostrado ser una herramienta clave para la mejor\u00eda sostenida de la calidad del aire y de la calidad de vida de las familias de la regi\u00f3n de Ays\u00e9n, avanzando hacia una calefacci\u00f3n m\u00e1s limpia, segura y sustentable para todos y todas.<\/p>\n<\/div><\/section><\/div><div  style='height:50px' class='hr hr-invisible   avia-builder-el-6  el_after_av_one_full  el_before_av_social_share '><span class='hr-inner ' ><span class='hr-inner-style'><\/span><\/span><\/div><\/p>\n<div  class='av-social-sharing-box  avia-builder-el-7  el_after_av_hr  el_before_av_hr  '><div class='av-share-box'><h5 class='av-share-link-description av-no-toc '>Compartir esta noticia<\/h5><ul class='av-share-box-list noLightbox'><li class='av-share-link av-social-link-facebook' ><a target=\"_blank\" aria-label=\"Compartir en Facebook\" href='https:\/\/www.facebook.com\/sharer.php?u=https:\/\/radiorevelacionfm.cl\/?p=62209&#038;t=%C2%A1Comienza%20el%20llamado%20al%20recambio%20de%20calefactores%20para%20Puerto%20Ays%C3%A9n%20y%20Cochrane%21' aria-hidden='false' data-av_icon='\ue8f3' data-av_iconfont='entypo-fontello' title='' data-avia-related-tooltip='Compartir en Facebook' rel=\"noopener\"><span class='avia_hidden_link_text'>Compartir en Facebook<\/span><\/a><\/li><li class='av-share-link av-social-link-twitter' ><a target=\"_blank\" aria-label=\"Compartir en Twitter\" href='https:\/\/twitter.com\/share?text=%C2%A1Comienza%20el%20llamado%20al%20recambio%20de%20calefactores%20para%20Puerto%20Ays%C3%A9n%20y%20Cochrane%21&#038;url=https:\/\/radiorevelacionfm.cl\/?p=62209' aria-hidden='false' data-av_icon='\ue8f1' data-av_iconfont='entypo-fontello' title='' data-avia-related-tooltip='Compartir en Twitter' rel=\"noopener\"><span class='avia_hidden_link_text'>Compartir en Twitter<\/span><\/a><\/li><li class='av-share-link av-social-link-whatsapp' ><a target=\"_blank\" aria-label=\"Compartir en Whatsapp\" href='https:\/\/api.whatsapp.com\/send?text=https:\/\/radiorevelacionfm.cl\/?p=62209' aria-hidden='false' data-av_icon='\uf232' data-av_iconfont='entypo-fontello' title='' data-avia-related-tooltip='Compartir en Whatsapp' rel=\"noopener\"><span class='avia_hidden_link_text'>Compartir en Whatsapp<\/span><\/a><\/li><li class='av-share-link av-social-link-linkedin' ><a target=\"_blank\" aria-label=\"Compartir en LinkedIn\" href='https:\/\/linkedin.com\/shareArticle?mini=true&#038;title=%C2%A1Comienza%20el%20llamado%20al%20recambio%20de%20calefactores%20para%20Puerto%20Ays%C3%A9n%20y%20Cochrane%21&#038;url=https:\/\/radiorevelacionfm.cl\/?p=62209' aria-hidden='false' data-av_icon='\ue8fc' data-av_iconfont='entypo-fontello' title='' data-avia-related-tooltip='Compartir en LinkedIn' rel=\"noopener\"><span class='avia_hidden_link_text'>Compartir en LinkedIn<\/span><\/a><\/li><li class='av-share-link av-social-link-mail' ><a  aria-label=\"Compartir por correo\" href='mailto:?subject=%C2%A1Comienza%20el%20llamado%20al%20recambio%20de%20calefactores%20para%20Puerto%20Ays%C3%A9n%20y%20Cochrane%21&#038;body=https:\/\/radiorevelacionfm.cl\/?p=62209' aria-hidden='false' data-av_icon='\ue805' data-av_iconfont='entypo-fontello' title='' data-avia-related-tooltip='Compartir por correo'><span class='avia_hidden_link_text'>Compartir por correo<\/span><\/a><\/li><\/ul><\/div><\/div>\n<div  style='height:50px' class='hr hr-invisible   avia-builder-el-8  el_after_av_social_share  el_before_av_comments_list '><span class='hr-inner ' ><span class='hr-inner-style'><\/span><\/span><\/div>\n<div  class='av-buildercomment  av-blog-meta-html-info-disabled av-blog-meta-tag-disabled  '><\/div>\n","protected":false},"excerpt":{"rendered":"","protected":false},"author":1,"featured_media":62210,"comment_status":"closed","ping_status":"closed","sticky":false,"template":"","format":"standard","meta":{"footnotes":""},"categories":[39],"tags":[],"class_list":["post-62209","post","type-post","status-publish","format-standard","has-post-thumbnail","hentry","category-medio-ambiente"],"jetpack_featured_media_url":"https:\/\/radiorevelacionfm.cl\/wp-content\/uploads\/2025\/12\/PRC-wide-1-1.jpg","_links":{"self":[{"href":"https:\/\/radiorevelacionfm.cl\/index.php?rest_route=\/wp\/v2\/posts\/62209","targetHints":{"allow":["GET"]}}],"collection":[{"href":"https:\/\/radiorevelacionfm.cl\/index.php?rest_route=\/wp\/v2\/posts"}],"about":[{"href":"https:\/\/radiorevelacionfm.cl\/index.php?rest_route=\/wp\/v2\/types\/post"}],"author":[{"embeddable":true,"href":"https:\/\/radiorevelacionfm.cl\/index.php?rest_route=\/wp\/v2\/users\/1"}],"replies":[{"embeddable":true,"href":"https:\/\/radiorevelacionfm.cl\/index.php?rest_route=%2Fwp%2Fv2%2Fcomments&post=62209"}],"version-history":[{"count":2,"href":"https:\/\/radiorevelacionfm.cl\/index.php?rest_route=\/wp\/v2\/posts\/62209\/revisions"}],"predecessor-version":[{"id":62217,"href":"https:\/\/radiorevelacionfm.cl\/index.php?rest_route=\/wp\/v2\/posts\/62209\/revisions\/62217"}],"wp:featuredmedia":[{"embeddable":true,"href":"https:\/\/radiorevelacionfm.cl\/index.php?rest_route=\/wp\/v2\/media\/62210"}],"wp:attachment":[{"href":"https:\/\/radiorevelacionfm.cl\/index.php?rest_route=%2Fwp%2Fv2%2Fmedia&parent=62209"}],"wp:term":[{"taxonomy":"category","embeddable":true,"href":"https:\/\/radiorevelacionfm.cl\/index.php?rest_route=%2Fwp%2Fv2%2Fcategories&post=62209"},{"taxonomy":"post_tag","embeddable":true,"href":"https:\/\/radiorevelacionfm.cl\/index.php?rest_route=%2Fwp%2Fv2%2Ftags&post=62209"}],"curies":[{"name":"wp","href":"https:\/\/api.w.org\/{rel}","templated":true}]}}