{"id":62206,"date":"2025-12-05T17:08:38","date_gmt":"2025-12-05T20:08:38","guid":{"rendered":"https:\/\/radiorevelacionfm.cl\/?p=62206"},"modified":"2025-12-05T17:08:38","modified_gmt":"2025-12-05T20:08:38","slug":"encuentro-aysen-circular-2025-ecoterraneo-impulsa-innovacion-y-abre-mercados-a-traves-de-la-economia-circular","status":"publish","type":"post","link":"https:\/\/radiorevelacionfm.cl\/?p=62206","title":{"rendered":"Encuentro Ays\u00e9n Circular 2025: Ecoterr\u00e1neo impulsa innovaci\u00f3n y abre mercados a trav\u00e9s de la econom\u00eda circular"},"content":{"rendered":"<div class=\"flex_column av_one_full  flex_column_div av-zero-column-padding first  avia-builder-el-0  el_before_av_one_full  avia-builder-el-first  \" style='border-radius:0px; '><div  class='avia-image-container  av-styling-    avia-builder-el-1  avia-builder-el-no-sibling  avia-align-center '  itemprop=\"image\" itemscope=\"itemscope\" itemtype=\"https:\/\/schema.org\/ImageObject\"  ><div class='avia-image-container-inner'><div class='avia-image-overlay-wrap'><img decoding=\"async\" class='wp-image-62207 avia-img-lazy-loading-not-62207 avia_image' src=\"https:\/\/radiorevelacionfm.cl\/wp-content\/uploads\/2025\/12\/encuentro-aysen-circular-1_optimized-1.jpg\" alt='' title='encuentro-aysen-circular-(1)_optimized (1)' height=\"600\" width=\"1067\"  itemprop=\"thumbnailUrl\" srcset=\"https:\/\/radiorevelacionfm.cl\/wp-content\/uploads\/2025\/12\/encuentro-aysen-circular-1_optimized-1.jpg 1067w, https:\/\/radiorevelacionfm.cl\/wp-content\/uploads\/2025\/12\/encuentro-aysen-circular-1_optimized-1-300x169.jpg 300w, https:\/\/radiorevelacionfm.cl\/wp-content\/uploads\/2025\/12\/encuentro-aysen-circular-1_optimized-1-1030x579.jpg 1030w, https:\/\/radiorevelacionfm.cl\/wp-content\/uploads\/2025\/12\/encuentro-aysen-circular-1_optimized-1-768x432.jpg 768w, https:\/\/radiorevelacionfm.cl\/wp-content\/uploads\/2025\/12\/encuentro-aysen-circular-1_optimized-1-705x396.jpg 705w, https:\/\/radiorevelacionfm.cl\/wp-content\/uploads\/2025\/12\/encuentro-aysen-circular-1_optimized-1-450x253.jpg 450w, https:\/\/radiorevelacionfm.cl\/wp-content\/uploads\/2025\/12\/encuentro-aysen-circular-1_optimized-1-600x337.jpg 600w\" sizes=\"(max-width: 1067px) 100vw, 1067px\" \/><\/div><\/div><\/div><\/div><div class=\"flex_column av_one_full  flex_column_div av-zero-column-padding first  avia-builder-el-2  el_after_av_one_full  el_before_av_one_full  column-top-margin\" style='border-radius:0px; '><section class=\"av_textblock_section \"  itemscope=\"itemscope\" itemtype=\"https:\/\/schema.org\/BlogPosting\" itemprop=\"blogPost\" ><div class='avia_textblock  '   itemprop=\"text\" ><p style=\"text-align: center;\"><strong><span style=\"font-size: 18pt;\">Encuentro Ays\u00e9n Circular 2025: Ecoterr\u00e1neo impulsa innovaci\u00f3n y abre mercados a trav\u00e9s de la econom\u00eda circular<\/span><\/strong><\/p>\n<div id=\"gtx-trans\" style=\"position: absolute; left: -50px; top: 4.31534px;\">\n<div class=\"gtx-trans-icon\"><\/div>\n<\/div>\n<\/div><\/section><\/div><div class=\"flex_column av_one_full  flex_column_div av-zero-column-padding first  avia-builder-el-4  el_after_av_one_full  el_before_av_hr  column-top-margin\" style='border-radius:0px; '><section class=\"av_textblock_section \"  itemscope=\"itemscope\" itemtype=\"https:\/\/schema.org\/BlogPosting\" itemprop=\"blogPost\" ><div class='avia_textblock  '   itemprop=\"text\" ><p style=\"text-align: justify;\">La Incubadora de negocios de la Regi\u00f3n de Ays\u00e9n Ecoterr\u00e1neo, llev\u00f3 a cabo una jornada de car\u00e1cter regional denominada; <strong><em>\u201cEncuentro Ays\u00e9n Circular\u201d,<\/em><\/strong> la que tuvo como objetivo abrir nuevas miradas sobre el valor de los residuos y su potencial para impulsar innovaci\u00f3n y emprendimientos en la Regi\u00f3n de Ays\u00e9n. En este contexto se reunieron actores p\u00fablicos y privados; Representantes del Gobierno Regional de Ays\u00e9n, Seremi del Medio Ambiente, CORFO Ays\u00e9n, Encargadas de Medio ambiente de las Municipalidades de Ays\u00e9n y Coyhaique y 4 empresas locales: Recircular; Pesca Ays\u00e9n, Cerezal Reciclaje y Empresas Bahamonde. Adem\u00e1s, se cont\u00f3 con la participaci\u00f3n de 2 casos nacionales invitados: Humos de la Patagonia desde la Regi\u00f3n de Magallanes y NovaAgro desde la Regi\u00f3n de Los Lagos.<\/p>\n<p style=\"text-align: justify;\">La jornada se enmarc\u00f3 dentro de las diversas acciones que Ecoterr\u00e1neo realiza para robustecer el ecosistema emprendedor, el cual cont\u00f3 con un nutrido programa que abord\u00f3 la tem\u00e1tica desde diversas perspectivas; un contexto regional de la econom\u00eda circular, los avances logrados, brechas y desaf\u00edos. Un contexto municipal desde los ayuntamientos de Ays\u00e9n y Coyhaique, para puntualizar el rol municipal en la circularidad territorial y adem\u00e1s, la presentaci\u00f3n de iniciativas regionales que ya revalorizan los residuos. \u00a0La jornada cont\u00f3 con 2 experiencias de emprendimientos nacionales inspiradores: Humos de la Patagonia, dedicados a producir \u201cEco Le\u00f1os\u201d a partir de residuos madereros, papel y cart\u00f3n y Nova Agro, empresa dedicada a generar biofertilizantes a partir de residuos agr\u00edcolas. Su representante Tom\u00e1s Vial Tagle coment\u00f3: <strong><em>\u201c<\/em><\/strong><strong><em>Realmente espectaculares los emprendedores de la zona, qued\u00e9 muy impresionado con la innovaci\u00f3n que aqu\u00ed se lleva a cabo y los beneficios que est\u00e1n consiguiendo con lo que reciclan. Ojal\u00e1 poder venir muchas veces m\u00e1s a ayudar con nuestras soluciones agr\u00edcolas y poder articular m\u00e1s acciones.<\/em><\/strong><\/p>\n<p style=\"text-align: justify;\">La jornada busc\u00f3 inspirar a nuevos emprendedores para fortalecer la articulaci\u00f3n entre sectores y aportar a la construcci\u00f3n de un futuro m\u00e1s sostenible, donde los residuos de Ays\u00e9n se conviertan en verdaderas oportunidades de desarrollo y bienestar. Al respecto Francisco Olivera, Gerente Data Science Geogama, organizadores del encuentro, relev\u00f3 que: <em>\u201cFue una jornada muy enriquecedora para conocer el estado actual de la econom\u00eda circular en la regi\u00f3n. Ver el sal\u00f3n de Ecoterr\u00e1neo lleno de representantes del \u00e1mbito p\u00fablico y privado demuestra el inter\u00e9s y la relevancia que estos temas tienen para la comunidad. Para GEOGAMA estos temas son de total relevancia, ya que son un aporte para crear un mundo mejor<\/em>\u201d.<\/p>\n<p style=\"text-align: justify;\">Por su parte, Marcela Vidal Gerenta de Ecoterr\u00e1neo, recalc\u00f3: \u201cEstamos felices por la excelente convocatoria, ya que nos demuestra que en la regi\u00f3n hay inter\u00e9s, motivaci\u00f3n y ganas de emprender en proyectos sostenibles, adem\u00e1s quiero agradecer a todas las personas e instituciones que participaron en esta jornada, especialmente la activa participaci\u00f3n de CORFO, de los municipios, del Gobierno Regional, la SEREMI de Medio Ambiente, quienes enriquecieron la conversaci\u00f3n con sus miradas y experiencias. Espacios como este se construyen entre todos, y en Ecoterr\u00e1neo estamos profundamente agradecidos de la colaboraci\u00f3n y el compromiso demostrado\u201d.<\/p>\n<p style=\"text-align: justify;\">En resumen, el <strong><em>\u201cEncuentro Ays\u00e9n Circular\u201d<\/em><\/strong> fue una jornada donde se presentaron pr\u00e1cticas regionales en gesti\u00f3n de residuos, las que generan valor desde diversos subproductos, con el fin de incentivar a que nuevas generaciones sigan este camino sostenible. Por todo lo anterior, Geogama y Ecoterr\u00e1neo reafirman su compromiso con el fortalecimiento del tejido emprendedor, impulsando pr\u00e1cticas sostenibles que contribuyan al desarrollo econ\u00f3mico, social y ambiental de nuestra regi\u00f3n, siempre invitando a m\u00e1s actores a sumarse a esta iniciativa, convencidos de que juntos es posible construir un futuro m\u00e1s responsable, resiliente y pr\u00f3spero para todos.<\/p>\n<\/div><\/section><\/div><div  style='height:50px' class='hr hr-invisible   avia-builder-el-6  el_after_av_one_full  el_before_av_social_share '><span class='hr-inner ' ><span class='hr-inner-style'><\/span><\/span><\/div><\/p>\n<div  class='av-social-sharing-box  avia-builder-el-7  el_after_av_hr  el_before_av_hr  '><div class='av-share-box'><h5 class='av-share-link-description av-no-toc '>Compartir esta noticia<\/h5><ul class='av-share-box-list noLightbox'><li class='av-share-link av-social-link-facebook' ><a target=\"_blank\" aria-label=\"Compartir en Facebook\" href='https:\/\/www.facebook.com\/sharer.php?u=https:\/\/radiorevelacionfm.cl\/?p=62206&#038;t=Encuentro%20Ays%C3%A9n%20Circular%202025%3A%20Ecoterr%C3%A1neo%20impulsa%20innovaci%C3%B3n%20y%20abre%20mercados%20a%20trav%C3%A9s%20de%20la%20econom%C3%ADa%20circular' aria-hidden='false' data-av_icon='\ue8f3' data-av_iconfont='entypo-fontello' title='' data-avia-related-tooltip='Compartir en Facebook' rel=\"noopener\"><span class='avia_hidden_link_text'>Compartir en Facebook<\/span><\/a><\/li><li class='av-share-link av-social-link-twitter' ><a target=\"_blank\" aria-label=\"Compartir en Twitter\" href='https:\/\/twitter.com\/share?text=Encuentro%20Ays%C3%A9n%20Circular%202025%3A%20Ecoterr%C3%A1neo%20impulsa%20innovaci%C3%B3n%20y%20abre%20mercados%20a%20trav%C3%A9s%20de%20la%20econom%C3%ADa%20circular&#038;url=https:\/\/radiorevelacionfm.cl\/?p=62206' aria-hidden='false' data-av_icon='\ue8f1' data-av_iconfont='entypo-fontello' title='' data-avia-related-tooltip='Compartir en Twitter' rel=\"noopener\"><span class='avia_hidden_link_text'>Compartir en Twitter<\/span><\/a><\/li><li class='av-share-link av-social-link-whatsapp' ><a target=\"_blank\" aria-label=\"Compartir en Whatsapp\" href='https:\/\/api.whatsapp.com\/send?text=https:\/\/radiorevelacionfm.cl\/?p=62206' aria-hidden='false' data-av_icon='\uf232' data-av_iconfont='entypo-fontello' title='' data-avia-related-tooltip='Compartir en Whatsapp' rel=\"noopener\"><span class='avia_hidden_link_text'>Compartir en Whatsapp<\/span><\/a><\/li><li class='av-share-link av-social-link-linkedin' ><a target=\"_blank\" aria-label=\"Compartir en LinkedIn\" href='https:\/\/linkedin.com\/shareArticle?mini=true&#038;title=Encuentro%20Ays%C3%A9n%20Circular%202025%3A%20Ecoterr%C3%A1neo%20impulsa%20innovaci%C3%B3n%20y%20abre%20mercados%20a%20trav%C3%A9s%20de%20la%20econom%C3%ADa%20circular&#038;url=https:\/\/radiorevelacionfm.cl\/?p=62206' aria-hidden='false' data-av_icon='\ue8fc' data-av_iconfont='entypo-fontello' title='' data-avia-related-tooltip='Compartir en LinkedIn' rel=\"noopener\"><span class='avia_hidden_link_text'>Compartir en LinkedIn<\/span><\/a><\/li><li class='av-share-link av-social-link-mail' ><a  aria-label=\"Compartir por correo\" href='mailto:?subject=Encuentro%20Ays%C3%A9n%20Circular%202025%3A%20Ecoterr%C3%A1neo%20impulsa%20innovaci%C3%B3n%20y%20abre%20mercados%20a%20trav%C3%A9s%20de%20la%20econom%C3%ADa%20circular&#038;body=https:\/\/radiorevelacionfm.cl\/?p=62206' aria-hidden='false' data-av_icon='\ue805' data-av_iconfont='entypo-fontello' title='' data-avia-related-tooltip='Compartir por correo'><span class='avia_hidden_link_text'>Compartir por correo<\/span><\/a><\/li><\/ul><\/div><\/div>\n<div  style='height:50px' class='hr hr-invisible   avia-builder-el-8  el_after_av_social_share  el_before_av_comments_list '><span class='hr-inner ' ><span class='hr-inner-style'><\/span><\/span><\/div>\n<div  class='av-buildercomment  av-blog-meta-html-info-disabled av-blog-meta-tag-disabled  '><\/div>\n","protected":false},"excerpt":{"rendered":"","protected":false},"author":1,"featured_media":62207,"comment_status":"closed","ping_status":"closed","sticky":false,"template":"","format":"standard","meta":{"footnotes":""},"categories":[38],"tags":[],"class_list":["post-62206","post","type-post","status-publish","format-standard","has-post-thumbnail","hentry","category-regional"],"jetpack_featured_media_url":"https:\/\/radiorevelacionfm.cl\/wp-content\/uploads\/2025\/12\/encuentro-aysen-circular-1_optimized-1.jpg","_links":{"self":[{"href":"https:\/\/radiorevelacionfm.cl\/index.php?rest_route=\/wp\/v2\/posts\/62206","targetHints":{"allow":["GET"]}}],"collection":[{"href":"https:\/\/radiorevelacionfm.cl\/index.php?rest_route=\/wp\/v2\/posts"}],"about":[{"href":"https:\/\/radiorevelacionfm.cl\/index.php?rest_route=\/wp\/v2\/types\/post"}],"author":[{"embeddable":true,"href":"https:\/\/radiorevelacionfm.cl\/index.php?rest_route=\/wp\/v2\/users\/1"}],"replies":[{"embeddable":true,"href":"https:\/\/radiorevelacionfm.cl\/index.php?rest_route=%2Fwp%2Fv2%2Fcomments&post=62206"}],"version-history":[{"count":2,"href":"https:\/\/radiorevelacionfm.cl\/index.php?rest_route=\/wp\/v2\/posts\/62206\/revisions"}],"predecessor-version":[{"id":62243,"href":"https:\/\/radiorevelacionfm.cl\/index.php?rest_route=\/wp\/v2\/posts\/62206\/revisions\/62243"}],"wp:featuredmedia":[{"embeddable":true,"href":"https:\/\/radiorevelacionfm.cl\/index.php?rest_route=\/wp\/v2\/media\/62207"}],"wp:attachment":[{"href":"https:\/\/radiorevelacionfm.cl\/index.php?rest_route=%2Fwp%2Fv2%2Fmedia&parent=62206"}],"wp:term":[{"taxonomy":"category","embeddable":true,"href":"https:\/\/radiorevelacionfm.cl\/index.php?rest_route=%2Fwp%2Fv2%2Fcategories&post=62206"},{"taxonomy":"post_tag","embeddable":true,"href":"https:\/\/radiorevelacionfm.cl\/index.php?rest_route=%2Fwp%2Fv2%2Ftags&post=62206"}],"curies":[{"name":"wp","href":"https:\/\/api.w.org\/{rel}","templated":true}]}}