{"id":62201,"date":"2025-12-05T10:57:15","date_gmt":"2025-12-05T13:57:15","guid":{"rendered":"https:\/\/radiorevelacionfm.cl\/?p=62201"},"modified":"2025-12-05T10:57:15","modified_gmt":"2025-12-05T13:57:15","slug":"organizaciones-y-vecinos-de-aysen-participan-en-consulta-sobre-sitios-prioritarios-apuntando-a-regresion-ambiental","status":"publish","type":"post","link":"https:\/\/radiorevelacionfm.cl\/?p=62201","title":{"rendered":"Organizaciones y vecinos de Ays\u00e9n participan en consulta sobre sitios prioritarios apuntando a \u201cregresi\u00f3n ambiental\u201d"},"content":{"rendered":"<div class=\"flex_column av_one_full  flex_column_div av-zero-column-padding first  avia-builder-el-0  el_before_av_one_full  avia-builder-el-first  \" style='border-radius:0px; '><div  class='avia-image-container  av-styling-    avia-builder-el-1  avia-builder-el-no-sibling  avia-align-center '  itemprop=\"image\" itemscope=\"itemscope\" itemtype=\"https:\/\/schema.org\/ImageObject\"  ><div class='avia-image-container-inner'><div class='avia-image-overlay-wrap'><img decoding=\"async\" class='wp-image-62203 avia-img-lazy-loading-not-62203 avia_image' src=\"https:\/\/radiorevelacionfm.cl\/wp-content\/uploads\/2025\/12\/Entrega-sitios-prioritarios-1-1-1.jpg\" alt='' title='Entrega sitios prioritarios 1 (1) (1)' height=\"600\" width=\"800\"  itemprop=\"thumbnailUrl\" srcset=\"https:\/\/radiorevelacionfm.cl\/wp-content\/uploads\/2025\/12\/Entrega-sitios-prioritarios-1-1-1.jpg 800w, https:\/\/radiorevelacionfm.cl\/wp-content\/uploads\/2025\/12\/Entrega-sitios-prioritarios-1-1-1-300x225.jpg 300w, https:\/\/radiorevelacionfm.cl\/wp-content\/uploads\/2025\/12\/Entrega-sitios-prioritarios-1-1-1-768x576.jpg 768w, https:\/\/radiorevelacionfm.cl\/wp-content\/uploads\/2025\/12\/Entrega-sitios-prioritarios-1-1-1-705x529.jpg 705w, https:\/\/radiorevelacionfm.cl\/wp-content\/uploads\/2025\/12\/Entrega-sitios-prioritarios-1-1-1-450x338.jpg 450w, https:\/\/radiorevelacionfm.cl\/wp-content\/uploads\/2025\/12\/Entrega-sitios-prioritarios-1-1-1-600x450.jpg 600w\" sizes=\"(max-width: 800px) 100vw, 800px\" \/><\/div><\/div><\/div><\/div><div class=\"flex_column av_one_full  flex_column_div av-zero-column-padding first  avia-builder-el-2  el_after_av_one_full  el_before_av_one_full  column-top-margin\" style='border-radius:0px; '><section class=\"av_textblock_section \"  itemscope=\"itemscope\" itemtype=\"https:\/\/schema.org\/BlogPosting\" itemprop=\"blogPost\" ><div class='avia_textblock  '   itemprop=\"text\" ><p style=\"text-align: center;\"><span style=\"font-size: 18pt;\"><b>Organizaciones y vecinos de Ays\u00e9n participan en consulta sobre sitios prioritarios apuntando a \u201cregresi\u00f3n ambiental\u201d<\/b><\/span><\/p>\n<div id=\"gtx-trans\" style=\"position: absolute; left: -50px; top: 4.31534px;\">\n<div class=\"gtx-trans-icon\"><\/div>\n<\/div>\n<\/div><\/section><\/div><div class=\"flex_column av_one_full  flex_column_div av-zero-column-padding first  avia-builder-el-4  el_after_av_one_full  el_before_av_hr  column-top-margin\" style='border-radius:0px; '><section class=\"av_textblock_section \"  itemscope=\"itemscope\" itemtype=\"https:\/\/schema.org\/BlogPosting\" itemprop=\"blogPost\" ><div class='avia_textblock  '   itemprop=\"text\" ><ul>\n<li style=\"font-weight: 400; text-align: justify;\">\u00a0<em>Se plante\u00f3 que tanto el recorte del sitio Estepa Jeinimeni-Lagunas de Bah\u00eda Jara como la exclusi\u00f3n del proceso de nueve pol\u00edgonos preexistentes, representa un retroceso respecto del estado actual, lo proh\u00edbe la legislaci\u00f3n vigente.<\/em><\/li>\n<li style=\"font-weight: 400; text-align: justify;\"><em>En la presentaci\u00f3n se abord\u00f3 cada uno de los sectores, relevando su aporte en t\u00e9rminos de su valor ecol\u00f3gico, de proteger la salud de los ecosistemas y las personas, adem\u00e1s de la provisi\u00f3n de agua y alimentos sanos.<\/em><\/li>\n<\/ul>\n<p style=\"font-weight: 400; text-align: justify;\">Mediante un documento de cerca de ochenta p\u00e1ginas, vecinos y organizaciones de la regi\u00f3n de Ays\u00e9n presentaron m\u00faltiples observaciones en el marco de Consulta Ciudadana sobre Sitios Prioritarios para la Conservaci\u00f3n de la Biodiversidad en la Macrozona Sur, que incluye a la regi\u00f3n. Aunque en Ays\u00e9n el Ministerio de Medio Ambiente ha impulsado el reconocimiento s\u00f3lo de Estepa Jeinimeni-Lagunas de Bah\u00eda Jara, los comentarios ciudadanos tambi\u00e9n apuntaron a la regresiva e ilegal exclusi\u00f3n de tres pol\u00edgonos incluidos en la Estrategia Nacional de Biodiversidad y cinco de la regional, lo cual viabiliza su desprotecci\u00f3n.<\/p>\n<p style=\"font-weight: 400; text-align: justify;\">Las observaciones se presentaron en formato digital y f\u00edsico, proceso en el cual participaron personas y organizaciones de diversos puntos de la regi\u00f3n. Esto, en el entendido de que, adem\u00e1s de reconocer el valor ecol\u00f3gico y cuidar la biodiversidad, los sitios prioritarios son necesarios para proteger la salud de los ecosistemas y las personas, al igual que la provisi\u00f3n de agua y alimentos sanos.<\/p>\n<p style=\"font-weight: 400; text-align: justify;\">En general, se plante\u00f3 que tanto el recorte del \u00e1rea de Estepa Jeinimeni-Lagunas de Bah\u00eda Jara como la exclusi\u00f3n del proceso de otros ocho pol\u00edgonos representan una regresi\u00f3n ambiental respecto del estado actual, lo que proh\u00edbe la legislaci\u00f3n vigente. En la consulta tampoco se transparentaron claramente los fundamentos de la decisi\u00f3n adoptada, vulnerando el Acuerdo de Escaz\u00fa que exige al Estado asegurar la participaci\u00f3n informada de las comunidades en materia ambiental.<\/p>\n<p style=\"font-weight: 400; text-align: justify;\">Asimismo se aludi\u00f3 a m\u00faltiples zonas aleda\u00f1as a parques o reservas nacionales, que por tanto son \u00e1reas de amortiguaci\u00f3n, y a otras que albergan humedales y turberas, junto con las que cobijan especies \u00fanicas como el huemul, huill\u00edn, delfines y ballenas, cact\u00e1ceas, cipr\u00e9s de Las Guaitecas, ma\u00f1\u00edos, muchas de ellas con problemas de conservaci\u00f3n.<\/p>\n<p style=\"font-weight: 400; text-align: justify;\">Los sitios prioritarios permiten la aplicaci\u00f3n de herramientas de conservaci\u00f3n compatibles con el desarrollo de actividades de bajo impacto y\u00a0\u00a0que tradicionalmente han realizado los pobladores y comunidades locales.<\/p>\n<p style=\"font-weight: 400; text-align: justify;\"><strong>Los sitios excluidos del proceso<\/strong><\/p>\n<p style=\"font-weight: 400; text-align: justify;\">Los pol\u00edgonos de la Estrategia Nacional de Biodiversidad excluidos son las islas oce\u00e1nicas\u00a0<strong>Guamblin\/Ipun<\/strong>\u00a0(ambiente marino con influencia oce\u00e1nica y biodiversidad exclusiva);\u00a0<strong>Bah\u00eda Anna Pink\/Estero Walker<\/strong>\u00a0(zona de reproducci\u00f3n y reclutamiento de peces) y\u00a0<strong>Sector Hudson<\/strong>\u00a0(alto grado de actividad forestal, corredor biol\u00f3gico, especies raras y vulnerables).<\/p>\n<p style=\"font-weight: 400; text-align: justify;\">Entre los regionales est\u00e1n\u00a0<strong>R\u00edo Baker<\/strong>\u00a0(corredor biol\u00f3gico, uso tur\u00edstico);\u00a0<strong>Desembocadura Lago O\u2019Higgins\/R\u00edo Pascua<\/strong>(poco intervenido, corredor de biodiversidad; con presencia de huemules y otras especies; sector de recuperaci\u00f3n forestal tras los incendios; con saltos de agua);\u00a0<strong>Sector Ventisquero Chico\u2013Campo de Hielo Sur<\/strong>\u00a0(\u00e1rea periglaciar, proceso de colonizaci\u00f3n, uso tur\u00edstico futuro, zona glaciar representante de campos de hielo);\u00a0<strong>Deltas Lago General Carrera<\/strong>\u00a0(reproducci\u00f3n aves acu\u00e1ticas, bosque array\u00e1n);\u00a0<strong>Mall\u00edn Grande\u2013Furioso<\/strong>\u00a0(bosque primario de lenga; corredor de biodiversidad aleda\u00f1o al Parque Nacional Patagonia).<\/p>\n<p style=\"font-weight: 400; text-align: justify;\">Respecto del sector \u201c<strong>Archipi\u00e9lago oeste Canal Messier<\/strong>\u201d no se realizaron observaciones, dado que, en la actualidad, dicha zona se encuentra \u00edntegramente al interior de la Reserva Nacional Katalalixar; no justific\u00e1ndose su mantenci\u00f3n en las categor\u00edas en discusi\u00f3n.<\/p>\n<p style=\"font-weight: 400; text-align: justify;\">Tras la presentaci\u00f3n en las oficinas de la seremi de Medio Ambiente en Coyhaique, Deisy Avenda\u00f1o, coordinadora de la Red de Protecci\u00f3n y Defensa del Territorio Patagonia, explic\u00f3 que \u201c<em>hoy cumplimos un hito s\u00faper importante en las organizaciones socioambientales que hemos estado trabajando las observaciones, dada la urgencia y la prioridad que deber\u00eda tener la protecci\u00f3n de la biodiversidad<\/em>\u201d.<\/p>\n<p style=\"font-weight: 400; text-align: justify;\">Explic\u00f3 que fue dif\u00edcil la tarea, considerando que el Sistema de Informaci\u00f3n y Monitoreo de Biodiversidad (plataforma oficial de los sitios prioritarios) \u201c<em>no presenta claridad en los datos que entrega, hay muchos antecedentes faltantes<\/em>\u201d. Por ello, calific\u00f3 de positivo\u00a0\u00a0\u201c<em>haber logrado entregar las observaciones en el plazo, revisando bien los contenidos y los territorios de Ays\u00e9n<\/em>\u201d, aunque consider\u00f3 que m\u00e1s que la ciudadan\u00eda \u201c<em>deber\u00eda el Estado proteger los ecosistemas de la regi\u00f3n, que son s\u00faper fr\u00e1giles<\/em>\u201d.<\/p>\n<p style=\"font-weight: 400; text-align: justify;\">Por su parte, el presidente de la Agrupaci\u00f3n Ais\u00e9n Reserva de Vida, Peter Hartmann, indic\u00f3 que \u00e9ste fue \u201c<em>un\u00a0\u00a0gran trabajo de la Red de Protecci\u00f3n y Defensa del Territorio<\/em>\u201d, que involucr\u00f3 una labor de \u201c<em>semanas<\/em>\u201d. En\u00a0\u00a0particular, se refiri\u00f3 a los pol\u00edgonos no considerados, que fueron excluidos por, supuestamente, tener otras figuras de protecci\u00f3n, como Quitralco (que actualmente es Santuario de la Naturaleza), sin embargo \u201c<em>borraron de un plumazo un sitio que era bien importante, marino, que inclu\u00eda, adem\u00e1s de Quitralco, la isla Kent, las carreras del Chivato y Lobera, y parte sur de la isla Traigu\u00e9n, todos con bastantes valores y de gran importancia, que desaparecieron sin m\u00e1s<\/em>\u201d.<\/p>\n<p style=\"font-weight: 400; text-align: justify;\">Se involucraron en este proceso, adem\u00e1s de las organizaciones mencionadas, la Corporaci\u00f3n Privada para el Desarrollo de Ays\u00e9n y la Fundaci\u00f3n Costera Patagonia, cuya representante Carolina Loyola tambi\u00e9n particip\u00f3 en el ingreso presencial de las observaciones.<\/p>\n<\/div><\/section><\/div><div  style='height:50px' class='hr hr-invisible   avia-builder-el-6  el_after_av_one_full  el_before_av_social_share '><span class='hr-inner ' ><span class='hr-inner-style'><\/span><\/span><\/div><\/p>\n<div  class='av-social-sharing-box  avia-builder-el-7  el_after_av_hr  el_before_av_hr  '><div class='av-share-box'><h5 class='av-share-link-description av-no-toc '>Compartir esta noticia<\/h5><ul class='av-share-box-list noLightbox'><li class='av-share-link av-social-link-facebook' ><a target=\"_blank\" aria-label=\"Compartir en Facebook\" href='https:\/\/www.facebook.com\/sharer.php?u=https:\/\/radiorevelacionfm.cl\/?p=62201&#038;t=Organizaciones%20y%20vecinos%20de%20Ays%C3%A9n%20participan%20en%20consulta%20sobre%20sitios%20prioritarios%20apuntando%20a%20%E2%80%9Cregresi%C3%B3n%20ambiental%E2%80%9D' aria-hidden='false' data-av_icon='\ue8f3' data-av_iconfont='entypo-fontello' title='' data-avia-related-tooltip='Compartir en Facebook' rel=\"noopener\"><span class='avia_hidden_link_text'>Compartir en Facebook<\/span><\/a><\/li><li class='av-share-link av-social-link-twitter' ><a target=\"_blank\" aria-label=\"Compartir en Twitter\" href='https:\/\/twitter.com\/share?text=Organizaciones%20y%20vecinos%20de%20Ays%C3%A9n%20participan%20en%20consulta%20sobre%20sitios%20prioritarios%20apuntando%20a%20%E2%80%9Cregresi%C3%B3n%20ambiental%E2%80%9D&#038;url=https:\/\/radiorevelacionfm.cl\/?p=62201' aria-hidden='false' data-av_icon='\ue8f1' data-av_iconfont='entypo-fontello' title='' data-avia-related-tooltip='Compartir en Twitter' rel=\"noopener\"><span class='avia_hidden_link_text'>Compartir en Twitter<\/span><\/a><\/li><li class='av-share-link av-social-link-whatsapp' ><a target=\"_blank\" aria-label=\"Compartir en Whatsapp\" href='https:\/\/api.whatsapp.com\/send?text=https:\/\/radiorevelacionfm.cl\/?p=62201' aria-hidden='false' data-av_icon='\uf232' data-av_iconfont='entypo-fontello' title='' data-avia-related-tooltip='Compartir en Whatsapp' rel=\"noopener\"><span class='avia_hidden_link_text'>Compartir en Whatsapp<\/span><\/a><\/li><li class='av-share-link av-social-link-linkedin' ><a target=\"_blank\" aria-label=\"Compartir en LinkedIn\" href='https:\/\/linkedin.com\/shareArticle?mini=true&#038;title=Organizaciones%20y%20vecinos%20de%20Ays%C3%A9n%20participan%20en%20consulta%20sobre%20sitios%20prioritarios%20apuntando%20a%20%E2%80%9Cregresi%C3%B3n%20ambiental%E2%80%9D&#038;url=https:\/\/radiorevelacionfm.cl\/?p=62201' aria-hidden='false' data-av_icon='\ue8fc' data-av_iconfont='entypo-fontello' title='' data-avia-related-tooltip='Compartir en LinkedIn' rel=\"noopener\"><span class='avia_hidden_link_text'>Compartir en LinkedIn<\/span><\/a><\/li><li class='av-share-link av-social-link-mail' ><a  aria-label=\"Compartir por correo\" href='mailto:?subject=Organizaciones%20y%20vecinos%20de%20Ays%C3%A9n%20participan%20en%20consulta%20sobre%20sitios%20prioritarios%20apuntando%20a%20%E2%80%9Cregresi%C3%B3n%20ambiental%E2%80%9D&#038;body=https:\/\/radiorevelacionfm.cl\/?p=62201' aria-hidden='false' data-av_icon='\ue805' data-av_iconfont='entypo-fontello' title='' data-avia-related-tooltip='Compartir por correo'><span class='avia_hidden_link_text'>Compartir por correo<\/span><\/a><\/li><\/ul><\/div><\/div>\n<div  style='height:50px' class='hr hr-invisible   avia-builder-el-8  el_after_av_social_share  el_before_av_comments_list '><span class='hr-inner ' ><span class='hr-inner-style'><\/span><\/span><\/div>\n<div  class='av-buildercomment  av-blog-meta-html-info-disabled av-blog-meta-tag-disabled  '><\/div>\n","protected":false},"excerpt":{"rendered":"","protected":false},"author":1,"featured_media":62203,"comment_status":"closed","ping_status":"closed","sticky":false,"template":"","format":"standard","meta":{"footnotes":""},"categories":[38],"tags":[],"class_list":["post-62201","post","type-post","status-publish","format-standard","has-post-thumbnail","hentry","category-regional"],"jetpack_featured_media_url":"https:\/\/radiorevelacionfm.cl\/wp-content\/uploads\/2025\/12\/Entrega-sitios-prioritarios-1-1-1.jpg","_links":{"self":[{"href":"https:\/\/radiorevelacionfm.cl\/index.php?rest_route=\/wp\/v2\/posts\/62201","targetHints":{"allow":["GET"]}}],"collection":[{"href":"https:\/\/radiorevelacionfm.cl\/index.php?rest_route=\/wp\/v2\/posts"}],"about":[{"href":"https:\/\/radiorevelacionfm.cl\/index.php?rest_route=\/wp\/v2\/types\/post"}],"author":[{"embeddable":true,"href":"https:\/\/radiorevelacionfm.cl\/index.php?rest_route=\/wp\/v2\/users\/1"}],"replies":[{"embeddable":true,"href":"https:\/\/radiorevelacionfm.cl\/index.php?rest_route=%2Fwp%2Fv2%2Fcomments&post=62201"}],"version-history":[{"count":2,"href":"https:\/\/radiorevelacionfm.cl\/index.php?rest_route=\/wp\/v2\/posts\/62201\/revisions"}],"predecessor-version":[{"id":62205,"href":"https:\/\/radiorevelacionfm.cl\/index.php?rest_route=\/wp\/v2\/posts\/62201\/revisions\/62205"}],"wp:featuredmedia":[{"embeddable":true,"href":"https:\/\/radiorevelacionfm.cl\/index.php?rest_route=\/wp\/v2\/media\/62203"}],"wp:attachment":[{"href":"https:\/\/radiorevelacionfm.cl\/index.php?rest_route=%2Fwp%2Fv2%2Fmedia&parent=62201"}],"wp:term":[{"taxonomy":"category","embeddable":true,"href":"https:\/\/radiorevelacionfm.cl\/index.php?rest_route=%2Fwp%2Fv2%2Fcategories&post=62201"},{"taxonomy":"post_tag","embeddable":true,"href":"https:\/\/radiorevelacionfm.cl\/index.php?rest_route=%2Fwp%2Fv2%2Ftags&post=62201"}],"curies":[{"name":"wp","href":"https:\/\/api.w.org\/{rel}","templated":true}]}}