{"id":62194,"date":"2025-12-05T14:41:06","date_gmt":"2025-12-05T17:41:06","guid":{"rendered":"https:\/\/radiorevelacionfm.cl\/?p=62194"},"modified":"2025-12-05T14:41:06","modified_gmt":"2025-12-05T17:41:06","slug":"fiscalia-aysen-realizo-taller-sobre-corrupcion-y-probidad-dirigido-a-fiscales-y-funcionarios","status":"publish","type":"post","link":"https:\/\/radiorevelacionfm.cl\/?p=62194","title":{"rendered":"Fiscal\u00eda Ays\u00e9n realiz\u00f3 Taller sobre Corrupci\u00f3n y Probidad dirigido a fiscales y funcionarios"},"content":{"rendered":"<div class=\"flex_column av_one_full  flex_column_div av-zero-column-padding first  avia-builder-el-0  el_before_av_one_full  avia-builder-el-first  \" style='border-radius:0px; '><div  class='avia-image-container  av-styling-    avia-builder-el-1  avia-builder-el-no-sibling  avia-align-center '  itemprop=\"image\" itemscope=\"itemscope\" itemtype=\"https:\/\/schema.org\/ImageObject\"  ><div class='avia-image-container-inner'><div class='avia-image-overlay-wrap'><img decoding=\"async\" class='wp-image-62195 avia-img-lazy-loading-not-62195 avia_image' src=\"https:\/\/radiorevelacionfm.cl\/wp-content\/uploads\/2025\/12\/1-2025-12-04t203226_optimized.310.jpg\" alt='' title='1---2025-12-04t203226_optimized.310' height=\"600\" width=\"900\"  itemprop=\"thumbnailUrl\" srcset=\"https:\/\/radiorevelacionfm.cl\/wp-content\/uploads\/2025\/12\/1-2025-12-04t203226_optimized.310.jpg 900w, https:\/\/radiorevelacionfm.cl\/wp-content\/uploads\/2025\/12\/1-2025-12-04t203226_optimized.310-300x200.jpg 300w, https:\/\/radiorevelacionfm.cl\/wp-content\/uploads\/2025\/12\/1-2025-12-04t203226_optimized.310-768x512.jpg 768w, https:\/\/radiorevelacionfm.cl\/wp-content\/uploads\/2025\/12\/1-2025-12-04t203226_optimized.310-705x470.jpg 705w, https:\/\/radiorevelacionfm.cl\/wp-content\/uploads\/2025\/12\/1-2025-12-04t203226_optimized.310-450x300.jpg 450w, https:\/\/radiorevelacionfm.cl\/wp-content\/uploads\/2025\/12\/1-2025-12-04t203226_optimized.310-600x400.jpg 600w\" sizes=\"(max-width: 900px) 100vw, 900px\" \/><\/div><\/div><\/div><\/div><div class=\"flex_column av_one_full  flex_column_div av-zero-column-padding first  avia-builder-el-2  el_after_av_one_full  el_before_av_one_full  column-top-margin\" style='border-radius:0px; '><section class=\"av_textblock_section \"  itemscope=\"itemscope\" itemtype=\"https:\/\/schema.org\/BlogPosting\" itemprop=\"blogPost\" ><div class='avia_textblock  '   itemprop=\"text\" ><p style=\"text-align: center;\"><strong><span style=\"font-size: 18pt;\">Fiscal\u00eda Ays\u00e9n realiz\u00f3 Taller sobre Corrupci\u00f3n y Probidad dirigido a fiscales y funcionarios<\/span><\/strong><\/p>\n<div id=\"gtx-trans\" style=\"position: absolute; left: -50px; top: 4.31534px;\">\n<div class=\"gtx-trans-icon\"><\/div>\n<\/div>\n<\/div><\/section><\/div><div class=\"flex_column av_one_full  flex_column_div av-zero-column-padding first  avia-builder-el-4  el_after_av_one_full  el_before_av_hr  column-top-margin\" style='border-radius:0px; '><section class=\"av_textblock_section \"  itemscope=\"itemscope\" itemtype=\"https:\/\/schema.org\/BlogPosting\" itemprop=\"blogPost\" ><div class='avia_textblock  '   itemprop=\"text\" ><p style=\"font-weight: 400; text-align: justify;\">La Fiscal\u00eda Regional de Ays\u00e9n efectu\u00f3 esta semana un Taller sobre Corrupci\u00f3n y Probidad para fiscales y funcionarios, instancia destinada a fortalecer los est\u00e1ndares de integridad institucional y buenas pr\u00e1cticas al interior del Ministerio P\u00fablico. La actividad se realiz\u00f3 en el Auditorio de la Fiscal\u00eda Regional en Coyhaique.<\/p>\n<p style=\"font-weight: 400; text-align: justify;\">El taller reuni\u00f3 de manera presencial a equipos de Coyhaique y Puerto Ays\u00e9n, mientras que funcionarios y fiscales de las Fiscal\u00edas Locales de Cisnes, Chile Chico y Cochrane participaron en formato online, permitiendo una cobertura regional amplia y colaborativa.<\/p>\n<p style=\"font-weight: 400; text-align: justify;\">La jornada cont\u00f3 con las exposiciones del Fiscal Regional, Hern\u00e1n Libedinsky, quien abord\u00f3 diversos aspecto de la probidad interna dentro del Ministerio P\u00fablico y la conducta funcionaria, en tanto que la Gerenta de la Divisi\u00f3n de Contralor\u00eda Interna de la Fiscal\u00eda Nacional, Evelyn Valencia Soto junto a profesionales de la misma Unidad, expusieron sobre los principales hallazgos nacionales en materia de auditor\u00eda interna.<\/p>\n<p style=\"font-weight: 400; text-align: justify;\">Las autoridades destacaron que la probidad constituye uno de los pilares esenciales del quehacer institucional, subrayando que la integridad no solo se proyecta hacia la comunidad a trav\u00e9s de la persecuci\u00f3n penal, sino tambi\u00e9n en cada proceso interno y decisi\u00f3n administrativa.<\/p>\n<p style=\"font-weight: 400; text-align: justify;\">El Fiscal Regional, Hern\u00e1n Libedinsky, agradeci\u00f3 la participaci\u00f3n de las y los funcionarios de toda la regi\u00f3n y enfatiz\u00f3 la relevancia de contar con espacios de reflexi\u00f3n y actualizaci\u00f3n en materias de transparencia y prevenci\u00f3n de riesgos. Asimismo, destac\u00f3 el rol de la Divisi\u00f3n de Contralor\u00eda Interna, encabezada por Evelyn Valencia Soto, por el permanente trabajo t\u00e9cnico que realizan para fortalecer los mecanismos de control y asegurar altos est\u00e1ndares \u00e9ticos dentro de la instituci\u00f3n.<\/p>\n<p style=\"font-weight: 400; text-align: justify;\">El Fiscal Libedinsky reafirm\u00f3 su compromiso con la probidad, se\u00f1alando que se trata de un valor que se construye colectivamente y que resulta indispensable para mantener la confianza de la comunidad en la labor que desarrolla el Ministerio P\u00fablico.<\/p>\n<\/div><\/section><\/div><div  style='height:50px' class='hr hr-invisible   avia-builder-el-6  el_after_av_one_full  el_before_av_social_share '><span class='hr-inner ' ><span class='hr-inner-style'><\/span><\/span><\/div><\/p>\n<div  class='av-social-sharing-box  avia-builder-el-7  el_after_av_hr  el_before_av_hr  '><div class='av-share-box'><h5 class='av-share-link-description av-no-toc '>Compartir esta noticia<\/h5><ul class='av-share-box-list noLightbox'><li class='av-share-link av-social-link-facebook' ><a target=\"_blank\" aria-label=\"Compartir en Facebook\" href='https:\/\/www.facebook.com\/sharer.php?u=https:\/\/radiorevelacionfm.cl\/?p=62194&#038;t=Fiscal%C3%ADa%20Ays%C3%A9n%20realiz%C3%B3%20Taller%20sobre%20Corrupci%C3%B3n%20y%20Probidad%20dirigido%20a%20fiscales%20y%20funcionarios' aria-hidden='false' data-av_icon='\ue8f3' data-av_iconfont='entypo-fontello' title='' data-avia-related-tooltip='Compartir en Facebook' rel=\"noopener\"><span class='avia_hidden_link_text'>Compartir en Facebook<\/span><\/a><\/li><li class='av-share-link av-social-link-twitter' ><a target=\"_blank\" aria-label=\"Compartir en Twitter\" href='https:\/\/twitter.com\/share?text=Fiscal%C3%ADa%20Ays%C3%A9n%20realiz%C3%B3%20Taller%20sobre%20Corrupci%C3%B3n%20y%20Probidad%20dirigido%20a%20fiscales%20y%20funcionarios&#038;url=https:\/\/radiorevelacionfm.cl\/?p=62194' aria-hidden='false' data-av_icon='\ue8f1' data-av_iconfont='entypo-fontello' title='' data-avia-related-tooltip='Compartir en Twitter' rel=\"noopener\"><span class='avia_hidden_link_text'>Compartir en Twitter<\/span><\/a><\/li><li class='av-share-link av-social-link-whatsapp' ><a target=\"_blank\" aria-label=\"Compartir en Whatsapp\" href='https:\/\/api.whatsapp.com\/send?text=https:\/\/radiorevelacionfm.cl\/?p=62194' aria-hidden='false' data-av_icon='\uf232' data-av_iconfont='entypo-fontello' title='' data-avia-related-tooltip='Compartir en Whatsapp' rel=\"noopener\"><span class='avia_hidden_link_text'>Compartir en Whatsapp<\/span><\/a><\/li><li class='av-share-link av-social-link-linkedin' ><a target=\"_blank\" aria-label=\"Compartir en LinkedIn\" href='https:\/\/linkedin.com\/shareArticle?mini=true&#038;title=Fiscal%C3%ADa%20Ays%C3%A9n%20realiz%C3%B3%20Taller%20sobre%20Corrupci%C3%B3n%20y%20Probidad%20dirigido%20a%20fiscales%20y%20funcionarios&#038;url=https:\/\/radiorevelacionfm.cl\/?p=62194' aria-hidden='false' data-av_icon='\ue8fc' data-av_iconfont='entypo-fontello' title='' data-avia-related-tooltip='Compartir en LinkedIn' rel=\"noopener\"><span class='avia_hidden_link_text'>Compartir en LinkedIn<\/span><\/a><\/li><li class='av-share-link av-social-link-mail' ><a  aria-label=\"Compartir por correo\" href='mailto:?subject=Fiscal%C3%ADa%20Ays%C3%A9n%20realiz%C3%B3%20Taller%20sobre%20Corrupci%C3%B3n%20y%20Probidad%20dirigido%20a%20fiscales%20y%20funcionarios&#038;body=https:\/\/radiorevelacionfm.cl\/?p=62194' aria-hidden='false' data-av_icon='\ue805' data-av_iconfont='entypo-fontello' title='' data-avia-related-tooltip='Compartir por correo'><span class='avia_hidden_link_text'>Compartir por correo<\/span><\/a><\/li><\/ul><\/div><\/div>\n<div  style='height:50px' class='hr hr-invisible   avia-builder-el-8  el_after_av_social_share  el_before_av_comments_list '><span class='hr-inner ' ><span class='hr-inner-style'><\/span><\/span><\/div>\n<div  class='av-buildercomment  av-blog-meta-html-info-disabled av-blog-meta-tag-disabled  '><\/div>\n","protected":false},"excerpt":{"rendered":"","protected":false},"author":1,"featured_media":62195,"comment_status":"closed","ping_status":"closed","sticky":false,"template":"","format":"standard","meta":{"footnotes":""},"categories":[55],"tags":[],"class_list":["post-62194","post","type-post","status-publish","format-standard","has-post-thumbnail","hentry","category-justicia"],"jetpack_featured_media_url":"https:\/\/radiorevelacionfm.cl\/wp-content\/uploads\/2025\/12\/1-2025-12-04t203226_optimized.310.jpg","_links":{"self":[{"href":"https:\/\/radiorevelacionfm.cl\/index.php?rest_route=\/wp\/v2\/posts\/62194","targetHints":{"allow":["GET"]}}],"collection":[{"href":"https:\/\/radiorevelacionfm.cl\/index.php?rest_route=\/wp\/v2\/posts"}],"about":[{"href":"https:\/\/radiorevelacionfm.cl\/index.php?rest_route=\/wp\/v2\/types\/post"}],"author":[{"embeddable":true,"href":"https:\/\/radiorevelacionfm.cl\/index.php?rest_route=\/wp\/v2\/users\/1"}],"replies":[{"embeddable":true,"href":"https:\/\/radiorevelacionfm.cl\/index.php?rest_route=%2Fwp%2Fv2%2Fcomments&post=62194"}],"version-history":[{"count":2,"href":"https:\/\/radiorevelacionfm.cl\/index.php?rest_route=\/wp\/v2\/posts\/62194\/revisions"}],"predecessor-version":[{"id":62218,"href":"https:\/\/radiorevelacionfm.cl\/index.php?rest_route=\/wp\/v2\/posts\/62194\/revisions\/62218"}],"wp:featuredmedia":[{"embeddable":true,"href":"https:\/\/radiorevelacionfm.cl\/index.php?rest_route=\/wp\/v2\/media\/62195"}],"wp:attachment":[{"href":"https:\/\/radiorevelacionfm.cl\/index.php?rest_route=%2Fwp%2Fv2%2Fmedia&parent=62194"}],"wp:term":[{"taxonomy":"category","embeddable":true,"href":"https:\/\/radiorevelacionfm.cl\/index.php?rest_route=%2Fwp%2Fv2%2Fcategories&post=62194"},{"taxonomy":"post_tag","embeddable":true,"href":"https:\/\/radiorevelacionfm.cl\/index.php?rest_route=%2Fwp%2Fv2%2Ftags&post=62194"}],"curies":[{"name":"wp","href":"https:\/\/api.w.org\/{rel}","templated":true}]}}