{"id":62183,"date":"2025-12-05T10:17:34","date_gmt":"2025-12-05T13:17:34","guid":{"rendered":"https:\/\/radiorevelacionfm.cl\/?p=62183"},"modified":"2025-12-05T10:17:34","modified_gmt":"2025-12-05T13:17:34","slug":"viraliza-40-de-corfo-demuestra-que-emprender-no-tiene-edad-innovacion-y-comunidad-fortalecen-el-ecosistema-en-coyhaique","status":"publish","type":"post","link":"https:\/\/radiorevelacionfm.cl\/?p=62183","title":{"rendered":"Viraliza 40+ de Corfo demuestra que emprender no tiene edad: innovaci\u00f3n y comunidad fortalecen el ecosistema en Coyhaique"},"content":{"rendered":"<div class=\"flex_column av_one_full  flex_column_div av-zero-column-padding first  avia-builder-el-0  el_before_av_one_full  avia-builder-el-first  \" style='border-radius:0px; '><div  class='avia-image-container  av-styling-    avia-builder-el-1  avia-builder-el-no-sibling  avia-align-center '  itemprop=\"image\" itemscope=\"itemscope\" itemtype=\"https:\/\/schema.org\/ImageObject\"  ><div class='avia-image-container-inner'><div class='avia-image-overlay-wrap'><img decoding=\"async\" class='wp-image-62184 avia-img-lazy-loading-not-62184 avia_image' src=\"https:\/\/radiorevelacionfm.cl\/wp-content\/uploads\/2025\/12\/01_cierreviralizamas40-1_optimized.jpg\" alt='' title='01_cierreviralizamas40-(1)_optimized' height=\"600\" width=\"1066\"  itemprop=\"thumbnailUrl\" srcset=\"https:\/\/radiorevelacionfm.cl\/wp-content\/uploads\/2025\/12\/01_cierreviralizamas40-1_optimized.jpg 1066w, https:\/\/radiorevelacionfm.cl\/wp-content\/uploads\/2025\/12\/01_cierreviralizamas40-1_optimized-300x169.jpg 300w, https:\/\/radiorevelacionfm.cl\/wp-content\/uploads\/2025\/12\/01_cierreviralizamas40-1_optimized-1030x580.jpg 1030w, https:\/\/radiorevelacionfm.cl\/wp-content\/uploads\/2025\/12\/01_cierreviralizamas40-1_optimized-768x432.jpg 768w, https:\/\/radiorevelacionfm.cl\/wp-content\/uploads\/2025\/12\/01_cierreviralizamas40-1_optimized-705x397.jpg 705w, https:\/\/radiorevelacionfm.cl\/wp-content\/uploads\/2025\/12\/01_cierreviralizamas40-1_optimized-450x253.jpg 450w, https:\/\/radiorevelacionfm.cl\/wp-content\/uploads\/2025\/12\/01_cierreviralizamas40-1_optimized-600x338.jpg 600w\" sizes=\"(max-width: 1066px) 100vw, 1066px\" \/><\/div><\/div><\/div><\/div><div class=\"flex_column av_one_full  flex_column_div av-zero-column-padding first  avia-builder-el-2  el_after_av_one_full  el_before_av_one_full  column-top-margin\" style='border-radius:0px; '><section class=\"av_textblock_section \"  itemscope=\"itemscope\" itemtype=\"https:\/\/schema.org\/BlogPosting\" itemprop=\"blogPost\" ><div class='avia_textblock  '   itemprop=\"text\" ><p style=\"text-align: center;\"><span style=\"font-size: 18pt;\"><b>Viraliza 40+ de Corfo demuestra que emprender no tiene edad: innovaci\u00f3n y comunidad fortalecen el ecosistema en Coyhaique<\/b><\/span><\/p>\n<div id=\"gtx-trans\" style=\"position: absolute; left: -50px; top: 4.31534px;\">\n<div class=\"gtx-trans-icon\"><\/div>\n<\/div>\n<\/div><\/section><\/div><div class=\"flex_column av_one_full  flex_column_div av-zero-column-padding first  avia-builder-el-4  el_after_av_one_full  el_before_av_hr  column-top-margin\" style='border-radius:0px; '><section class=\"av_textblock_section \"  itemscope=\"itemscope\" itemtype=\"https:\/\/schema.org\/BlogPosting\" itemprop=\"blogPost\" ><div class='avia_textblock  '   itemprop=\"text\" ><p style=\"font-weight: 400; text-align: justify;\"><em>El programa financiado por Corfo Ays\u00e9n y ejecutado por Riosur Consultores combin\u00f3 formaci\u00f3n aplicada en inteligencia artificial, marketing y prototipado con el impulso de redes colaborativas entre emprendedores mayores de 40 a\u00f1os.<\/em><\/p>\n<p style=\"font-weight: 400; text-align: justify;\">Con la finalizaci\u00f3n del programa Viraliza 40+ \u201cDe la idea al mercado\u201d, Corfo Ays\u00e9n celebr\u00f3 un hito en el fortalecimiento del emprendimiento regional. La iniciativa, ejecutada por Riosur Consultores, estuvo dirigida a personas mayores de 40 a\u00f1os, entregando herramientas pr\u00e1cticas y acompa\u00f1amiento personalizado para transformar ideas en proyectos con proyecci\u00f3n de mercado.<\/p>\n<p style=\"font-weight: 400; text-align: justify;\">El programa incluy\u00f3 m\u00f3dulos de identidad de marca con apoyo de inteligencia artificial, marketing digital, prototipado, gesti\u00f3n financiera y plataformas de comercializaci\u00f3n. Bajo un enfoque te\u00f3rico-pr\u00e1ctico, los contenidos permitieron aplicar lo aprendido directamente en los negocios, generando resultados inmediatos y consolidando un espacio de colaboraci\u00f3n \u00fanico en Coyhaique.<\/p>\n<p style=\"font-weight: 400; text-align: justify;\">El director de Corfo Ays\u00e9n, Humberto Mar\u00edn Leiva, destac\u00f3 que la iniciativa refuerza el compromiso institucional con un ecosistema emprendedor inclusivo y sostenible. \u201cEl Programa Viraliza 40+ no solo entreg\u00f3 formaci\u00f3n y apoyo, sino que tambi\u00e9n puso \u00e9nfasis en la creaci\u00f3n de prototipos tangibles, asegurando que las ideas avanzaran hacia soluciones concretas y con alto potencial de impacto\u201d.<\/p>\n<p style=\"font-weight: 400; text-align: justify;\"><strong>TESTIMONIOS QUE INSPIRAN<\/strong><\/p>\n<p style=\"font-weight: 400; text-align: justify;\">Para Luisa Ulloa, participante del programa, la experiencia marc\u00f3 un antes y un despu\u00e9s en su camino emprendedor. \u201cFue tremendamente enriquecedora. Los m\u00f3dulos sobre identidad de marca con IA, marketing digital y comercializaci\u00f3n entregaron herramientas concretas para potenciar nuestros proyectos y abrir nuevas oportunidades\u201d, se\u00f1al\u00f3.<\/p>\n<p style=\"font-weight: 400; text-align: justify;\">Ulloa tambi\u00e9n valor\u00f3 el enfoque inclusivo del programa. \u201cEs un gran aporte para fomentar la cultura emprendedora en personas mayores de 40 a\u00f1os, demostrando que siempre es buen momento para aprender, reinventarse y llevar una idea al mercado\u201d.<\/p>\n<p style=\"font-weight: 400; text-align: justify;\">Desde Productos Panguilemu, Elizabeth Barckla destac\u00f3 la pertinencia de los contenidos y la calidad del cuerpo docente. \u201cParticipar en Viraliza +40 fue una experiencia enriquecedora. Agradezco la oportunidad de aprender de grandes profesores, en un programa que abord\u00f3 temas diversos, pr\u00e1cticos y \u00fatiles para nuestro camino emprendedor\u201d, coment\u00f3.<\/p>\n<p style=\"font-weight: 400; text-align: justify;\">Barckla tambi\u00e9n subray\u00f3 el valor del aprendizaje colectivo. \u201cCompartir con otras personas que est\u00e1n en la misma ruta hizo que el aprendizaje fuera a\u00fan m\u00e1s significativo\u201d.<\/p>\n<p style=\"font-weight: 400; text-align: justify;\">Consuelo V\u00e1squez, m\u00e9dico veterinario y creadora del emprendimiento Wachen, explic\u00f3 que sus expectativas iniciales eran adquirir conocimientos t\u00e9cnicos sobre etapas de emprendimiento y postulaciones a fondos. Sin embargo, encontr\u00f3 mucho m\u00e1s: \u201cMe encontr\u00e9 con un grupo extraordinario de personas, con las que formamos una comunidad. Fue una experiencia grata y enriquecedora\u201d.<\/p>\n<p style=\"font-weight: 400; text-align: justify;\">Su emprendimiento, que ofrece astas de ciervo regionales como mordedores naturales para perros, ha ganado visibilidad gracias a los aprendizajes y alianzas generadas en el programa. \u201cMi experiencia fue fant\u00e1stica, desde lo t\u00e9cnico hasta lo humano. Agradezco haber participado activamente\u201d, agreg\u00f3.<\/p>\n<p style=\"font-weight: 400; text-align: justify;\"><strong>COMUNIDAD Y PROYECCI\u00d3N<\/strong><\/p>\n<p style=\"font-weight: 400; text-align: justify;\">El director del programa, Arturo del R\u00edo Correa, explic\u00f3 que la metodolog\u00eda combin\u00f3 teor\u00eda y pr\u00e1ctica con un enfoque integral. \u201cAprovechamos la experiencia de los emprendedores y les entregamos habilidades necesarias para acceder a nuevos mercados. Al mismo tiempo, fomentamos redes de apoyo que fortalecen el tejido empresarial regional\u201d, indic\u00f3.<\/p>\n<p style=\"font-weight: 400; text-align: justify;\">M\u00e1s all\u00e1 de los contenidos t\u00e9cnicos, el valor del programa se reflej\u00f3 en la comunidad que surgi\u00f3 entre los participantes. El intercambio de experiencias, los lazos construidos y las alianzas estrat\u00e9gicas generadas representan un activo intangible que fortalecer\u00e1 el ecosistema emprendedor de Coyhaique en los pr\u00f3ximos a\u00f1os.<\/p>\n<p style=\"font-weight: 400; text-align: justify;\">Con esta primera edici\u00f3n, Corfo Ays\u00e9n reafirma su compromiso de promover la innovaci\u00f3n y el emprendimiento en todas las etapas de la vida, impulsando un modelo de desarrollo productivo que reconoce la diversidad etaria como una oportunidad para crear valor.<\/p>\n<\/div><\/section><\/div><div  style='height:50px' class='hr hr-invisible   avia-builder-el-6  el_after_av_one_full  el_before_av_social_share '><span class='hr-inner ' ><span class='hr-inner-style'><\/span><\/span><\/div><\/p>\n<div  class='av-social-sharing-box  avia-builder-el-7  el_after_av_hr  el_before_av_hr  '><div class='av-share-box'><h5 class='av-share-link-description av-no-toc '>Compartir esta noticia<\/h5><ul class='av-share-box-list noLightbox'><li class='av-share-link av-social-link-facebook' ><a target=\"_blank\" aria-label=\"Compartir en Facebook\" href='https:\/\/www.facebook.com\/sharer.php?u=https:\/\/radiorevelacionfm.cl\/?p=62183&#038;t=Viraliza%2040%2B%20de%20Corfo%20demuestra%20que%20emprender%20no%20tiene%20edad%3A%20innovaci%C3%B3n%20y%20comunidad%20fortalecen%20el%20ecosistema%20en%20Coyhaique' aria-hidden='false' data-av_icon='\ue8f3' data-av_iconfont='entypo-fontello' title='' data-avia-related-tooltip='Compartir en Facebook' rel=\"noopener\"><span class='avia_hidden_link_text'>Compartir en Facebook<\/span><\/a><\/li><li class='av-share-link av-social-link-twitter' ><a target=\"_blank\" aria-label=\"Compartir en Twitter\" href='https:\/\/twitter.com\/share?text=Viraliza%2040%2B%20de%20Corfo%20demuestra%20que%20emprender%20no%20tiene%20edad%3A%20innovaci%C3%B3n%20y%20comunidad%20fortalecen%20el%20ecosistema%20en%20Coyhaique&#038;url=https:\/\/radiorevelacionfm.cl\/?p=62183' aria-hidden='false' data-av_icon='\ue8f1' data-av_iconfont='entypo-fontello' title='' data-avia-related-tooltip='Compartir en Twitter' rel=\"noopener\"><span class='avia_hidden_link_text'>Compartir en Twitter<\/span><\/a><\/li><li class='av-share-link av-social-link-whatsapp' ><a target=\"_blank\" aria-label=\"Compartir en Whatsapp\" href='https:\/\/api.whatsapp.com\/send?text=https:\/\/radiorevelacionfm.cl\/?p=62183' aria-hidden='false' data-av_icon='\uf232' data-av_iconfont='entypo-fontello' title='' data-avia-related-tooltip='Compartir en Whatsapp' rel=\"noopener\"><span class='avia_hidden_link_text'>Compartir en Whatsapp<\/span><\/a><\/li><li class='av-share-link av-social-link-linkedin' ><a target=\"_blank\" aria-label=\"Compartir en LinkedIn\" href='https:\/\/linkedin.com\/shareArticle?mini=true&#038;title=Viraliza%2040%2B%20de%20Corfo%20demuestra%20que%20emprender%20no%20tiene%20edad%3A%20innovaci%C3%B3n%20y%20comunidad%20fortalecen%20el%20ecosistema%20en%20Coyhaique&#038;url=https:\/\/radiorevelacionfm.cl\/?p=62183' aria-hidden='false' data-av_icon='\ue8fc' data-av_iconfont='entypo-fontello' title='' data-avia-related-tooltip='Compartir en LinkedIn' rel=\"noopener\"><span class='avia_hidden_link_text'>Compartir en LinkedIn<\/span><\/a><\/li><li class='av-share-link av-social-link-mail' ><a  aria-label=\"Compartir por correo\" href='mailto:?subject=Viraliza%2040%2B%20de%20Corfo%20demuestra%20que%20emprender%20no%20tiene%20edad%3A%20innovaci%C3%B3n%20y%20comunidad%20fortalecen%20el%20ecosistema%20en%20Coyhaique&#038;body=https:\/\/radiorevelacionfm.cl\/?p=62183' aria-hidden='false' data-av_icon='\ue805' data-av_iconfont='entypo-fontello' title='' data-avia-related-tooltip='Compartir por correo'><span class='avia_hidden_link_text'>Compartir por correo<\/span><\/a><\/li><\/ul><\/div><\/div>\n<div  style='height:50px' class='hr hr-invisible   avia-builder-el-8  el_after_av_social_share  el_before_av_comments_list '><span class='hr-inner ' ><span class='hr-inner-style'><\/span><\/span><\/div>\n<div  class='av-buildercomment  av-blog-meta-html-info-disabled av-blog-meta-tag-disabled  '><\/div>\n","protected":false},"excerpt":{"rendered":"","protected":false},"author":1,"featured_media":62184,"comment_status":"closed","ping_status":"closed","sticky":false,"template":"","format":"standard","meta":{"footnotes":""},"categories":[38],"tags":[],"class_list":["post-62183","post","type-post","status-publish","format-standard","has-post-thumbnail","hentry","category-regional"],"jetpack_featured_media_url":"https:\/\/radiorevelacionfm.cl\/wp-content\/uploads\/2025\/12\/01_cierreviralizamas40-1_optimized.jpg","_links":{"self":[{"href":"https:\/\/radiorevelacionfm.cl\/index.php?rest_route=\/wp\/v2\/posts\/62183","targetHints":{"allow":["GET"]}}],"collection":[{"href":"https:\/\/radiorevelacionfm.cl\/index.php?rest_route=\/wp\/v2\/posts"}],"about":[{"href":"https:\/\/radiorevelacionfm.cl\/index.php?rest_route=\/wp\/v2\/types\/post"}],"author":[{"embeddable":true,"href":"https:\/\/radiorevelacionfm.cl\/index.php?rest_route=\/wp\/v2\/users\/1"}],"replies":[{"embeddable":true,"href":"https:\/\/radiorevelacionfm.cl\/index.php?rest_route=%2Fwp%2Fv2%2Fcomments&post=62183"}],"version-history":[{"count":2,"href":"https:\/\/radiorevelacionfm.cl\/index.php?rest_route=\/wp\/v2\/posts\/62183\/revisions"}],"predecessor-version":[{"id":62198,"href":"https:\/\/radiorevelacionfm.cl\/index.php?rest_route=\/wp\/v2\/posts\/62183\/revisions\/62198"}],"wp:featuredmedia":[{"embeddable":true,"href":"https:\/\/radiorevelacionfm.cl\/index.php?rest_route=\/wp\/v2\/media\/62184"}],"wp:attachment":[{"href":"https:\/\/radiorevelacionfm.cl\/index.php?rest_route=%2Fwp%2Fv2%2Fmedia&parent=62183"}],"wp:term":[{"taxonomy":"category","embeddable":true,"href":"https:\/\/radiorevelacionfm.cl\/index.php?rest_route=%2Fwp%2Fv2%2Fcategories&post=62183"},{"taxonomy":"post_tag","embeddable":true,"href":"https:\/\/radiorevelacionfm.cl\/index.php?rest_route=%2Fwp%2Fv2%2Ftags&post=62183"}],"curies":[{"name":"wp","href":"https:\/\/api.w.org\/{rel}","templated":true}]}}