{"id":62180,"date":"2025-12-04T17:59:47","date_gmt":"2025-12-04T20:59:47","guid":{"rendered":"https:\/\/radiorevelacionfm.cl\/?p=62180"},"modified":"2025-12-04T17:59:47","modified_gmt":"2025-12-04T20:59:47","slug":"instalan-primera-piedra-de-pavimentacion-de-la-ruta-7-sur-y-suman-nuevos-17-km-que-mejoraran-la-calidad-de-vida-de-las-personas","status":"publish","type":"post","link":"https:\/\/radiorevelacionfm.cl\/?p=62180","title":{"rendered":"Instalan primera piedra de pavimentaci\u00f3n de la Ruta 7 Sur y suman nuevos 17 km que mejorar\u00e1n la calidad de vida de las personas"},"content":{"rendered":"<div class=\"flex_column av_one_full  flex_column_div av-zero-column-padding first  avia-builder-el-0  el_before_av_one_full  avia-builder-el-first  \" style='border-radius:0px; '><div  class='avia-image-container  av-styling-    avia-builder-el-1  avia-builder-el-no-sibling  avia-align-center '  itemprop=\"image\" itemscope=\"itemscope\" itemtype=\"https:\/\/schema.org\/ImageObject\"  ><div class='avia-image-container-inner'><div class='avia-image-overlay-wrap'><img decoding=\"async\" class='wp-image-62181 avia-img-lazy-loading-not-62181 avia_image' src=\"https:\/\/radiorevelacionfm.cl\/wp-content\/uploads\/2025\/12\/img_2501_optimized-1_optimized.jpg\" alt='' title='img_2501_optimized-(1)_optimized' height=\"600\" width=\"900\"  itemprop=\"thumbnailUrl\" srcset=\"https:\/\/radiorevelacionfm.cl\/wp-content\/uploads\/2025\/12\/img_2501_optimized-1_optimized.jpg 900w, https:\/\/radiorevelacionfm.cl\/wp-content\/uploads\/2025\/12\/img_2501_optimized-1_optimized-300x200.jpg 300w, https:\/\/radiorevelacionfm.cl\/wp-content\/uploads\/2025\/12\/img_2501_optimized-1_optimized-768x512.jpg 768w, https:\/\/radiorevelacionfm.cl\/wp-content\/uploads\/2025\/12\/img_2501_optimized-1_optimized-705x470.jpg 705w, https:\/\/radiorevelacionfm.cl\/wp-content\/uploads\/2025\/12\/img_2501_optimized-1_optimized-450x300.jpg 450w, https:\/\/radiorevelacionfm.cl\/wp-content\/uploads\/2025\/12\/img_2501_optimized-1_optimized-600x400.jpg 600w\" sizes=\"(max-width: 900px) 100vw, 900px\" \/><\/div><\/div><\/div><\/div><div class=\"flex_column av_one_full  flex_column_div av-zero-column-padding first  avia-builder-el-2  el_after_av_one_full  el_before_av_one_full  column-top-margin\" style='border-radius:0px; '><section class=\"av_textblock_section \"  itemscope=\"itemscope\" itemtype=\"https:\/\/schema.org\/BlogPosting\" itemprop=\"blogPost\" ><div class='avia_textblock  '   itemprop=\"text\" ><p style=\"text-align: center;\"><strong><span style=\"font-size: 18pt;\">Instalan primera piedra de pavimentaci\u00f3n de la Ruta 7 Sur y suman nuevos 17 km que mejorar\u00e1n la calidad de vida de las personas<\/span><\/strong><\/p>\n<div id=\"gtx-trans\" style=\"position: absolute; left: -50px; top: 4.31534px;\">\n<div class=\"gtx-trans-icon\"><\/div>\n<\/div>\n<\/div><\/section><\/div><div class=\"flex_column av_one_full  flex_column_div av-zero-column-padding first  avia-builder-el-4  el_after_av_one_full  el_before_av_hr  column-top-margin\" style='border-radius:0px; '><section class=\"av_textblock_section \"  itemscope=\"itemscope\" itemtype=\"https:\/\/schema.org\/BlogPosting\" itemprop=\"blogPost\" ><div class='avia_textblock  '   itemprop=\"text\" ><ul>\n<li style=\"text-align: justify;\"><em>Inversi\u00f3n de la Direcci\u00f3n de Vialidad del Ministerio de Obras P\u00fablicas en estas obras bordea los $40 mil millones, siendo parte de las inversiones que superan los 300 mil millones solo en la regi\u00f3n de Ays\u00e9n, y se suman a la meta de pavimentar 140 km entre las regiones de Ays\u00e9n y Los Lagos, demostrando claramente el compromiso del gobierno del presidente Gabriel Boric Font con las necesidades de los y las habitantes de las Regiones. <\/em><\/li>\n<\/ul>\n<p style=\"text-align: justify;\">Con la presencia del director nacional de Vialidad del Ministerio de Obras P\u00fablicas Horacio Pfeiffer, autoridades regionales, locales y comunidad, se dio inicio a la pavimentaci\u00f3n de la Ruta 7 Sur, en un tramo de 17 kil\u00f3metros desde el sector Laguna Verde\u00a0 hasta la Alcantarilla Cascada, ubicado a aproximadamente a 107 km al sur de la ciudad de Coyhaique, en la Comuna de Rio Ib\u00e1\u00f1ez.<\/p>\n<p style=\"text-align: justify;\">Los trabajos que bordean una inversi\u00f3n de la Direcci\u00f3n de Vialidad del Ministerio de Obras P\u00fablicas de 40 mil millones de pesos, son claves para materializar estas obras y mejorar las condiciones de conectividad de la regi\u00f3n y la circulaci\u00f3n segura de personas y carga, as\u00ed como tambi\u00e9n mantener la transitabilidad y conectividad regional, facilitando el flujo de bienes y servicios para favorecer el desarrollo regional.<\/p>\n<p style=\"text-align: justify;\">Las obras que contempla la construcci\u00f3n del nuevo puente El Manso, el que tendr\u00e1 una longitud de 55 m. y dotar\u00e1 a la Ruta 7 Sur, de una carretera con los mejores est\u00e1ndares para el tr\u00e1nsito y seguridad para los usuarios y usuarias de la v\u00eda, comunidades locales, pobladores de toda la regi\u00f3n y turistas, posibilitar\u00e1 la disminuci\u00f3n de los tiempos de viaje y los costos de operaci\u00f3n de los y las personas usuarias.<\/p>\n<p style=\"text-align: justify;\">As\u00ed lo confirm\u00f3 en la ceremonia el director nacional de Vialidad, Horacio Pfeiffer, \u00a0quien destac\u00f3 que \u201ceste ha sido un desaf\u00edo, el desaf\u00edo de avanzar en la Ruta 7, en aumentar los kil\u00f3metros de pavimentado. As\u00ed que hemos tenido que levantar recursos, hacer mucha gesti\u00f3n, invitar a empresas y hoy d\u00eda estamos aqu\u00ed frente a una gran obra. Son 17 kil\u00f3metros, un pavimento de hormig\u00f3n con 7 metros de ancho, m\u00e1s bermas, m\u00e1s un puente nuevo con toda la seguridad vial y con todas las se\u00f1ales necesarias para entregar esta nueva conectividad, este nuevo incremento de kil\u00f3metros es importante en la meta que nos hemos impuesto de aumentar en 140 kil\u00f3metros m\u00e1s la Ruta 7. Debo se\u00f1alar que, esto es parte de inversiones que superan los 300 mil millones solo en la regi\u00f3n\u201d.<\/p>\n<p style=\"text-align: justify;\">\u201cTenemos grandes desaf\u00edos que vienen; tenemos dos o tres proyectos m\u00e1s que se inician prontamente en la carretera austral. Debo agregar que estamos generando desarrollo vial con equipos propios y privados, en materia de pavimentos rurales en zonas un poco m\u00e1s al sur, donde estamos aplicando nuevas t\u00e9cnicas, reciclando los materiales existentes, agregando aditivos, en este caso cemento, lo cual nos va a permitir agregar kilometrajes en sectores m\u00e1s alejados y a una mayor velocidad de construcci\u00f3n\u201d, agreg\u00f3 Horacio Pfeiffer.<\/p>\n<p style=\"text-align: justify;\">La autoridad Nacional de Vialidad destac\u00f3 tambi\u00e9n la condici\u00f3n de Ruta Esc\u00e9nica de esta Ruta 7 y su importancia, indicando al respecto que \u201cla condici\u00f3n de Ruta Esc\u00e9nica que hace un a\u00f1o firmamos en la regi\u00f3n nos permitir\u00e1 contar con una ruta 7 con miradores, con se\u00f1alizaci\u00f3n especial, as\u00ed que estamos desafiados y a seguir mostr\u00e1ndole al mundo este patrimonio natural que tenemos y fomentar a\u00fan m\u00e1s el turismo a nivel internacional\u201d.<\/p>\n<p style=\"text-align: justify;\">Las autoridades junto con saludar tanto a vecinos, vecinas, equipos viales y de la empresa constructora, conocieron en detalle el contrato, oportunidad en la que el Delegado Presidencial Regional, Jorge D\u00edaz Guzm\u00e1n, expres\u00f3 su alegr\u00eda por la instalaci\u00f3n de la primera piedra de esta obra, la que al finalizar su ejecuci\u00f3n va a entregar a la comunidad una mejor conectividad.<\/p>\n<p style=\"text-align: justify;\">\u201cEste es un momento de alegr\u00eda, ver c\u00f3mo seguimos avanzando en la pavimentaci\u00f3n de la ruta 7. Otros 17 kil\u00f3metros ya son una realidad de aqu\u00ed, de Laguna Verde como tambi\u00e9n la construcci\u00f3n de un nuevo puente, el Puente El Manso, que va a tener una calzada mayor y por lo tanto, una mejor conectividad hacia el sur de nuestra regi\u00f3n.\u201d<\/p>\n<p style=\"text-align: justify;\">De esta forma, el delegado presidencial regional destac\u00f3 algunos adelantos que traer\u00e1 la nueva pavimentaci\u00f3n.<\/p>\n<p style=\"text-align: justify;\">\u201cOtorgar\u00e1 mayor rapidez, un mejor flujo, pero fundamentalmente un tremendo valor agregado al paisaje de esta parte de nuestra Patagonia. As\u00ed vamos uniendo a Cerro Castillo con Puerto Tranquilo; Puerto Tranquilo con Cochrane, a trav\u00e9s del otro contrato, Confluencia con Puente Chacabuco y c\u00f3mo estamos reactivando tambi\u00e9n los tramos que hab\u00edan quedado abandonados producto de la pandemia. Es decir, estamos cumpliendo el compromiso y mandato que nos dio el presidente de la Rep\u00fablica y por ello estamos muy contentos. Por los vecinos de Cerro Castillo, de Puerto Ib\u00e1\u00f1ez, por los empresarios tur\u00edsticos que transitan por este lugar y porque vamos avanzando hacia el desarrollo integral de la Regi\u00f3n de Ays\u00e9n\u201d, asegur\u00f3 la autoridad regional.<\/p>\n<p style=\"text-align: justify;\">Para la Secretaria Regional Ministerial de Obras P\u00fablicas, Paloma Jara, con el inicio de estas obras hoy se est\u00e1 dando un paso trascendental en materia de mejoramiento de las condiciones de vida de las personas.<\/p>\n<p style=\"text-align: justify;\">\u201cSe trata de un importante paso y da cuenta de c\u00f3mo avanzamos con la Ruta 7 y cumplimos los compromisos que hizo nuestro presidente de la Rep\u00fablica, Gabriel Boric, con la regi\u00f3n y con todos quienes habitamos la Carretera Austral. Queremos seguir avanzando en pavimento, queremos seguir d\u00e1ndole dignidad a las personas; es por eso que seguimos trabajando en nuevas obras, y esta, particularmente, que la veremos avanzar durante los pr\u00f3ximos a\u00f1os, mejorar\u00e1 la calidad de vida de todas y todos quienes habitamos en la regi\u00f3n de Ays\u00e9n\u201d.<\/p>\n<p style=\"text-align: justify;\">Por su parte, Margarita Martel, presidenta de la junta de vecinos de Villa Cerro Castillo junto con agradecer la invitaci\u00f3n a participar en esta instancia, destac\u00f3 la vocaci\u00f3n tur\u00edstica que tiene la regi\u00f3n y que estos trabajos traer\u00e1n empleo. \u201c<\/p>\n<p style=\"text-align: justify;\">Es un agrado estar aqu\u00ed; la verdad que era algo esperado, porque todo esto tambi\u00e9n contribuye a que haya trabajo para la gente, para la familia. Todo eso viene de la mano del turismo, porque si tenemos una carretera muy tur\u00edstica, entonces va a llegar mucha m\u00e1s gente a la regi\u00f3n. Entonces, todo eso es muy bueno para nuestro pueblo y alrededores, que esto venga a mejorar los caminos para nuestros vecinos tambi\u00e9n; todo viene de la mano. As\u00ed que, muy agradecida de esto\u201d.<\/p>\n<p style=\"text-align: justify;\">Por su parte, el Gobernador (S) de la Regi\u00f3n de Ays\u00e9n, N\u00e9stor Mera, se\u00f1al\u00f3: \u201cLa carretera no es solamente un camino, la carretera es desarrollo, la carretera es comercio, la carretera es turismo, es unidad, es trabajo, eso es lo que a nosotros nos motiva, eso es lo que nosotros vemos en la carretera, y por eso sabemos que estos diecisiete kil\u00f3metros que hoy d\u00eda se inician, sumado a los trece kil\u00f3metros que se hab\u00edan terminado hace algunos a\u00f1os atr\u00e1s, hacen un esfuerzo enorme por el desarrollo de la regi\u00f3n. Sabemos que hoy d\u00eda los costos son distintos, sabemos que hay procesos largos, pero no podemos detener por ning\u00fan momento el trabajo de la carrera austral. Para nosotros es un objetivo que es central y esencial en nuestro trabajo\u201d.<\/p>\n<\/div><\/section><\/div><div  style='height:50px' class='hr hr-invisible   avia-builder-el-6  el_after_av_one_full  el_before_av_social_share '><span class='hr-inner ' ><span class='hr-inner-style'><\/span><\/span><\/div><\/p>\n<div  class='av-social-sharing-box  avia-builder-el-7  el_after_av_hr  el_before_av_hr  '><div class='av-share-box'><h5 class='av-share-link-description av-no-toc '>Compartir esta noticia<\/h5><ul class='av-share-box-list noLightbox'><li class='av-share-link av-social-link-facebook' ><a target=\"_blank\" aria-label=\"Compartir en Facebook\" href='https:\/\/www.facebook.com\/sharer.php?u=https:\/\/radiorevelacionfm.cl\/?p=62180&#038;t=Instalan%20primera%20piedra%20de%20pavimentaci%C3%B3n%20de%20la%20Ruta%207%20Sur%20y%20suman%20nuevos%2017%20km%20que%20mejorar%C3%A1n%20la%20calidad%20de%20vida%20de%20las%20personas' aria-hidden='false' data-av_icon='\ue8f3' data-av_iconfont='entypo-fontello' title='' data-avia-related-tooltip='Compartir en Facebook' rel=\"noopener\"><span class='avia_hidden_link_text'>Compartir en Facebook<\/span><\/a><\/li><li class='av-share-link av-social-link-twitter' ><a target=\"_blank\" aria-label=\"Compartir en Twitter\" href='https:\/\/twitter.com\/share?text=Instalan%20primera%20piedra%20de%20pavimentaci%C3%B3n%20de%20la%20Ruta%207%20Sur%20y%20suman%20nuevos%2017%20km%20que%20mejorar%C3%A1n%20la%20calidad%20de%20vida%20de%20las%20personas&#038;url=https:\/\/radiorevelacionfm.cl\/?p=62180' aria-hidden='false' data-av_icon='\ue8f1' data-av_iconfont='entypo-fontello' title='' data-avia-related-tooltip='Compartir en Twitter' rel=\"noopener\"><span class='avia_hidden_link_text'>Compartir en Twitter<\/span><\/a><\/li><li class='av-share-link av-social-link-whatsapp' ><a target=\"_blank\" aria-label=\"Compartir en Whatsapp\" href='https:\/\/api.whatsapp.com\/send?text=https:\/\/radiorevelacionfm.cl\/?p=62180' aria-hidden='false' data-av_icon='\uf232' data-av_iconfont='entypo-fontello' title='' data-avia-related-tooltip='Compartir en Whatsapp' rel=\"noopener\"><span class='avia_hidden_link_text'>Compartir en Whatsapp<\/span><\/a><\/li><li class='av-share-link av-social-link-linkedin' ><a target=\"_blank\" aria-label=\"Compartir en LinkedIn\" href='https:\/\/linkedin.com\/shareArticle?mini=true&#038;title=Instalan%20primera%20piedra%20de%20pavimentaci%C3%B3n%20de%20la%20Ruta%207%20Sur%20y%20suman%20nuevos%2017%20km%20que%20mejorar%C3%A1n%20la%20calidad%20de%20vida%20de%20las%20personas&#038;url=https:\/\/radiorevelacionfm.cl\/?p=62180' aria-hidden='false' data-av_icon='\ue8fc' data-av_iconfont='entypo-fontello' title='' data-avia-related-tooltip='Compartir en LinkedIn' rel=\"noopener\"><span class='avia_hidden_link_text'>Compartir en LinkedIn<\/span><\/a><\/li><li class='av-share-link av-social-link-mail' ><a  aria-label=\"Compartir por correo\" href='mailto:?subject=Instalan%20primera%20piedra%20de%20pavimentaci%C3%B3n%20de%20la%20Ruta%207%20Sur%20y%20suman%20nuevos%2017%20km%20que%20mejorar%C3%A1n%20la%20calidad%20de%20vida%20de%20las%20personas&#038;body=https:\/\/radiorevelacionfm.cl\/?p=62180' aria-hidden='false' data-av_icon='\ue805' data-av_iconfont='entypo-fontello' title='' data-avia-related-tooltip='Compartir por correo'><span class='avia_hidden_link_text'>Compartir por correo<\/span><\/a><\/li><\/ul><\/div><\/div>\n<div  style='height:50px' class='hr hr-invisible   avia-builder-el-8  el_after_av_social_share  el_before_av_comments_list '><span class='hr-inner ' ><span class='hr-inner-style'><\/span><\/span><\/div>\n<div  class='av-buildercomment  av-blog-meta-html-info-disabled av-blog-meta-tag-disabled  '><\/div>\n","protected":false},"excerpt":{"rendered":"","protected":false},"author":1,"featured_media":62181,"comment_status":"closed","ping_status":"closed","sticky":false,"template":"","format":"standard","meta":{"footnotes":""},"categories":[38],"tags":[],"class_list":["post-62180","post","type-post","status-publish","format-standard","has-post-thumbnail","hentry","category-regional"],"jetpack_featured_media_url":"https:\/\/radiorevelacionfm.cl\/wp-content\/uploads\/2025\/12\/img_2501_optimized-1_optimized.jpg","_links":{"self":[{"href":"https:\/\/radiorevelacionfm.cl\/index.php?rest_route=\/wp\/v2\/posts\/62180","targetHints":{"allow":["GET"]}}],"collection":[{"href":"https:\/\/radiorevelacionfm.cl\/index.php?rest_route=\/wp\/v2\/posts"}],"about":[{"href":"https:\/\/radiorevelacionfm.cl\/index.php?rest_route=\/wp\/v2\/types\/post"}],"author":[{"embeddable":true,"href":"https:\/\/radiorevelacionfm.cl\/index.php?rest_route=\/wp\/v2\/users\/1"}],"replies":[{"embeddable":true,"href":"https:\/\/radiorevelacionfm.cl\/index.php?rest_route=%2Fwp%2Fv2%2Fcomments&post=62180"}],"version-history":[{"count":2,"href":"https:\/\/radiorevelacionfm.cl\/index.php?rest_route=\/wp\/v2\/posts\/62180\/revisions"}],"predecessor-version":[{"id":62186,"href":"https:\/\/radiorevelacionfm.cl\/index.php?rest_route=\/wp\/v2\/posts\/62180\/revisions\/62186"}],"wp:featuredmedia":[{"embeddable":true,"href":"https:\/\/radiorevelacionfm.cl\/index.php?rest_route=\/wp\/v2\/media\/62181"}],"wp:attachment":[{"href":"https:\/\/radiorevelacionfm.cl\/index.php?rest_route=%2Fwp%2Fv2%2Fmedia&parent=62180"}],"wp:term":[{"taxonomy":"category","embeddable":true,"href":"https:\/\/radiorevelacionfm.cl\/index.php?rest_route=%2Fwp%2Fv2%2Fcategories&post=62180"},{"taxonomy":"post_tag","embeddable":true,"href":"https:\/\/radiorevelacionfm.cl\/index.php?rest_route=%2Fwp%2Fv2%2Ftags&post=62180"}],"curies":[{"name":"wp","href":"https:\/\/api.w.org\/{rel}","templated":true}]}}