{"id":62175,"date":"2025-12-04T16:35:53","date_gmt":"2025-12-04T19:35:53","guid":{"rendered":"https:\/\/radiorevelacionfm.cl\/?p=62175"},"modified":"2025-12-04T16:35:53","modified_gmt":"2025-12-04T19:35:53","slug":"decretan-prision-preventiva-para-sujeto-que-conducia-vehiculo-sustraido-en-cochrane","status":"publish","type":"post","link":"https:\/\/radiorevelacionfm.cl\/?p=62175","title":{"rendered":"Decretan prisi\u00f3n preventiva para sujeto que conduc\u00eda veh\u00edculo sustra\u00eddo en Cochrane"},"content":{"rendered":"<div class=\"flex_column av_one_full  flex_column_div av-zero-column-padding first  avia-builder-el-0  el_before_av_one_full  avia-builder-el-first  \" style='border-radius:0px; '><div  class='avia-image-container  av-styling-    avia-builder-el-1  avia-builder-el-no-sibling  avia-align-center '  itemprop=\"image\" itemscope=\"itemscope\" itemtype=\"https:\/\/schema.org\/ImageObject\"  ><div class='avia-image-container-inner'><div class='avia-image-overlay-wrap'><img decoding=\"async\" class='wp-image-62176 avia-img-lazy-loading-not-62176 avia_image' src=\"https:\/\/radiorevelacionfm.cl\/wp-content\/uploads\/2025\/12\/g7pv7s_xcaedqyr-1_optimized-1.jpg\" alt='' title='g7pv7s_xcaedqyr-(1)_optimized (1)' height=\"600\" width=\"842\"  itemprop=\"thumbnailUrl\" srcset=\"https:\/\/radiorevelacionfm.cl\/wp-content\/uploads\/2025\/12\/g7pv7s_xcaedqyr-1_optimized-1.jpg 842w, https:\/\/radiorevelacionfm.cl\/wp-content\/uploads\/2025\/12\/g7pv7s_xcaedqyr-1_optimized-1-300x214.jpg 300w, https:\/\/radiorevelacionfm.cl\/wp-content\/uploads\/2025\/12\/g7pv7s_xcaedqyr-1_optimized-1-768x547.jpg 768w, https:\/\/radiorevelacionfm.cl\/wp-content\/uploads\/2025\/12\/g7pv7s_xcaedqyr-1_optimized-1-260x185.jpg 260w, https:\/\/radiorevelacionfm.cl\/wp-content\/uploads\/2025\/12\/g7pv7s_xcaedqyr-1_optimized-1-705x502.jpg 705w, https:\/\/radiorevelacionfm.cl\/wp-content\/uploads\/2025\/12\/g7pv7s_xcaedqyr-1_optimized-1-450x321.jpg 450w, https:\/\/radiorevelacionfm.cl\/wp-content\/uploads\/2025\/12\/g7pv7s_xcaedqyr-1_optimized-1-600x428.jpg 600w\" sizes=\"(max-width: 842px) 100vw, 842px\" \/><\/div><\/div><\/div><\/div><div class=\"flex_column av_one_full  flex_column_div av-zero-column-padding first  avia-builder-el-2  el_after_av_one_full  el_before_av_one_full  column-top-margin\" style='border-radius:0px; '><section class=\"av_textblock_section \"  itemscope=\"itemscope\" itemtype=\"https:\/\/schema.org\/BlogPosting\" itemprop=\"blogPost\" ><div class='avia_textblock  '   itemprop=\"text\" ><p style=\"text-align: center;\"><span style=\"font-size: 18pt;\"><b>Decretan prisi\u00f3n preventiva para sujeto que conduc\u00eda veh\u00edculo sustra\u00eddo en Cochrane<\/b><\/span><\/p>\n<div id=\"gtx-trans\" style=\"position: absolute; left: -50px; top: 4.31534px;\">\n<div class=\"gtx-trans-icon\"><\/div>\n<\/div>\n<\/div><\/section><\/div><\/p>\n<div class=\"flex_column av_one_full  flex_column_div av-zero-column-padding first  avia-builder-el-4  el_after_av_one_full  el_before_av_hr  column-top-margin\" style='border-radius:0px; '><section class=\"av_textblock_section \"  itemscope=\"itemscope\" itemtype=\"https:\/\/schema.org\/BlogPosting\" itemprop=\"blogPost\" ><div class='avia_textblock  '   itemprop=\"text\" ><p style=\"font-weight: 400; text-align: justify;\"><em>El Ministerio P\u00fablico explic\u00f3 en la audiencia de formalizaci\u00f3n, que los hechos previos a que el sujeto fuera aprehendido por la polic\u00eda, ocurrieron cerca de las 09.00 horas del martes 2 de diciembre.<\/em><\/p>\n<p style=\"font-weight: 400; text-align: justify;\">La Fiscal\u00eda Local de Chile Chico inform\u00f3 que el mi\u00e9rcoles se realiz\u00f3 el control de detenci\u00f3n y formalizaci\u00f3n de investigaci\u00f3n de un imputado de 21 a\u00f1os, por su participaci\u00f3n en calidad de autor en el delito de receptaci\u00f3n de un veh\u00edculo motorizado, hecho ocurrido durante la ma\u00f1ana del 2 de diciembre de 2025.<\/p>\n<p style=\"font-weight: 400; text-align: justify;\">El Fiscal Adjunto de Chile Chico, Fernando Pino, explic\u00f3 que \u201cun veh\u00edculo fue sustra\u00eddo en la comuna de Cochrane alrededor de las 09:00 horas, luego de que una vecina dejara su autom\u00f3vil abierto y con las llaves en su interior. Sujetos desconocidos aprovecharon la situaci\u00f3n y huyeron del lugar con el veh\u00edculo\u201d.<\/p>\n<p style=\"font-weight: 400; text-align: justify;\">Posteriormente, personal del Ret\u00e9n Guadal de Carabineros realizaba controles preventivos en la Ruta 7, sector de Puerto Bertrand, cuando advirtieron que un conductor intent\u00f3 evadir el control policial, deteni\u00e9ndose metros antes y huyendo a pie.<\/p>\n<p style=\"font-weight: 400; text-align: justify;\">Frente a esto, el fiscal Pino detall\u00f3 que \u201cCarabineros se acerc\u00f3 al autom\u00f3vil, control\u00f3 al imputado y \u00e9ste no pudo justificar la tenencia del veh\u00edculo. Tras comunicarse con la Comisar\u00eda de Cochrane, el personal policial confirm\u00f3 que el autom\u00f3vil manten\u00eda un encargo vigente por robo, procediendo as\u00ed a su detenci\u00f3n\u201d. El sujeto fue puesto a disposici\u00f3n del Juzgado de Garant\u00eda de Chile Chico.<\/p>\n<p style=\"font-weight: 400; text-align: justify;\">En la audiencia realizada el mi\u00e9rcoles, el Tribunal decret\u00f3 la prisi\u00f3n preventiva del imputado por constituir un peligro para la seguridad de la sociedad, especialmente para las comunidades de Cochrane y Chile Chico. El plazo de investigaci\u00f3n fue fijado en 60 d\u00edas.<\/p>\n<p style=\"font-weight: 400; text-align: justify;\">El Fiscal Fernando Pino destac\u00f3 el actuar policial se\u00f1alando que \u201ces importante relevar el trabajo r\u00e1pido, oportuno y eficiente de Carabineros, quienes en un plazo no superior a dos horas lograron la recuperaci\u00f3n del veh\u00edculo sustra\u00eddo en Cochrane\u201d.<\/p>\n<\/div><\/section><\/div>\n<div  style='height:50px' class='hr hr-invisible   avia-builder-el-6  el_after_av_one_full  el_before_av_social_share '><span class='hr-inner ' ><span class='hr-inner-style'><\/span><\/span><\/div>\n<div  class='av-social-sharing-box  avia-builder-el-7  el_after_av_hr  el_before_av_hr  '><div class='av-share-box'><h5 class='av-share-link-description av-no-toc '>Compartir esta noticia<\/h5><ul class='av-share-box-list noLightbox'><li class='av-share-link av-social-link-facebook' ><a target=\"_blank\" aria-label=\"Compartir en Facebook\" href='https:\/\/www.facebook.com\/sharer.php?u=https:\/\/radiorevelacionfm.cl\/?p=62175&#038;t=Decretan%20prisi%C3%B3n%20preventiva%20para%20sujeto%20que%20conduc%C3%ADa%20veh%C3%ADculo%20sustra%C3%ADdo%20en%20Cochrane' aria-hidden='false' data-av_icon='\ue8f3' data-av_iconfont='entypo-fontello' title='' data-avia-related-tooltip='Compartir en Facebook' rel=\"noopener\"><span class='avia_hidden_link_text'>Compartir en Facebook<\/span><\/a><\/li><li class='av-share-link av-social-link-twitter' ><a target=\"_blank\" aria-label=\"Compartir en Twitter\" href='https:\/\/twitter.com\/share?text=Decretan%20prisi%C3%B3n%20preventiva%20para%20sujeto%20que%20conduc%C3%ADa%20veh%C3%ADculo%20sustra%C3%ADdo%20en%20Cochrane&#038;url=https:\/\/radiorevelacionfm.cl\/?p=62175' aria-hidden='false' data-av_icon='\ue8f1' data-av_iconfont='entypo-fontello' title='' data-avia-related-tooltip='Compartir en Twitter' rel=\"noopener\"><span class='avia_hidden_link_text'>Compartir en Twitter<\/span><\/a><\/li><li class='av-share-link av-social-link-whatsapp' ><a target=\"_blank\" aria-label=\"Compartir en Whatsapp\" href='https:\/\/api.whatsapp.com\/send?text=https:\/\/radiorevelacionfm.cl\/?p=62175' aria-hidden='false' data-av_icon='\uf232' data-av_iconfont='entypo-fontello' title='' data-avia-related-tooltip='Compartir en Whatsapp' rel=\"noopener\"><span class='avia_hidden_link_text'>Compartir en Whatsapp<\/span><\/a><\/li><li class='av-share-link av-social-link-linkedin' ><a target=\"_blank\" aria-label=\"Compartir en LinkedIn\" href='https:\/\/linkedin.com\/shareArticle?mini=true&#038;title=Decretan%20prisi%C3%B3n%20preventiva%20para%20sujeto%20que%20conduc%C3%ADa%20veh%C3%ADculo%20sustra%C3%ADdo%20en%20Cochrane&#038;url=https:\/\/radiorevelacionfm.cl\/?p=62175' aria-hidden='false' data-av_icon='\ue8fc' data-av_iconfont='entypo-fontello' title='' data-avia-related-tooltip='Compartir en LinkedIn' rel=\"noopener\"><span class='avia_hidden_link_text'>Compartir en LinkedIn<\/span><\/a><\/li><li class='av-share-link av-social-link-mail' ><a  aria-label=\"Compartir por correo\" href='mailto:?subject=Decretan%20prisi%C3%B3n%20preventiva%20para%20sujeto%20que%20conduc%C3%ADa%20veh%C3%ADculo%20sustra%C3%ADdo%20en%20Cochrane&#038;body=https:\/\/radiorevelacionfm.cl\/?p=62175' aria-hidden='false' data-av_icon='\ue805' data-av_iconfont='entypo-fontello' title='' data-avia-related-tooltip='Compartir por correo'><span class='avia_hidden_link_text'>Compartir por correo<\/span><\/a><\/li><\/ul><\/div><\/div>\n<div  style='height:50px' class='hr hr-invisible   avia-builder-el-8  el_after_av_social_share  el_before_av_comments_list '><span class='hr-inner ' ><span class='hr-inner-style'><\/span><\/span><\/div>\n<div  class='av-buildercomment  av-blog-meta-html-info-disabled av-blog-meta-tag-disabled  '><\/div>\n","protected":false},"excerpt":{"rendered":"","protected":false},"author":1,"featured_media":62176,"comment_status":"closed","ping_status":"closed","sticky":false,"template":"","format":"standard","meta":{"footnotes":""},"categories":[55],"tags":[],"class_list":["post-62175","post","type-post","status-publish","format-standard","has-post-thumbnail","hentry","category-justicia"],"jetpack_featured_media_url":"https:\/\/radiorevelacionfm.cl\/wp-content\/uploads\/2025\/12\/g7pv7s_xcaedqyr-1_optimized-1.jpg","_links":{"self":[{"href":"https:\/\/radiorevelacionfm.cl\/index.php?rest_route=\/wp\/v2\/posts\/62175","targetHints":{"allow":["GET"]}}],"collection":[{"href":"https:\/\/radiorevelacionfm.cl\/index.php?rest_route=\/wp\/v2\/posts"}],"about":[{"href":"https:\/\/radiorevelacionfm.cl\/index.php?rest_route=\/wp\/v2\/types\/post"}],"author":[{"embeddable":true,"href":"https:\/\/radiorevelacionfm.cl\/index.php?rest_route=\/wp\/v2\/users\/1"}],"replies":[{"embeddable":true,"href":"https:\/\/radiorevelacionfm.cl\/index.php?rest_route=%2Fwp%2Fv2%2Fcomments&post=62175"}],"version-history":[{"count":2,"href":"https:\/\/radiorevelacionfm.cl\/index.php?rest_route=\/wp\/v2\/posts\/62175\/revisions"}],"predecessor-version":[{"id":62178,"href":"https:\/\/radiorevelacionfm.cl\/index.php?rest_route=\/wp\/v2\/posts\/62175\/revisions\/62178"}],"wp:featuredmedia":[{"embeddable":true,"href":"https:\/\/radiorevelacionfm.cl\/index.php?rest_route=\/wp\/v2\/media\/62176"}],"wp:attachment":[{"href":"https:\/\/radiorevelacionfm.cl\/index.php?rest_route=%2Fwp%2Fv2%2Fmedia&parent=62175"}],"wp:term":[{"taxonomy":"category","embeddable":true,"href":"https:\/\/radiorevelacionfm.cl\/index.php?rest_route=%2Fwp%2Fv2%2Fcategories&post=62175"},{"taxonomy":"post_tag","embeddable":true,"href":"https:\/\/radiorevelacionfm.cl\/index.php?rest_route=%2Fwp%2Fv2%2Ftags&post=62175"}],"curies":[{"name":"wp","href":"https:\/\/api.w.org\/{rel}","templated":true}]}}