{"id":62163,"date":"2025-12-06T22:11:12","date_gmt":"2025-12-07T01:11:12","guid":{"rendered":"https:\/\/radiorevelacionfm.cl\/?p=62163"},"modified":"2025-12-06T22:11:12","modified_gmt":"2025-12-07T01:11:12","slug":"sandoval-y-sistemas-medianos-existe-el-compromiso-de-la-comision-de-energia-de-avanzar-en-su-tramite-en-el-menor-lapso-de-tiempo-posible","status":"publish","type":"post","link":"https:\/\/radiorevelacionfm.cl\/?p=62163","title":{"rendered":"Sandoval y Sistemas Medianos: \u201cExiste el compromiso de la comisi\u00f3n de Energ\u00eda de avanzar en su tr\u00e1mite en el menor lapso de tiempo posible\u201d"},"content":{"rendered":"<div class=\"flex_column av_one_full  flex_column_div av-zero-column-padding first  avia-builder-el-0  el_before_av_one_full  avia-builder-el-first  \" style='border-radius:0px; '><div  class='avia-image-container  av-styling-    avia-builder-el-1  avia-builder-el-no-sibling  avia-align-center '  itemprop=\"image\" itemscope=\"itemscope\" itemtype=\"https:\/\/schema.org\/ImageObject\"  ><div class='avia-image-container-inner'><div class='avia-image-overlay-wrap'><img decoding=\"async\" class='wp-image-62164 avia-img-lazy-loading-not-62164 avia_image' src=\"https:\/\/radiorevelacionfm.cl\/wp-content\/uploads\/2025\/12\/SENADOR-SANDOVAL-04.12.2025-1-1.jpg\" alt='' title='SENADOR SANDOVAL 04.12.2025 (1) (1)' height=\"600\" width=\"900\"  itemprop=\"thumbnailUrl\" srcset=\"https:\/\/radiorevelacionfm.cl\/wp-content\/uploads\/2025\/12\/SENADOR-SANDOVAL-04.12.2025-1-1.jpg 900w, https:\/\/radiorevelacionfm.cl\/wp-content\/uploads\/2025\/12\/SENADOR-SANDOVAL-04.12.2025-1-1-300x200.jpg 300w, https:\/\/radiorevelacionfm.cl\/wp-content\/uploads\/2025\/12\/SENADOR-SANDOVAL-04.12.2025-1-1-768x512.jpg 768w, https:\/\/radiorevelacionfm.cl\/wp-content\/uploads\/2025\/12\/SENADOR-SANDOVAL-04.12.2025-1-1-705x470.jpg 705w, https:\/\/radiorevelacionfm.cl\/wp-content\/uploads\/2025\/12\/SENADOR-SANDOVAL-04.12.2025-1-1-450x300.jpg 450w, https:\/\/radiorevelacionfm.cl\/wp-content\/uploads\/2025\/12\/SENADOR-SANDOVAL-04.12.2025-1-1-600x400.jpg 600w\" sizes=\"(max-width: 900px) 100vw, 900px\" \/><\/div><\/div><\/div><\/div><div class=\"flex_column av_one_full  flex_column_div av-zero-column-padding first  avia-builder-el-2  el_after_av_one_full  el_before_av_one_full  column-top-margin\" style='border-radius:0px; '><section class=\"av_textblock_section \"  itemscope=\"itemscope\" itemtype=\"https:\/\/schema.org\/BlogPosting\" itemprop=\"blogPost\" ><div class='avia_textblock  '   itemprop=\"text\" ><p style=\"text-align: center;\"><strong><span style=\"font-size: 18pt;\">Sandoval y Sistemas Medianos: \u201cExiste el compromiso de la comisi\u00f3n de Energ\u00eda de avanzar en su tr\u00e1mite en el menor lapso de tiempo posible\u201d<\/span><\/strong><\/p>\n<div id=\"gtx-trans\" style=\"position: absolute; left: -50px; top: 4.31534px;\">\n<div class=\"gtx-trans-icon\"><\/div>\n<\/div>\n<\/div><\/section><\/div><div class=\"flex_column av_one_full  flex_column_div av-zero-column-padding first  avia-builder-el-4  el_after_av_one_full  el_before_av_hr  column-top-margin\" style='border-radius:0px; '><section class=\"av_textblock_section \"  itemscope=\"itemscope\" itemtype=\"https:\/\/schema.org\/BlogPosting\" itemprop=\"blogPost\" ><div class='avia_textblock  '   itemprop=\"text\" ><p style=\"text-align: justify;\"><em>Iniciativa tiene discusi\u00f3n inmediata en el Senado.<\/em><\/p>\n<p style=\"text-align: justify;\">Esta semana, la comisi\u00f3n de Miner\u00eda y Energ\u00eda del Senado, inici\u00f3 el debate, en su segundo tr\u00e1mite, del proyecto de ley que Perfecciona los sistemas medianos en la Ley General de Servicios El\u00e9ctricos.<\/p>\n<p style=\"text-align: justify;\">En ese contexto, el senador David Sandoval, quien es parte activa de dicha instancia parlamentaria, destac\u00f3 el compromiso mostrado por la comisi\u00f3n para darle discusi\u00f3n inmediata a la iniciativa y as\u00ed acelerar el proceso legislativo. \u201cTiene tanta esperanza de que en la regi\u00f3n surta alg\u00fan efecto positivo especialmente con la rebaja de la tarifa el\u00e9ctrica y tambi\u00e9n mejorar el sistema de generaci\u00f3n, donde hoy d\u00eda m\u00e1s de la mitad de \u00e9sta que lo que produce la regi\u00f3n de Ays\u00e9n se realiza con petr\u00f3leo\u201d, indic\u00f3.<\/p>\n<p style=\"text-align: justify;\">A juicio del parlamentario esto \u201cevidentemente constituye un avance\u201d, precisando que \u201chemos llegado a un compromiso de que el Gobierno le va a poner urgencia\u201d al proyecto, esperando la pr\u00f3xima semana avanzar de manera expedita. \u201cEstamos viendo algunos detalles menores, que probablemente haya que introducir algunas peque\u00f1as mejoras. No queremos entrar a una (comisi\u00f3n) mixta, obviamente, para procurar sacar esta ley a la brevedad posible\u201d, indic\u00f3.<\/p>\n<p style=\"text-align: justify;\">\u201cNos hemos comprometido absolutamente en la comisi\u00f3n a llevar adelante este proceso con la m\u00e1xima celeridad posible para procurar de alg\u00fan modo atenuar en el mediano plazo, alg\u00fan mecanismo que permita mejorar el sistema de generaci\u00f3n, bajar las tarifas y, evidentemente, abrir espacio para la generaci\u00f3n de iniciativas privadas que apunten a la generaci\u00f3n de proyectos con energ\u00eda renovable\u201d, agreg\u00f3.<\/p>\n<p style=\"text-align: justify;\">Finalmente, el legislador insisti\u00f3 en que se trata de un avance significativo. \u201cNos alegramos de ello y tenemos el compromiso de la comisi\u00f3n de generar esta tramitaci\u00f3n en el menor lapso de tiempo posible\u201d, concluy\u00f3.<\/p>\n<\/div><\/section><\/div><div  style='height:50px' class='hr hr-invisible   avia-builder-el-6  el_after_av_one_full  el_before_av_social_share '><span class='hr-inner ' ><span class='hr-inner-style'><\/span><\/span><\/div><\/p>\n<div  class='av-social-sharing-box  avia-builder-el-7  el_after_av_hr  el_before_av_hr  '><div class='av-share-box'><h5 class='av-share-link-description av-no-toc '>Compartir esta noticia<\/h5><ul class='av-share-box-list noLightbox'><li class='av-share-link av-social-link-facebook' ><a target=\"_blank\" aria-label=\"Compartir en Facebook\" href='https:\/\/www.facebook.com\/sharer.php?u=https:\/\/radiorevelacionfm.cl\/?p=62163&#038;t=Sandoval%20y%20Sistemas%20Medianos%3A%20%E2%80%9CExiste%20el%20compromiso%20de%20la%20comisi%C3%B3n%20de%20Energ%C3%ADa%20de%20avanzar%20en%20su%20tr%C3%A1mite%20en%20el%20menor%20lapso%20de%20tiempo%20posible%E2%80%9D' aria-hidden='false' data-av_icon='\ue8f3' data-av_iconfont='entypo-fontello' title='' data-avia-related-tooltip='Compartir en Facebook' rel=\"noopener\"><span class='avia_hidden_link_text'>Compartir en Facebook<\/span><\/a><\/li><li class='av-share-link av-social-link-twitter' ><a target=\"_blank\" aria-label=\"Compartir en Twitter\" href='https:\/\/twitter.com\/share?text=Sandoval%20y%20Sistemas%20Medianos%3A%20%E2%80%9CExiste%20el%20compromiso%20de%20la%20comisi%C3%B3n%20de%20Energ%C3%ADa%20de%20avanzar%20en%20su%20tr%C3%A1mite%20en%20el%20menor%20lapso%20de%20tiempo%20posible%E2%80%9D&#038;url=https:\/\/radiorevelacionfm.cl\/?p=62163' aria-hidden='false' data-av_icon='\ue8f1' data-av_iconfont='entypo-fontello' title='' data-avia-related-tooltip='Compartir en Twitter' rel=\"noopener\"><span class='avia_hidden_link_text'>Compartir en Twitter<\/span><\/a><\/li><li class='av-share-link av-social-link-whatsapp' ><a target=\"_blank\" aria-label=\"Compartir en Whatsapp\" href='https:\/\/api.whatsapp.com\/send?text=https:\/\/radiorevelacionfm.cl\/?p=62163' aria-hidden='false' data-av_icon='\uf232' data-av_iconfont='entypo-fontello' title='' data-avia-related-tooltip='Compartir en Whatsapp' rel=\"noopener\"><span class='avia_hidden_link_text'>Compartir en Whatsapp<\/span><\/a><\/li><li class='av-share-link av-social-link-linkedin' ><a target=\"_blank\" aria-label=\"Compartir en LinkedIn\" href='https:\/\/linkedin.com\/shareArticle?mini=true&#038;title=Sandoval%20y%20Sistemas%20Medianos%3A%20%E2%80%9CExiste%20el%20compromiso%20de%20la%20comisi%C3%B3n%20de%20Energ%C3%ADa%20de%20avanzar%20en%20su%20tr%C3%A1mite%20en%20el%20menor%20lapso%20de%20tiempo%20posible%E2%80%9D&#038;url=https:\/\/radiorevelacionfm.cl\/?p=62163' aria-hidden='false' data-av_icon='\ue8fc' data-av_iconfont='entypo-fontello' title='' data-avia-related-tooltip='Compartir en LinkedIn' rel=\"noopener\"><span class='avia_hidden_link_text'>Compartir en LinkedIn<\/span><\/a><\/li><li class='av-share-link av-social-link-mail' ><a  aria-label=\"Compartir por correo\" href='mailto:?subject=Sandoval%20y%20Sistemas%20Medianos%3A%20%E2%80%9CExiste%20el%20compromiso%20de%20la%20comisi%C3%B3n%20de%20Energ%C3%ADa%20de%20avanzar%20en%20su%20tr%C3%A1mite%20en%20el%20menor%20lapso%20de%20tiempo%20posible%E2%80%9D&#038;body=https:\/\/radiorevelacionfm.cl\/?p=62163' aria-hidden='false' data-av_icon='\ue805' data-av_iconfont='entypo-fontello' title='' data-avia-related-tooltip='Compartir por correo'><span class='avia_hidden_link_text'>Compartir por correo<\/span><\/a><\/li><\/ul><\/div><\/div>\n<div  style='height:50px' class='hr hr-invisible   avia-builder-el-8  el_after_av_social_share  el_before_av_comments_list '><span class='hr-inner ' ><span class='hr-inner-style'><\/span><\/span><\/div>\n<div  class='av-buildercomment  av-blog-meta-html-info-disabled av-blog-meta-tag-disabled  '><\/div>\n","protected":false},"excerpt":{"rendered":"","protected":false},"author":1,"featured_media":62164,"comment_status":"closed","ping_status":"closed","sticky":false,"template":"","format":"standard","meta":{"footnotes":""},"categories":[35],"tags":[],"class_list":["post-62163","post","type-post","status-publish","format-standard","has-post-thumbnail","hentry","category-politica"],"jetpack_featured_media_url":"https:\/\/radiorevelacionfm.cl\/wp-content\/uploads\/2025\/12\/SENADOR-SANDOVAL-04.12.2025-1-1.jpg","_links":{"self":[{"href":"https:\/\/radiorevelacionfm.cl\/index.php?rest_route=\/wp\/v2\/posts\/62163","targetHints":{"allow":["GET"]}}],"collection":[{"href":"https:\/\/radiorevelacionfm.cl\/index.php?rest_route=\/wp\/v2\/posts"}],"about":[{"href":"https:\/\/radiorevelacionfm.cl\/index.php?rest_route=\/wp\/v2\/types\/post"}],"author":[{"embeddable":true,"href":"https:\/\/radiorevelacionfm.cl\/index.php?rest_route=\/wp\/v2\/users\/1"}],"replies":[{"embeddable":true,"href":"https:\/\/radiorevelacionfm.cl\/index.php?rest_route=%2Fwp%2Fv2%2Fcomments&post=62163"}],"version-history":[{"count":2,"href":"https:\/\/radiorevelacionfm.cl\/index.php?rest_route=\/wp\/v2\/posts\/62163\/revisions"}],"predecessor-version":[{"id":62272,"href":"https:\/\/radiorevelacionfm.cl\/index.php?rest_route=\/wp\/v2\/posts\/62163\/revisions\/62272"}],"wp:featuredmedia":[{"embeddable":true,"href":"https:\/\/radiorevelacionfm.cl\/index.php?rest_route=\/wp\/v2\/media\/62164"}],"wp:attachment":[{"href":"https:\/\/radiorevelacionfm.cl\/index.php?rest_route=%2Fwp%2Fv2%2Fmedia&parent=62163"}],"wp:term":[{"taxonomy":"category","embeddable":true,"href":"https:\/\/radiorevelacionfm.cl\/index.php?rest_route=%2Fwp%2Fv2%2Fcategories&post=62163"},{"taxonomy":"post_tag","embeddable":true,"href":"https:\/\/radiorevelacionfm.cl\/index.php?rest_route=%2Fwp%2Fv2%2Ftags&post=62163"}],"curies":[{"name":"wp","href":"https:\/\/api.w.org\/{rel}","templated":true}]}}