{"id":62160,"date":"2025-12-04T15:29:12","date_gmt":"2025-12-04T18:29:12","guid":{"rendered":"https:\/\/radiorevelacionfm.cl\/?p=62160"},"modified":"2025-12-04T15:29:12","modified_gmt":"2025-12-04T18:29:12","slug":"diversos-reconocimientos-y-mensajes-a-seguir-avanzando-marcan-acto-conmemorativo-del-dia-internacional-de-la-discapacidad-en-aysen","status":"publish","type":"post","link":"https:\/\/radiorevelacionfm.cl\/?p=62160","title":{"rendered":"Diversos reconocimientos y mensajes a seguir avanzando marcan acto conmemorativo del D\u00eda Internacional de la Discapacidad en Ays\u00e9n"},"content":{"rendered":"<div class=\"flex_column av_one_full  flex_column_div av-zero-column-padding first  avia-builder-el-0  el_before_av_one_full  avia-builder-el-first  \" style='border-radius:0px; '><div  class='avia-image-container  av-styling-    avia-builder-el-1  avia-builder-el-no-sibling  avia-align-center '  itemprop=\"image\" itemscope=\"itemscope\" itemtype=\"https:\/\/schema.org\/ImageObject\"  ><div class='avia-image-container-inner'><div class='avia-image-overlay-wrap'><img decoding=\"async\" class='wp-image-62161 avia-img-lazy-loading-not-62161 avia_image' src=\"https:\/\/radiorevelacionfm.cl\/wp-content\/uploads\/2025\/12\/dia-disc-4-1_optimized-1.jpeg\" alt='' title='dia-disc-4-(1)_optimized (1)' height=\"600\" width=\"1067\"  itemprop=\"thumbnailUrl\" srcset=\"https:\/\/radiorevelacionfm.cl\/wp-content\/uploads\/2025\/12\/dia-disc-4-1_optimized-1.jpeg 1067w, https:\/\/radiorevelacionfm.cl\/wp-content\/uploads\/2025\/12\/dia-disc-4-1_optimized-1-300x169.jpeg 300w, https:\/\/radiorevelacionfm.cl\/wp-content\/uploads\/2025\/12\/dia-disc-4-1_optimized-1-1030x579.jpeg 1030w, https:\/\/radiorevelacionfm.cl\/wp-content\/uploads\/2025\/12\/dia-disc-4-1_optimized-1-768x432.jpeg 768w, https:\/\/radiorevelacionfm.cl\/wp-content\/uploads\/2025\/12\/dia-disc-4-1_optimized-1-705x396.jpeg 705w, https:\/\/radiorevelacionfm.cl\/wp-content\/uploads\/2025\/12\/dia-disc-4-1_optimized-1-450x253.jpeg 450w, https:\/\/radiorevelacionfm.cl\/wp-content\/uploads\/2025\/12\/dia-disc-4-1_optimized-1-600x337.jpeg 600w\" sizes=\"(max-width: 1067px) 100vw, 1067px\" \/><\/div><\/div><\/div><\/div><div class=\"flex_column av_one_full  flex_column_div av-zero-column-padding first  avia-builder-el-2  el_after_av_one_full  el_before_av_one_full  column-top-margin\" style='border-radius:0px; '><section class=\"av_textblock_section \"  itemscope=\"itemscope\" itemtype=\"https:\/\/schema.org\/BlogPosting\" itemprop=\"blogPost\" ><div class='avia_textblock  '   itemprop=\"text\" ><p style=\"text-align: center;\"><strong><span style=\"font-size: 18pt;\">Diversos reconocimientos y mensajes a seguir avanzando marcan acto conmemorativo del D\u00eda Internacional de la Discapacidad en Ays\u00e9n<\/span><\/strong><\/p>\n<div id=\"gtx-trans\" style=\"position: absolute; left: -50px; top: 4.31534px;\">\n<div class=\"gtx-trans-icon\"><\/div>\n<\/div>\n<\/div><\/section><\/div><div class=\"flex_column av_one_full  flex_column_div av-zero-column-padding first  avia-builder-el-4  el_after_av_one_full  el_before_av_hr  column-top-margin\" style='border-radius:0px; '><section class=\"av_textblock_section \"  itemscope=\"itemscope\" itemtype=\"https:\/\/schema.org\/BlogPosting\" itemprop=\"blogPost\" ><div class='avia_textblock  '   itemprop=\"text\" ><p style=\"text-align: justify;\"><em>Entre los avances de gobierno destacan la Ley de Inclusi\u00f3n Laboral, Ley de Autismo, Programas de Apoyos y Cuidados, Ayudas t\u00e9cnicas, residencias y el tr\u00e1nsito hacia una vida independiente, entre otros.<\/em><\/p>\n<p style=\"text-align: justify;\">Una jornada de reconocimientos, emotividad y un claro llamado a seguir avanzando en igualdad de oportunidades, es lo que marc\u00f3 el acto conmemorativo del D\u00eda Internacional de la Discapacidad este 3 de diciembre en Coyhaique, con una amplia asistencia de p\u00fablico encabezado por el Servicio Nacional de la Discapacidad, Senadis y el Ministerio de Desarrollo Social y Familia. Instancia que cont\u00f3 con distintas organizaciones de la sociedad civil, autoridades de servicios p\u00fablicos, comunales y del Gobierno Regional, adem\u00e1s de la presencia de stands informativos, exposici\u00f3n de pinturas, artesan\u00edas, productos gourmet, entre otros.<\/p>\n<p style=\"text-align: justify;\">Durante la ceremonia se vivieron momentos de emoci\u00f3n con la muestra de un documental con experiencias inclusivas de Cisnes y Cochrane, certificaron y destacaron a 14 l\u00edderes y lideresas que formaron parte de una intensiva Escuela de Gesti\u00f3n Territorial, a la vez el Cosoc de Discapacidad destac\u00f3 las buenas pr\u00e1cticas inclusivas que llevan a cabo algunos servicios p\u00fablicos, culminando con un reconocimiento a 9 deportistas paral\u00edmpicos quienes tuvieron una premiada partici\u00f3n en los Juegos Para Araucan\u00eda en la regi\u00f3n de Magallanes.<\/p>\n<p style=\"text-align: justify;\">Viviana Mu\u00f1oz, Directora regional de Senadis al cerrar la ceremonia destac\u00f3 que \u201cQuiero reconocer en las agrupaciones y en las familias, en las personas con discapacidad, la disposici\u00f3n, la comunicaci\u00f3n que hemos tenido para trabajar en conjunto. Llegamos por primera vez a Villa O\u2019Higgins\u00a0con un recurso para fortalecer la Oficina Municipal de Discapacidad y eso nos tiene muy contentos, porque hemos trabajado para que ninguna persona con discapacidad se quede atr\u00e1s. Sabemos que los desaf\u00edos todav\u00eda son muchos, pero el compromiso de nuestra instituci\u00f3n, del gobierno, del Ministerio de Desarrollo Social, pero tambi\u00e9n lo principal, lo que nos plantean las organizaciones, lo que nos insuman de lo que son las brechas en nuestra sociedad, es lo que nos impulsa a continuar trabajando con este compromiso\u201d.<\/p>\n<p style=\"text-align: justify;\">Relevando los logros de gobierno tales como la Ley de Inclusi\u00f3n Laboral, Ley de Autismo, Programas de Apoyos y Cuidados, Ayudas t\u00e9cnicas, residencias y el tr\u00e1nsito hacia una vida independiente, la Seremi de Desarrollo Social y Familia, Karina Acevedo agreg\u00f3 \u201cHemos conmemorado un 3 de diciembre, D\u00eda Internacional de la Discapacidad de forma distinta. Hemos reconocido a quienes desarrollaron talleres de liderazgo y que hoy d\u00eda van a ser la voz de los derechos de la inclusi\u00f3n en la regi\u00f3n de Ays\u00e9n. Hemos reconocido a quienes nos representaron en los deportes paral\u00edmpicos, hemos reconocido a las instituciones que participan y son parte de la inclusi\u00f3n. Los derechos de las personas con discapacidad los vivimos todos los d\u00edas, de los espacios inclusivos debemos ser parte en cada momento. En estos logros que hemos tenido como gobierno, hemos desarrollado la Ley de Autismo, por otro lado,\u00a0hemos insistido en la normativa y la inclusi\u00f3n en cada uno de los estamentos, tenemos Chile Cuida y, sin duda, hemos ido construyendo una sociedad justa e inclusiva. Nos queda mucho por avanzar, son las primeras banderas de inclusi\u00f3n que tenemos como pa\u00eds y en la regi\u00f3n de Ays\u00e9n\u201d.<\/p>\n<p style=\"text-align: justify;\">RECONOCER PARA VISIBILIZAR<\/p>\n<p style=\"text-align: justify;\">Asegurar la igualdad de oportunidades para garantizar el ejercicio efectivo de sus derechos y su participaci\u00f3n plena en la sociedad, fue uno de los mensajes m\u00e1s recurrentes en la ceremonia.<\/p>\n<p style=\"text-align: justify;\">Emocionada por lo vivido, Cristina Barrientos, presidenta del Consejo de la Sociedad Civil de Discapacidad, Cosoc se\u00f1al\u00f3 \u201cestoy contenta de toda esta ma\u00f1ana, la verdad que ha sido muy emocionante. Igual es un d\u00eda feliz, como persona con discapacidad podemos celebrar nuestros avances, porque s\u00ed es verdad, no hemos avanzado todo lo que queremos, pero se ha avanzado mucho. Y hoy nos damos cuenta de eso en este espacio, como lograr reconocer a personas con discapacidad que son atletas, personas con discapacidad que se est\u00e1n formando como l\u00edderes y eso es importante. Eso quiere decir que las personas con discapacidad queremos ser parte de esta sociedad, solo necesitamos que nos den\u00a0la oportunidad\u201d.<\/p>\n<p style=\"text-align: justify;\">Uno de los destacados fue el deportista paral\u00edmpico Nawel \u00c1guila \u201cMuy bonito fue el reconocimiento, feliz de haber participado de estar ac\u00e1. Todo es posible y demostrar que con mi medalla, aunque uno tenga una discapacidad, puede ser todo, todo es posible\u201d. Su par Mauricio Mu\u00f1oz quien destac\u00f3 en el lanzamiento de bala, disco y jabalina agradeci\u00f3 el espacio \u201cel reconocimiento de las autoridades para los deportistas paral\u00edmpicos no siempre se da. As\u00ed que encantados de poder estar ac\u00e1 y representar a nuestra regi\u00f3n\u201d.<\/p>\n<p style=\"text-align: justify;\">Por su valioso aporte de visibilizar la importancia de la lengua de se\u00f1as como un derecho, Cristian Almonacid de la Agrupaci\u00f3n de sordos, Ascoy tuvo palabras de felicitaciones a Senadis y agreg\u00f3 que \u201cmuy emotiva la ceremonia, se ve que se est\u00e1 activando o que por lo menos moviliza a mucha gente y a la comunidad en general.\u00a0As\u00ed que agradecer la oportunidad de participar, tambi\u00e9n emocionado tanto en lo personal y como agrupaci\u00f3n de recibir este premio bonito, cierto, por reconocimiento por la labor que desarrollamos como agrupaci\u00f3n, promoviendo los derechos de las personas sordas en lo particular y el derecho al acceso a la lengua de se\u00f1as\u201d.<\/p>\n<\/div><\/section><\/div><div  style='height:50px' class='hr hr-invisible   avia-builder-el-6  el_after_av_one_full  el_before_av_social_share '><span class='hr-inner ' ><span class='hr-inner-style'><\/span><\/span><\/div><\/p>\n<div  class='av-social-sharing-box  avia-builder-el-7  el_after_av_hr  el_before_av_hr  '><div class='av-share-box'><h5 class='av-share-link-description av-no-toc '>Compartir esta noticia<\/h5><ul class='av-share-box-list noLightbox'><li class='av-share-link av-social-link-facebook' ><a target=\"_blank\" aria-label=\"Compartir en Facebook\" href='https:\/\/www.facebook.com\/sharer.php?u=https:\/\/radiorevelacionfm.cl\/?p=62160&#038;t=Diversos%20reconocimientos%20y%20mensajes%20a%20seguir%20avanzando%20marcan%20acto%20conmemorativo%20del%20D%C3%ADa%20Internacional%20de%20la%20Discapacidad%20en%20Ays%C3%A9n' aria-hidden='false' data-av_icon='\ue8f3' data-av_iconfont='entypo-fontello' title='' data-avia-related-tooltip='Compartir en Facebook' rel=\"noopener\"><span class='avia_hidden_link_text'>Compartir en Facebook<\/span><\/a><\/li><li class='av-share-link av-social-link-twitter' ><a target=\"_blank\" aria-label=\"Compartir en Twitter\" href='https:\/\/twitter.com\/share?text=Diversos%20reconocimientos%20y%20mensajes%20a%20seguir%20avanzando%20marcan%20acto%20conmemorativo%20del%20D%C3%ADa%20Internacional%20de%20la%20Discapacidad%20en%20Ays%C3%A9n&#038;url=https:\/\/radiorevelacionfm.cl\/?p=62160' aria-hidden='false' data-av_icon='\ue8f1' data-av_iconfont='entypo-fontello' title='' data-avia-related-tooltip='Compartir en Twitter' rel=\"noopener\"><span class='avia_hidden_link_text'>Compartir en Twitter<\/span><\/a><\/li><li class='av-share-link av-social-link-whatsapp' ><a target=\"_blank\" aria-label=\"Compartir en Whatsapp\" href='https:\/\/api.whatsapp.com\/send?text=https:\/\/radiorevelacionfm.cl\/?p=62160' aria-hidden='false' data-av_icon='\uf232' data-av_iconfont='entypo-fontello' title='' data-avia-related-tooltip='Compartir en Whatsapp' rel=\"noopener\"><span class='avia_hidden_link_text'>Compartir en Whatsapp<\/span><\/a><\/li><li class='av-share-link av-social-link-linkedin' ><a target=\"_blank\" aria-label=\"Compartir en LinkedIn\" href='https:\/\/linkedin.com\/shareArticle?mini=true&#038;title=Diversos%20reconocimientos%20y%20mensajes%20a%20seguir%20avanzando%20marcan%20acto%20conmemorativo%20del%20D%C3%ADa%20Internacional%20de%20la%20Discapacidad%20en%20Ays%C3%A9n&#038;url=https:\/\/radiorevelacionfm.cl\/?p=62160' aria-hidden='false' data-av_icon='\ue8fc' data-av_iconfont='entypo-fontello' title='' data-avia-related-tooltip='Compartir en LinkedIn' rel=\"noopener\"><span class='avia_hidden_link_text'>Compartir en LinkedIn<\/span><\/a><\/li><li class='av-share-link av-social-link-mail' ><a  aria-label=\"Compartir por correo\" href='mailto:?subject=Diversos%20reconocimientos%20y%20mensajes%20a%20seguir%20avanzando%20marcan%20acto%20conmemorativo%20del%20D%C3%ADa%20Internacional%20de%20la%20Discapacidad%20en%20Ays%C3%A9n&#038;body=https:\/\/radiorevelacionfm.cl\/?p=62160' aria-hidden='false' data-av_icon='\ue805' data-av_iconfont='entypo-fontello' title='' data-avia-related-tooltip='Compartir por correo'><span class='avia_hidden_link_text'>Compartir por correo<\/span><\/a><\/li><\/ul><\/div><\/div>\n<div  style='height:50px' class='hr hr-invisible   avia-builder-el-8  el_after_av_social_share  el_before_av_comments_list '><span class='hr-inner ' ><span class='hr-inner-style'><\/span><\/span><\/div>\n<div  class='av-buildercomment  av-blog-meta-html-info-disabled av-blog-meta-tag-disabled  '><\/div>\n","protected":false},"excerpt":{"rendered":"","protected":false},"author":1,"featured_media":62161,"comment_status":"closed","ping_status":"closed","sticky":false,"template":"","format":"standard","meta":{"footnotes":""},"categories":[38],"tags":[],"class_list":["post-62160","post","type-post","status-publish","format-standard","has-post-thumbnail","hentry","category-regional"],"jetpack_featured_media_url":"https:\/\/radiorevelacionfm.cl\/wp-content\/uploads\/2025\/12\/dia-disc-4-1_optimized-1.jpeg","_links":{"self":[{"href":"https:\/\/radiorevelacionfm.cl\/index.php?rest_route=\/wp\/v2\/posts\/62160","targetHints":{"allow":["GET"]}}],"collection":[{"href":"https:\/\/radiorevelacionfm.cl\/index.php?rest_route=\/wp\/v2\/posts"}],"about":[{"href":"https:\/\/radiorevelacionfm.cl\/index.php?rest_route=\/wp\/v2\/types\/post"}],"author":[{"embeddable":true,"href":"https:\/\/radiorevelacionfm.cl\/index.php?rest_route=\/wp\/v2\/users\/1"}],"replies":[{"embeddable":true,"href":"https:\/\/radiorevelacionfm.cl\/index.php?rest_route=%2Fwp%2Fv2%2Fcomments&post=62160"}],"version-history":[{"count":2,"href":"https:\/\/radiorevelacionfm.cl\/index.php?rest_route=\/wp\/v2\/posts\/62160\/revisions"}],"predecessor-version":[{"id":62170,"href":"https:\/\/radiorevelacionfm.cl\/index.php?rest_route=\/wp\/v2\/posts\/62160\/revisions\/62170"}],"wp:featuredmedia":[{"embeddable":true,"href":"https:\/\/radiorevelacionfm.cl\/index.php?rest_route=\/wp\/v2\/media\/62161"}],"wp:attachment":[{"href":"https:\/\/radiorevelacionfm.cl\/index.php?rest_route=%2Fwp%2Fv2%2Fmedia&parent=62160"}],"wp:term":[{"taxonomy":"category","embeddable":true,"href":"https:\/\/radiorevelacionfm.cl\/index.php?rest_route=%2Fwp%2Fv2%2Fcategories&post=62160"},{"taxonomy":"post_tag","embeddable":true,"href":"https:\/\/radiorevelacionfm.cl\/index.php?rest_route=%2Fwp%2Fv2%2Ftags&post=62160"}],"curies":[{"name":"wp","href":"https:\/\/api.w.org\/{rel}","templated":true}]}}