{"id":62150,"date":"2025-12-04T11:58:33","date_gmt":"2025-12-04T14:58:33","guid":{"rendered":"https:\/\/radiorevelacionfm.cl\/?p=62150"},"modified":"2025-12-04T11:58:33","modified_gmt":"2025-12-04T14:58:33","slug":"tribunal-confirmo-decision-de-la-sma-de-no-requerir-el-ingreso-del-proyecto-fundo-lago-elizalde-a-evaluacion-ambiental","status":"publish","type":"post","link":"https:\/\/radiorevelacionfm.cl\/?p=62150","title":{"rendered":"Tribunal confirm\u00f3 decisi\u00f3n de la SMA de no requerir el ingreso del proyecto \u201cFundo Lago Elizalde\u201d a evaluaci\u00f3n ambiental"},"content":{"rendered":"<div class=\"flex_column av_one_full  flex_column_div av-zero-column-padding first  avia-builder-el-0  el_before_av_one_full  avia-builder-el-first  \" style='border-radius:0px; '><div  class='avia-image-container  av-styling-    avia-builder-el-1  avia-builder-el-no-sibling  avia-align-center '  itemprop=\"image\" itemscope=\"itemscope\" itemtype=\"https:\/\/schema.org\/ImageObject\"  ><div class='avia-image-container-inner'><div class='avia-image-overlay-wrap'><img decoding=\"async\" class='wp-image-62151 avia-img-lazy-loading-not-62151 avia_image' src=\"https:\/\/radiorevelacionfm.cl\/wp-content\/uploads\/2025\/12\/r-25-2024-1_optimized-1.jpg\" alt='' title='r-25-2024-(1)_optimized (1)' height=\"600\" width=\"1063\"  itemprop=\"thumbnailUrl\" srcset=\"https:\/\/radiorevelacionfm.cl\/wp-content\/uploads\/2025\/12\/r-25-2024-1_optimized-1.jpg 1063w, https:\/\/radiorevelacionfm.cl\/wp-content\/uploads\/2025\/12\/r-25-2024-1_optimized-1-300x169.jpg 300w, https:\/\/radiorevelacionfm.cl\/wp-content\/uploads\/2025\/12\/r-25-2024-1_optimized-1-1030x581.jpg 1030w, https:\/\/radiorevelacionfm.cl\/wp-content\/uploads\/2025\/12\/r-25-2024-1_optimized-1-768x433.jpg 768w, https:\/\/radiorevelacionfm.cl\/wp-content\/uploads\/2025\/12\/r-25-2024-1_optimized-1-705x398.jpg 705w, https:\/\/radiorevelacionfm.cl\/wp-content\/uploads\/2025\/12\/r-25-2024-1_optimized-1-450x254.jpg 450w, https:\/\/radiorevelacionfm.cl\/wp-content\/uploads\/2025\/12\/r-25-2024-1_optimized-1-600x339.jpg 600w\" sizes=\"(max-width: 1063px) 100vw, 1063px\" \/><\/div><\/div><\/div><\/div><div class=\"flex_column av_one_full  flex_column_div av-zero-column-padding first  avia-builder-el-2  el_after_av_one_full  el_before_av_one_full  column-top-margin\" style='border-radius:0px; '><section class=\"av_textblock_section \"  itemscope=\"itemscope\" itemtype=\"https:\/\/schema.org\/BlogPosting\" itemprop=\"blogPost\" ><div class='avia_textblock  '   itemprop=\"text\" ><p style=\"text-align: center;\"><strong><span style=\"font-size: 18pt;\">Tribunal confirm\u00f3 decisi\u00f3n de la SMA de no requerir el ingreso del proyecto \u201cFundo Lago Elizalde\u201d a evaluaci\u00f3n ambiental<\/span><\/strong><\/p>\n<div id=\"gtx-trans\" style=\"position: absolute; left: -50px; top: 4.31534px;\">\n<div class=\"gtx-trans-icon\"><\/div>\n<\/div>\n<\/div><\/section><\/div><div class=\"flex_column av_one_full  flex_column_div av-zero-column-padding first  avia-builder-el-4  el_after_av_one_full  el_before_av_hr  column-top-margin\" style='border-radius:0px; '><section class=\"av_textblock_section \"  itemscope=\"itemscope\" itemtype=\"https:\/\/schema.org\/BlogPosting\" itemprop=\"blogPost\" ><div class='avia_textblock  '   itemprop=\"text\" ><p style=\"text-align: justify;\">El Tercer Tribunal Ambiental confirm\u00f3 que no se configuran las causales de acuerdo al Reglamento del SEIA para requerir el ingreso del proyecto a evaluaci\u00f3n ambiental.<\/p>\n<p style=\"text-align: justify;\">Un conjunto de personas naturales, denunciantes ante la\u00a0<a href=\"http:\/\/www.sma.gob.cl\/\">Superintendencia del Medio Ambiente (SMA)<\/a>, interpusieron dos reclamaciones en el Tercer Tribunal Ambiental en contra de la resoluci\u00f3n de la SMA, que resolvi\u00f3 no requerir el ingreso del proyecto \u201cFundo Lago Elizalde\u201d al Sistema de Evaluaci\u00f3n de Impacto Ambiental (SEIA). Las reclamantes presentaron denuncias en el a\u00f1o 2020 ante la SMA por elusi\u00f3n del titular del proyecto a la evaluaci\u00f3n ambiental. El proyecto en cuesti\u00f3n se ubica en el predio Boca de Le\u00f3n, en el sector Lago Elizalde, al interior del Parque Nacional Cerro Castillo en Coyhaique, Ays\u00e9n.<\/p>\n<p style=\"text-align: justify;\">La sentencia del Tribunal indica que no se han ejecutado obras de edificaci\u00f3n y\/o urbanizaci\u00f3n por parte del titular, sin perjuicio de la duda razonable que asiste a la SMA, de que ello pudiera ocurrir en el futuro. Por lo tanto, con relaci\u00f3n a si se configura la causal del art. 10 letra g), de la Ley N\u00b0 19.300, literal g.1.1.) del Reglamento del SEIA, esto es, sobre la edificaci\u00f3n de viviendas, el Tribunal indic\u00f3 en la sentencia que\u00a0\u201cen base a lo se\u00f1alado en el expediente administrativo, el Tribunal advierte que no constan indicios suficientes para comprender las caracter\u00edsticas y eventuales obras del proyecto, particularmente, si se construir\u00e1n viviendas y sus caracter\u00edsticas. Esto, porque, como indica la SMA, los antecedentes disponibles s\u00f3lo han constatado la existencia de una subdivisi\u00f3n de 79 terrenos de 0,5 hect\u00e1reas cada uno.\u201d.<\/p>\n<p style=\"text-align: justify;\">Al respecto, la sentencia agrega:\u00a0\u201csi bien la SMA da cuenta de algunos antecedentes, como la habilitaci\u00f3n del camino, y publicidad sobre el Proyecto, relativa a que los futuros compradores podr\u00edan edificar sus viviendas, estos elementos son absolutamente insuficientes para entender por configurada la tipolog\u00eda, por cuanto, como se dijo, \u00e9sta requiere que se proyecten y materialicen obras y acciones que den inicio a la ejecuci\u00f3n de un proyecto de conjunto de viviendas\u201d. Esto, considerando que el Proyecto no supera el umbral establecido en el Reglamento del SEIA, de 80 viviendas.<\/p>\n<p style=\"text-align: justify;\">\u00a0La sentencia tambi\u00e9n destac\u00f3 que la SMA envi\u00f3 los antecedentes a la I. Municipalidad de Coyhaique; Secretar\u00eda Regional Ministerial de Vivienda y Urbanismo y Direcci\u00f3n Regional del Servicio Agr\u00edcola Ganadero de la Regi\u00f3n de Ays\u00e9n, para que tomen conocimiento de los hechos descritos y ejerzan sus competencias ante una posible infracci\u00f3n a la normativa urban\u00edstica si existieran en el futuro obras complementarias a la edificaci\u00f3n.<\/p>\n<p style=\"text-align: justify;\">Pese a no configurarse la infracci\u00f3n de elusi\u00f3n, la SMA deriv\u00f3 los antecedentes a la SEREMI de Bienes Nacionales de Ays\u00e9n y a la CONAF, organismos que cuentan con facultades de fiscalizaci\u00f3n en resguardo del \u00e1rea protegida involucrada.<\/p>\n<p>M\u00e1s antecedentes de la causa en el expediente electr\u00f3nico\u00a0<a href=\"https:\/\/causas.3ta.cl\/causes\/1943\/expedient\/47351\/books\/1673\/?attachmentId=65362\">R-25-2024<\/a><\/p>\n<\/div><\/section><\/div><div  style='height:50px' class='hr hr-invisible   avia-builder-el-6  el_after_av_one_full  el_before_av_social_share '><span class='hr-inner ' ><span class='hr-inner-style'><\/span><\/span><\/div><\/p>\n<div  class='av-social-sharing-box  avia-builder-el-7  el_after_av_hr  el_before_av_hr  '><div class='av-share-box'><h5 class='av-share-link-description av-no-toc '>Compartir esta noticia<\/h5><ul class='av-share-box-list noLightbox'><li class='av-share-link av-social-link-facebook' ><a target=\"_blank\" aria-label=\"Compartir en Facebook\" href='https:\/\/www.facebook.com\/sharer.php?u=https:\/\/radiorevelacionfm.cl\/?p=62150&#038;t=Tribunal%20confirm%C3%B3%20decisi%C3%B3n%20de%20la%20SMA%20de%20no%20requerir%20el%20ingreso%20del%20proyecto%20%E2%80%9CFundo%20Lago%20Elizalde%E2%80%9D%20a%20evaluaci%C3%B3n%20ambiental' aria-hidden='false' data-av_icon='\ue8f3' data-av_iconfont='entypo-fontello' title='' data-avia-related-tooltip='Compartir en Facebook' rel=\"noopener\"><span class='avia_hidden_link_text'>Compartir en Facebook<\/span><\/a><\/li><li class='av-share-link av-social-link-twitter' ><a target=\"_blank\" aria-label=\"Compartir en Twitter\" href='https:\/\/twitter.com\/share?text=Tribunal%20confirm%C3%B3%20decisi%C3%B3n%20de%20la%20SMA%20de%20no%20requerir%20el%20ingreso%20del%20proyecto%20%E2%80%9CFundo%20Lago%20Elizalde%E2%80%9D%20a%20evaluaci%C3%B3n%20ambiental&#038;url=https:\/\/radiorevelacionfm.cl\/?p=62150' aria-hidden='false' data-av_icon='\ue8f1' data-av_iconfont='entypo-fontello' title='' data-avia-related-tooltip='Compartir en Twitter' rel=\"noopener\"><span class='avia_hidden_link_text'>Compartir en Twitter<\/span><\/a><\/li><li class='av-share-link av-social-link-whatsapp' ><a target=\"_blank\" aria-label=\"Compartir en Whatsapp\" href='https:\/\/api.whatsapp.com\/send?text=https:\/\/radiorevelacionfm.cl\/?p=62150' aria-hidden='false' data-av_icon='\uf232' data-av_iconfont='entypo-fontello' title='' data-avia-related-tooltip='Compartir en Whatsapp' rel=\"noopener\"><span class='avia_hidden_link_text'>Compartir en Whatsapp<\/span><\/a><\/li><li class='av-share-link av-social-link-linkedin' ><a target=\"_blank\" aria-label=\"Compartir en LinkedIn\" href='https:\/\/linkedin.com\/shareArticle?mini=true&#038;title=Tribunal%20confirm%C3%B3%20decisi%C3%B3n%20de%20la%20SMA%20de%20no%20requerir%20el%20ingreso%20del%20proyecto%20%E2%80%9CFundo%20Lago%20Elizalde%E2%80%9D%20a%20evaluaci%C3%B3n%20ambiental&#038;url=https:\/\/radiorevelacionfm.cl\/?p=62150' aria-hidden='false' data-av_icon='\ue8fc' data-av_iconfont='entypo-fontello' title='' data-avia-related-tooltip='Compartir en LinkedIn' rel=\"noopener\"><span class='avia_hidden_link_text'>Compartir en LinkedIn<\/span><\/a><\/li><li class='av-share-link av-social-link-mail' ><a  aria-label=\"Compartir por correo\" href='mailto:?subject=Tribunal%20confirm%C3%B3%20decisi%C3%B3n%20de%20la%20SMA%20de%20no%20requerir%20el%20ingreso%20del%20proyecto%20%E2%80%9CFundo%20Lago%20Elizalde%E2%80%9D%20a%20evaluaci%C3%B3n%20ambiental&#038;body=https:\/\/radiorevelacionfm.cl\/?p=62150' aria-hidden='false' data-av_icon='\ue805' data-av_iconfont='entypo-fontello' title='' data-avia-related-tooltip='Compartir por correo'><span class='avia_hidden_link_text'>Compartir por correo<\/span><\/a><\/li><\/ul><\/div><\/div>\n<div  style='height:50px' class='hr hr-invisible   avia-builder-el-8  el_after_av_social_share  el_before_av_comments_list '><span class='hr-inner ' ><span class='hr-inner-style'><\/span><\/span><\/div>\n<div  class='av-buildercomment  av-blog-meta-html-info-disabled av-blog-meta-tag-disabled  '><\/div>\n","protected":false},"excerpt":{"rendered":"","protected":false},"author":1,"featured_media":62151,"comment_status":"closed","ping_status":"closed","sticky":false,"template":"","format":"standard","meta":{"footnotes":""},"categories":[39],"tags":[],"class_list":["post-62150","post","type-post","status-publish","format-standard","has-post-thumbnail","hentry","category-medio-ambiente"],"jetpack_featured_media_url":"https:\/\/radiorevelacionfm.cl\/wp-content\/uploads\/2025\/12\/r-25-2024-1_optimized-1.jpg","_links":{"self":[{"href":"https:\/\/radiorevelacionfm.cl\/index.php?rest_route=\/wp\/v2\/posts\/62150","targetHints":{"allow":["GET"]}}],"collection":[{"href":"https:\/\/radiorevelacionfm.cl\/index.php?rest_route=\/wp\/v2\/posts"}],"about":[{"href":"https:\/\/radiorevelacionfm.cl\/index.php?rest_route=\/wp\/v2\/types\/post"}],"author":[{"embeddable":true,"href":"https:\/\/radiorevelacionfm.cl\/index.php?rest_route=\/wp\/v2\/users\/1"}],"replies":[{"embeddable":true,"href":"https:\/\/radiorevelacionfm.cl\/index.php?rest_route=%2Fwp%2Fv2%2Fcomments&post=62150"}],"version-history":[{"count":2,"href":"https:\/\/radiorevelacionfm.cl\/index.php?rest_route=\/wp\/v2\/posts\/62150\/revisions"}],"predecessor-version":[{"id":62156,"href":"https:\/\/radiorevelacionfm.cl\/index.php?rest_route=\/wp\/v2\/posts\/62150\/revisions\/62156"}],"wp:featuredmedia":[{"embeddable":true,"href":"https:\/\/radiorevelacionfm.cl\/index.php?rest_route=\/wp\/v2\/media\/62151"}],"wp:attachment":[{"href":"https:\/\/radiorevelacionfm.cl\/index.php?rest_route=%2Fwp%2Fv2%2Fmedia&parent=62150"}],"wp:term":[{"taxonomy":"category","embeddable":true,"href":"https:\/\/radiorevelacionfm.cl\/index.php?rest_route=%2Fwp%2Fv2%2Fcategories&post=62150"},{"taxonomy":"post_tag","embeddable":true,"href":"https:\/\/radiorevelacionfm.cl\/index.php?rest_route=%2Fwp%2Fv2%2Ftags&post=62150"}],"curies":[{"name":"wp","href":"https:\/\/api.w.org\/{rel}","templated":true}]}}