{"id":6215,"date":"2021-07-13T12:25:26","date_gmt":"2021-07-13T15:25:26","guid":{"rendered":"https:\/\/radiorevelacionfm.cl\/?p=6215"},"modified":"2021-07-13T12:25:26","modified_gmt":"2021-07-13T15:25:26","slug":"director-de-fonasa-visito-hospitales-de-la-red-asistencial-de-la-region","status":"publish","type":"post","link":"https:\/\/radiorevelacionfm.cl\/?p=6215","title":{"rendered":"Director de Fonasa visit\u00f3 hospitales de la Red Asistencial de la regi\u00f3n"},"content":{"rendered":"<div class=\"flex_column av_one_full  flex_column_div av-zero-column-padding first  avia-builder-el-0  el_before_av_one_full  avia-builder-el-first  \" style='border-radius:0px; '><div  class='avia-image-container  av-styling-    avia-builder-el-1  avia-builder-el-no-sibling  avia-align-center '  itemprop=\"image\" itemscope=\"itemscope\" itemtype=\"https:\/\/schema.org\/ImageObject\"  ><div class='avia-image-container-inner'><div class='avia-image-overlay-wrap'><img decoding=\"async\" class='wp-image-6216 avia-img-lazy-loading-not-6216 avia_image' src=\"https:\/\/radiorevelacionfm.cl\/wp-content\/uploads\/2021\/07\/director-fonasa-0001-1-1.jpg\" alt='' title='director fonasa 0001 (1) (1)' height=\"600\" width=\"1035\"  itemprop=\"thumbnailUrl\" srcset=\"https:\/\/radiorevelacionfm.cl\/wp-content\/uploads\/2021\/07\/director-fonasa-0001-1-1.jpg 1035w, https:\/\/radiorevelacionfm.cl\/wp-content\/uploads\/2021\/07\/director-fonasa-0001-1-1-300x174.jpg 300w, https:\/\/radiorevelacionfm.cl\/wp-content\/uploads\/2021\/07\/director-fonasa-0001-1-1-1030x597.jpg 1030w, https:\/\/radiorevelacionfm.cl\/wp-content\/uploads\/2021\/07\/director-fonasa-0001-1-1-768x445.jpg 768w, https:\/\/radiorevelacionfm.cl\/wp-content\/uploads\/2021\/07\/director-fonasa-0001-1-1-705x409.jpg 705w, https:\/\/radiorevelacionfm.cl\/wp-content\/uploads\/2021\/07\/director-fonasa-0001-1-1-600x348.jpg 600w\" sizes=\"(max-width: 1035px) 100vw, 1035px\" \/><\/div><\/div><\/div><\/div><div class=\"flex_column av_one_full  flex_column_div av-zero-column-padding first  avia-builder-el-2  el_after_av_one_full  el_before_av_one_full  column-top-margin\" style='border-radius:0px; '><section class=\"av_textblock_section \"  itemscope=\"itemscope\" itemtype=\"https:\/\/schema.org\/BlogPosting\" itemprop=\"blogPost\" ><div class='avia_textblock  '   itemprop=\"text\" ><p style=\"text-align: center;\"><strong><span style=\"font-size: 18pt;\">Director de Fonasa visit\u00f3 hospitales de la Red Asistencial de la regi\u00f3n<\/span><\/strong><\/p>\n<div id=\"gtx-trans\" style=\"position: absolute; left: -50px; top: 4.31534px;\">\n<div class=\"gtx-trans-icon\"><\/div>\n<\/div>\n<\/div><\/section><\/div><div class=\"flex_column av_one_full  flex_column_div av-zero-column-padding first  avia-builder-el-4  el_after_av_one_full  el_before_av_hr  column-top-margin\" style='border-radius:0px; '><section class=\"av_textblock_section \"  itemscope=\"itemscope\" itemtype=\"https:\/\/schema.org\/BlogPosting\" itemprop=\"blogPost\" ><div class='avia_textblock  '   itemprop=\"text\" ><p style=\"text-align: justify;\">Los d\u00edas mi\u00e9rcoles 07 y jueves 08 la autoridad nacional, visit\u00f3 los hospitales de Coyhaique y Puerto Ays\u00e9n, reuni\u00e9ndose con sus equipos directivos.<\/p>\n<p style=\"text-align: justify;\">Marcelo Mosso, tras su recorrido, evalu\u00f3 como positivos los encuentros, as\u00ed como con el propio Director del Servicio de Salud Ays\u00e9n, Gabriel Burgos.<\/p>\n<p style=\"text-align: justify;\">\u201cHa sido una visita muy relevante, donde hemos discutido cosas importantes para la poblaci\u00f3n, que es atendida por estos 2 hospitales; estuvimos con toda la Direcci\u00f3n del Hospital Regional Coyhaique, viendo los problemas que ten\u00edan, las cosas buenas que est\u00e1n haciendo, c\u00f3mo estaba la poblaci\u00f3n enfrentando la pandemia y como se ha enfrentado lo que tiene que ver con los otros problemas de salud, que no est\u00e1n relacionados con la pandemia y que hay que hacerle frente; fue una reuni\u00f3n muy provechosa, conoc\u00ed todo el hospital, es una visita que me permite a m\u00ed tambi\u00e9n enterarme de los problemas regionales que hay y tratar de ayudar para que todos saquemos adelante la salud de la poblaci\u00f3n, sobre todo de lugares como \u00e9ste, que tiene realidades tan complejas, en t\u00e9rminos de acceso por ejemplo, de los trayectos, de la conectividad\u201d.<\/p>\n<p style=\"text-align: justify;\">Respecto de su paso por el HPA, indic\u00f3: \u201cEstuvimos en el hospital de Puerto Ays\u00e9n, en este hospital, que es muy bonito, donde hay mucho entusiasmo, yo creo que es una cosa que est\u00e1 patente en la zona, en su gente, es como la valent\u00eda para enfrentar los temas y adem\u00e1s, donde destaca ese entusiasmo que tienen de hacer las cosas entre todos, aqu\u00ed se siente esa sensaci\u00f3n de- estamos solos, medios aislados, y por lo tanto tenemos que cooperarnos y ayudarnos entre todos- los felicito por el trabajo que han hecho los funcionarios y funcionarias de la salud en la zona, creo que se ve ese amor que le ponen al trabajo diario, al cari\u00f1o que tienen con los pacientes\u201d.<\/p>\n<p style=\"text-align: justify;\">Por su parte, Gabriel Burgos, director del SSA, destac\u00f3 la presencia en la Regi\u00f3n de Marcelo Mosso, agregando que, con la autoridad, pudieron analizar tem\u00e1ticas como la resoluci\u00f3n en listas de espera.<\/p>\n<p style=\"text-align: justify;\">\u201cPara nosotros es muy importante el que haya podido venir tanto al Hospital Regional como al Hospital de Puerto Ays\u00e9n, a ver las particularidades de esta Regi\u00f3n y de estos establecimientos; abordamos varios temas trascendentales y del apoyo de FONASA en este tiempo en pandemia y que tenemos que ir avanzando en mejorar las listas de espera entre otros aspectos, para poder entregar una mejor atenci\u00f3n a los beneficiarios por lo que es fundamental la visita que se realiz\u00f3\u201d, coment\u00f3 el Directivo.<\/p>\n<p style=\"text-align: justify;\">Finalmente, Marcelo Mosso expres\u00f3, \u201cFonasa lo que busca como objetivo principal, es el acceso a toda la poblaci\u00f3n beneficiaria, a atenciones de salud en forma oportuna, eso es lo que tratamos de hacer en nuestras visitas, cuando concurrimos a diversos lugares y regiones a ayudar a que eso funcione bien. Yo felicit\u00e9 a los directores de los hospitales, al Director de Servicio, a las enfermeras, a los m\u00e9dicos a los TENS que est\u00e1n ac\u00e1, en general, he visto como han funcionado y creo que lo han hecho muy bien\u201d, concluy\u00f3.<\/p>\n<\/div><\/section><\/div><div  style='height:50px' class='hr hr-invisible   avia-builder-el-6  el_after_av_one_full  el_before_av_social_share '><span class='hr-inner ' ><span class='hr-inner-style'><\/span><\/span><\/div><\/p>\n<div  class='av-social-sharing-box  avia-builder-el-7  el_after_av_hr  el_before_av_hr  '><div class='av-share-box'><h5 class='av-share-link-description av-no-toc '>Compartir esta noticia<\/h5><ul class='av-share-box-list noLightbox'><li class='av-share-link av-social-link-facebook' ><a target=\"_blank\" aria-label=\"Compartir en Facebook\" href='https:\/\/www.facebook.com\/sharer.php?u=https:\/\/radiorevelacionfm.cl\/?p=6215&#038;t=Director%20de%20Fonasa%20visit%C3%B3%20hospitales%20de%20la%20Red%20Asistencial%20de%20la%20regi%C3%B3n' aria-hidden='false' data-av_icon='\ue8f3' data-av_iconfont='entypo-fontello' title='' data-avia-related-tooltip='Compartir en Facebook' rel=\"noopener\"><span class='avia_hidden_link_text'>Compartir en Facebook<\/span><\/a><\/li><li class='av-share-link av-social-link-twitter' ><a target=\"_blank\" aria-label=\"Compartir en Twitter\" href='https:\/\/twitter.com\/share?text=Director%20de%20Fonasa%20visit%C3%B3%20hospitales%20de%20la%20Red%20Asistencial%20de%20la%20regi%C3%B3n&#038;url=https:\/\/radiorevelacionfm.cl\/?p=6215' aria-hidden='false' data-av_icon='\ue8f1' data-av_iconfont='entypo-fontello' title='' data-avia-related-tooltip='Compartir en Twitter' rel=\"noopener\"><span class='avia_hidden_link_text'>Compartir en Twitter<\/span><\/a><\/li><li class='av-share-link av-social-link-whatsapp' ><a target=\"_blank\" aria-label=\"Compartir en Whatsapp\" href='https:\/\/api.whatsapp.com\/send?text=https:\/\/radiorevelacionfm.cl\/?p=6215' aria-hidden='false' data-av_icon='\uf232' data-av_iconfont='entypo-fontello' title='' data-avia-related-tooltip='Compartir en Whatsapp' rel=\"noopener\"><span class='avia_hidden_link_text'>Compartir en Whatsapp<\/span><\/a><\/li><li class='av-share-link av-social-link-linkedin' ><a target=\"_blank\" aria-label=\"Compartir en LinkedIn\" href='https:\/\/linkedin.com\/shareArticle?mini=true&#038;title=Director%20de%20Fonasa%20visit%C3%B3%20hospitales%20de%20la%20Red%20Asistencial%20de%20la%20regi%C3%B3n&#038;url=https:\/\/radiorevelacionfm.cl\/?p=6215' aria-hidden='false' data-av_icon='\ue8fc' data-av_iconfont='entypo-fontello' title='' data-avia-related-tooltip='Compartir en LinkedIn' rel=\"noopener\"><span class='avia_hidden_link_text'>Compartir en LinkedIn<\/span><\/a><\/li><li class='av-share-link av-social-link-mail' ><a  aria-label=\"Compartir por correo\" href='mailto:?subject=Director%20de%20Fonasa%20visit%C3%B3%20hospitales%20de%20la%20Red%20Asistencial%20de%20la%20regi%C3%B3n&#038;body=https:\/\/radiorevelacionfm.cl\/?p=6215' aria-hidden='false' data-av_icon='\ue805' data-av_iconfont='entypo-fontello' title='' data-avia-related-tooltip='Compartir por correo'><span class='avia_hidden_link_text'>Compartir por correo<\/span><\/a><\/li><\/ul><\/div><\/div>\n<div  style='height:50px' class='hr hr-invisible   avia-builder-el-8  el_after_av_social_share  el_before_av_comments_list '><span class='hr-inner ' ><span class='hr-inner-style'><\/span><\/span><\/div>\n<div  class='av-buildercomment  av-blog-meta-html-info-disabled av-blog-meta-tag-disabled  '><\/div>\n","protected":false},"excerpt":{"rendered":"","protected":false},"author":1,"featured_media":6216,"comment_status":"open","ping_status":"open","sticky":false,"template":"","format":"standard","meta":{"footnotes":""},"categories":[46],"tags":[],"class_list":["post-6215","post","type-post","status-publish","format-standard","has-post-thumbnail","hentry","category-salud"],"jetpack_featured_media_url":"https:\/\/radiorevelacionfm.cl\/wp-content\/uploads\/2021\/07\/director-fonasa-0001-1-1.jpg","_links":{"self":[{"href":"https:\/\/radiorevelacionfm.cl\/index.php?rest_route=\/wp\/v2\/posts\/6215","targetHints":{"allow":["GET"]}}],"collection":[{"href":"https:\/\/radiorevelacionfm.cl\/index.php?rest_route=\/wp\/v2\/posts"}],"about":[{"href":"https:\/\/radiorevelacionfm.cl\/index.php?rest_route=\/wp\/v2\/types\/post"}],"author":[{"embeddable":true,"href":"https:\/\/radiorevelacionfm.cl\/index.php?rest_route=\/wp\/v2\/users\/1"}],"replies":[{"embeddable":true,"href":"https:\/\/radiorevelacionfm.cl\/index.php?rest_route=%2Fwp%2Fv2%2Fcomments&post=6215"}],"version-history":[{"count":1,"href":"https:\/\/radiorevelacionfm.cl\/index.php?rest_route=\/wp\/v2\/posts\/6215\/revisions"}],"predecessor-version":[{"id":6217,"href":"https:\/\/radiorevelacionfm.cl\/index.php?rest_route=\/wp\/v2\/posts\/6215\/revisions\/6217"}],"wp:featuredmedia":[{"embeddable":true,"href":"https:\/\/radiorevelacionfm.cl\/index.php?rest_route=\/wp\/v2\/media\/6216"}],"wp:attachment":[{"href":"https:\/\/radiorevelacionfm.cl\/index.php?rest_route=%2Fwp%2Fv2%2Fmedia&parent=6215"}],"wp:term":[{"taxonomy":"category","embeddable":true,"href":"https:\/\/radiorevelacionfm.cl\/index.php?rest_route=%2Fwp%2Fv2%2Fcategories&post=6215"},{"taxonomy":"post_tag","embeddable":true,"href":"https:\/\/radiorevelacionfm.cl\/index.php?rest_route=%2Fwp%2Fv2%2Ftags&post=6215"}],"curies":[{"name":"wp","href":"https:\/\/api.w.org\/{rel}","templated":true}]}}