{"id":62147,"date":"2025-12-04T11:13:17","date_gmt":"2025-12-04T14:13:17","guid":{"rendered":"https:\/\/radiorevelacionfm.cl\/?p=62147"},"modified":"2025-12-04T11:21:16","modified_gmt":"2025-12-04T14:21:16","slug":"gobierno-lanza-simulador-mi-mejor-pension-para-que-las-personas-conozcan-cuanto-aumentara-su-pension-desde-enero-con-el-seguro-social","status":"publish","type":"post","link":"https:\/\/radiorevelacionfm.cl\/?p=62147","title":{"rendered":"Gobierno lanza simulador \u201cMi Mejor Pensi\u00f3n\u201d para que las personas conozcan cu\u00e1nto aumentar\u00e1 su pensi\u00f3n desde enero con el Seguro Social"},"content":{"rendered":"<div class=\"flex_column av_one_full  flex_column_div av-zero-column-padding first  avia-builder-el-0  el_before_av_one_full  avia-builder-el-first  \" style='border-radius:0px; '><div  class='avia-image-container  av-styling-    avia-builder-el-1  avia-builder-el-no-sibling  avia-align-center '  itemprop=\"image\" itemscope=\"itemscope\" itemtype=\"https:\/\/schema.org\/ImageObject\"  ><div class='avia-image-container-inner'><div class='avia-image-overlay-wrap'><img decoding=\"async\" class='wp-image-62154 avia-img-lazy-loading-not-62154 avia_image' src=\"https:\/\/radiorevelacionfm.cl\/wp-content\/uploads\/2025\/12\/image-2025-12-04T111943.355-1-1.jpg\" alt='' title='image - 2025-12-04T111943.355 (1) (1)' height=\"600\" width=\"847\"  itemprop=\"thumbnailUrl\" srcset=\"https:\/\/radiorevelacionfm.cl\/wp-content\/uploads\/2025\/12\/image-2025-12-04T111943.355-1-1.jpg 847w, https:\/\/radiorevelacionfm.cl\/wp-content\/uploads\/2025\/12\/image-2025-12-04T111943.355-1-1-300x213.jpg 300w, https:\/\/radiorevelacionfm.cl\/wp-content\/uploads\/2025\/12\/image-2025-12-04T111943.355-1-1-768x544.jpg 768w, https:\/\/radiorevelacionfm.cl\/wp-content\/uploads\/2025\/12\/image-2025-12-04T111943.355-1-1-260x185.jpg 260w, https:\/\/radiorevelacionfm.cl\/wp-content\/uploads\/2025\/12\/image-2025-12-04T111943.355-1-1-845x600.jpg 845w, https:\/\/radiorevelacionfm.cl\/wp-content\/uploads\/2025\/12\/image-2025-12-04T111943.355-1-1-705x499.jpg 705w, https:\/\/radiorevelacionfm.cl\/wp-content\/uploads\/2025\/12\/image-2025-12-04T111943.355-1-1-450x319.jpg 450w, https:\/\/radiorevelacionfm.cl\/wp-content\/uploads\/2025\/12\/image-2025-12-04T111943.355-1-1-600x425.jpg 600w\" sizes=\"(max-width: 847px) 100vw, 847px\" \/><\/div><\/div><\/div><\/div><div class=\"flex_column av_one_full  flex_column_div av-zero-column-padding first  avia-builder-el-2  el_after_av_one_full  el_before_av_one_full  column-top-margin\" style='border-radius:0px; '><section class=\"av_textblock_section \"  itemscope=\"itemscope\" itemtype=\"https:\/\/schema.org\/BlogPosting\" itemprop=\"blogPost\" ><div class='avia_textblock  '   itemprop=\"text\" ><p style=\"text-align: center;\"><strong><span style=\"font-size: 18pt;\">Gobierno lanza simulador \u201cMi Mejor Pensi\u00f3n\u201d para que las personas conozcan cu\u00e1nto aumentar\u00e1 su pensi\u00f3n desde enero con el Seguro Social<\/span><\/strong><\/p>\n<div id=\"gtx-trans\" style=\"position: absolute; left: -50px; top: 4.31534px;\">\n<div class=\"gtx-trans-icon\"><\/div>\n<\/div>\n<\/div><\/section><\/div><\/p>\n<div class=\"flex_column av_one_full  flex_column_div av-zero-column-padding first  avia-builder-el-4  el_after_av_one_full  el_before_av_hr  column-top-margin\" style='border-radius:0px; '><section class=\"av_textblock_section \"  itemscope=\"itemscope\" itemtype=\"https:\/\/schema.org\/BlogPosting\" itemprop=\"blogPost\" ><div class='avia_textblock  '   itemprop=\"text\" ><ul>\n<li style=\"text-align: justify;\"><em>La herramienta digital permite a pensionadas y pensionados de 65 a\u00f1os y m\u00e1s conocer, ingresando su RUT y Clave\u00danica, el impacto de los nuevos beneficios del Seguro Social y el aumento de la PGU. Es parte de la implementaci\u00f3n de la Reforma a las Pensiones, cuyos primeros pagos comienzan en enero de 2026. <\/em><\/li>\n<\/ul>\n<p style=\"text-align: justify;\">En el Instituto de Previsi\u00f3n Social, IPS ChileAtiende se realiz\u00f3 un punto de prensa para dar a conocer el nuevo simulador digital \u201cMi Mejor Pensi\u00f3n\u201d, herramienta que permitir\u00e1 a las personas jubiladas calcular de manera estimativa el aumento de sus pensiones producto de la implementaci\u00f3n del Seguro Social de Pensiones y la Pensi\u00f3n Garantizada Universal (PGU).<\/p>\n<p style=\"text-align: justify;\">La actividad fue encabezada por el Delegado presidencial regional de Ays\u00e9n, Jorge D\u00edaz Guzm\u00e1n, quien destac\u00f3 que esta plataforma entregar\u00e1 informaci\u00f3n personalizada de c\u00f3mo la Reforma de Pensiones mejorar\u00e1 las actuales pensiones, \u201cEsto lo hemos se\u00f1alado en cada uno de los encuentros que hemos sostenido con los adultos mayores explicando esta Reforma de Pensiones, donde ya hay gente que est\u00e1 percibiendo los beneficios de ella y c\u00f3mo a partir del pr\u00f3ximo a\u00f1o y el subsiguiente -cuando ya entre en r\u00e9gimen al 100%- la gente puede ver c\u00f3mo va a cambiar su vida con los ingresos que provienen precisamente de esta reforma. Por lo tanto, esto no es una pol\u00edtica p\u00fablica de promesas, sino que es una realidad\u201d. Sobre la plataforma, la autoridad a\u00f1adi\u00f3 \u201cActualmente ya hay pensionados que est\u00e1n gozando de estos beneficios y la invitaci\u00f3n es que ingresen a www.lareformadepensiones.cl y cada uno vea que \u00e9sta es una muy buena noticia para Chile, porque efectivamente para las personas que ya cumplieron la edad de jubilar o que ya jubilaron, van a poder ver en concreto cu\u00e1les son los beneficios que van a tener en el futuro\u201d.<\/p>\n<p style=\"text-align: justify;\">Por su parte, el Seremi(s) del Trabajo y Previsi\u00f3n Social, Rodrigo D\u00edaz Cordaro, explic\u00f3 el funcionamiento de la plataforma de consulta, dirigida a pensionados\/as del sistema de AFP, \u00a0\u201cHoy d\u00eda presentamos el aplicativo donde las personas pueden acceder a ver de qu\u00e9 manera impacta la Reforma de Pensiones en su actual pensi\u00f3n, ingresando en <a href=\"http:\/\/www.lareformadepensiones.cl\">www.lareformadepensiones.cl<\/a>, lo cual pueden ver con clave \u00fanica, con su RUT y tienen que ser personas pensionadas. Lo importante es que hoy d\u00eda la Reforma de Pensiones es un hecho concreto. Los beneficios que est\u00e1n comprometidos van alcanz\u00e1ndose, ya partimos en septiembre con el aumento de la Pensi\u00f3n Garantizada Universal, PGU. Ahora en enero, de manera autom\u00e1tica, para quienes tienen AFP, vienen los beneficios del Seguro Social. As\u00ed que esto ha sido una gran noticia donde Do\u00f1a Corina Riffo fue parte de esto y tambi\u00e9n nos pudo comentar su experiencia. En la regi\u00f3n de Ays\u00e9n tenemos ya m\u00e1s de 4.000 personas beneficiadas con la Reforma de Pensiones\u201d.<\/p>\n<p style=\"text-align: justify;\">En el lanzamiento participaron la pensionada Corina Riffo, la jefa de la sucursal ChileAtiende Coyhaique, Daniela Catal\u00e1n Celis y Maximiliano \u00c1lvarez Gonz\u00e1lez, representante del IPS, quienes explicaron a la prensa el rol de la instituci\u00f3n en esta reforma y algunos temas puntuales, como los requisitos para acceder a la Pensi\u00f3n Garantizada Universal, PGU, a la cual las personas deben postular al cumplir los 65 a\u00f1os.<\/p>\n<p style=\"text-align: justify;\">\u201cComo Instituto de Previsi\u00f3n Social estamos orgullosos de ser parte de la implementaci\u00f3n de la reforma, que hasta el momento con \u00e9xito hemos logrado ya implementar 2 grandes hitos. El primero, el incremento de la PGU para los mayores de 82 a\u00f1os y el segundo, es la recaudaci\u00f3n del Seguro Social previsional, correspondiente al 0,1%. A partir de este mes de enero tambi\u00e9n se otorgar\u00e1n 2 nuevos beneficios que ayudar\u00e1n a incrementar las pensiones, como son el beneficio por a\u00f1os cotizados y la compensaci\u00f3n por diferencia de expectativa de vida, el cual es un beneficio que va directamente al aumento de las pensiones de las mujeres. Cualquier persona que quiera consultar respecto a si es beneficiario de la PGU o tener mayor informaci\u00f3n de estos beneficios, lo invitamos a visitar cualquiera de nuestras cinco sucursales a lo largo de la regi\u00f3n o a visitar nuestros canales remotos\u201d, afirm\u00f3 Maximiliano \u00c1lvarez.<\/p>\n<p style=\"text-align: justify;\">En el punto de prensa cont\u00f3 su experiencia Corina Riffo, quien a pesar de haber trabajado muchos a\u00f1os, solo cotiz\u00f3 14 a\u00f1os en el sistema de AFP, por lo que su pensi\u00f3n autofinanciada se acab\u00f3 pronto al pensionarse, qued\u00e1ndose solamente con la PGU. En enero, y dado que cotiz\u00f3 m\u00e1s de 10 a\u00f1os, gracias al Seguro Social, su pensi\u00f3n se incrementar\u00e1 en m\u00e1s de $90.000, lo cual la sorprendi\u00f3 gratamente, \u201cEstoy muy contenta porque yo no sab\u00eda, as\u00ed que ya ahora s\u00e9 todo cu\u00e1nto voy a recibir a partir del mes de enero\u201d.<\/p>\n<p style=\"text-align: justify;\">Con respecto a los a\u00f1os que trabaj\u00f3 de manera informal y que no cotiz\u00f3, Corina hizo un llamado a las y los trabajadores a darle una mayor importancia a las cotizaciones, \u201cYo comet\u00ed ese error, que no quise seguir imponiendo, para sacar m\u00e1s en mi sueldo, como yo arriendo deb\u00eda tener un poquito m\u00e1s para que me sobrara. Pero yo le pido a todos los que trabajan, a la juventud, que sigan cotizando porque es bueno por lo que yo vi ahora, por lo que me va a llegar es muy importante para m\u00ed. Que coticen y que cuando trabajen, le impongan su platita, es muy importante\u201d.<\/p>\n<p style=\"text-align: justify;\">Tal como mencionaron las autoridades, el aplicativo est\u00e1 alojado en <a href=\"http:\/\/www.lareformadepensiones.cl\">www.lareformadepensiones.cl<\/a> y permite, ingresando RUT y Clave\u00danica, acceder a informaci\u00f3n comparativa entre la pensi\u00f3n actual y la estimada con los beneficios de la reforma. Muestra datos como los a\u00f1os cotizados, proyecci\u00f3n del aporte del Seguro Social, aumento por expectativas de vida en mujeres, el incremento de la PGU hasta los $250.000 y el monto final aproximado de la nueva pensi\u00f3n.<\/p>\n<p style=\"text-align: justify;\">\u00bfA qui\u00e9n est\u00e1 dirigido? A personas jubiladas de 65 a\u00f1os o m\u00e1s, con retiro programado o renta vitalicia. No considera pensionados del sistema antiguo de ex cajas.<\/p>\n<p style=\"text-align: justify;\">\u00bfC\u00f3mo se calculan los datos? Basados en informaci\u00f3n oficial de la Superintendencia de Pensiones y del Instituto de Previsi\u00f3n Social, considerando valores de UF a noviembre de 2025. Los datos son referenciales y pueden diferir de los a\u00f1os trabajados si existen cotizaciones en sistemas antiguos o deuda previsional por parte de empleadores.<\/p>\n<p style=\"text-align: justify;\">Los beneficios del Seguro Social comenzar\u00e1n a pagarse en enero de 2026, mientras que el aumento de la PGU ya est\u00e1 vigente para personas mayores de 82 a\u00f1os desde septiembre. Estos beneficios y el aumento de la PGU son autom\u00e1ticos, mensuales y permanentes, sin tr\u00e1mites.<\/p>\n<\/div><\/section><\/div>\n<div  style='height:50px' class='hr hr-invisible   avia-builder-el-6  el_after_av_one_full  el_before_av_social_share '><span class='hr-inner ' ><span class='hr-inner-style'><\/span><\/span><\/div>\n<div  class='av-social-sharing-box  avia-builder-el-7  el_after_av_hr  el_before_av_hr  '><div class='av-share-box'><h5 class='av-share-link-description av-no-toc '>Compartir esta noticia<\/h5><ul class='av-share-box-list noLightbox'><li class='av-share-link av-social-link-facebook' ><a target=\"_blank\" aria-label=\"Compartir en Facebook\" href='https:\/\/www.facebook.com\/sharer.php?u=https:\/\/radiorevelacionfm.cl\/?p=62147&#038;t=Gobierno%20lanza%20simulador%20%E2%80%9CMi%20Mejor%20Pensi%C3%B3n%E2%80%9D%20para%20que%20las%20personas%20conozcan%20cu%C3%A1nto%20aumentar%C3%A1%20su%20pensi%C3%B3n%20desde%20enero%20con%20el%20Seguro%20Social' aria-hidden='false' data-av_icon='\ue8f3' data-av_iconfont='entypo-fontello' title='' data-avia-related-tooltip='Compartir en Facebook' rel=\"noopener\"><span class='avia_hidden_link_text'>Compartir en Facebook<\/span><\/a><\/li><li class='av-share-link av-social-link-twitter' ><a target=\"_blank\" aria-label=\"Compartir en Twitter\" href='https:\/\/twitter.com\/share?text=Gobierno%20lanza%20simulador%20%E2%80%9CMi%20Mejor%20Pensi%C3%B3n%E2%80%9D%20para%20que%20las%20personas%20conozcan%20cu%C3%A1nto%20aumentar%C3%A1%20su%20pensi%C3%B3n%20desde%20enero%20con%20el%20Seguro%20Social&#038;url=https:\/\/radiorevelacionfm.cl\/?p=62147' aria-hidden='false' data-av_icon='\ue8f1' data-av_iconfont='entypo-fontello' title='' data-avia-related-tooltip='Compartir en Twitter' rel=\"noopener\"><span class='avia_hidden_link_text'>Compartir en Twitter<\/span><\/a><\/li><li class='av-share-link av-social-link-whatsapp' ><a target=\"_blank\" aria-label=\"Compartir en Whatsapp\" href='https:\/\/api.whatsapp.com\/send?text=https:\/\/radiorevelacionfm.cl\/?p=62147' aria-hidden='false' data-av_icon='\uf232' data-av_iconfont='entypo-fontello' title='' data-avia-related-tooltip='Compartir en Whatsapp' rel=\"noopener\"><span class='avia_hidden_link_text'>Compartir en Whatsapp<\/span><\/a><\/li><li class='av-share-link av-social-link-linkedin' ><a target=\"_blank\" aria-label=\"Compartir en LinkedIn\" href='https:\/\/linkedin.com\/shareArticle?mini=true&#038;title=Gobierno%20lanza%20simulador%20%E2%80%9CMi%20Mejor%20Pensi%C3%B3n%E2%80%9D%20para%20que%20las%20personas%20conozcan%20cu%C3%A1nto%20aumentar%C3%A1%20su%20pensi%C3%B3n%20desde%20enero%20con%20el%20Seguro%20Social&#038;url=https:\/\/radiorevelacionfm.cl\/?p=62147' aria-hidden='false' data-av_icon='\ue8fc' data-av_iconfont='entypo-fontello' title='' data-avia-related-tooltip='Compartir en LinkedIn' rel=\"noopener\"><span class='avia_hidden_link_text'>Compartir en LinkedIn<\/span><\/a><\/li><li class='av-share-link av-social-link-mail' ><a  aria-label=\"Compartir por correo\" href='mailto:?subject=Gobierno%20lanza%20simulador%20%E2%80%9CMi%20Mejor%20Pensi%C3%B3n%E2%80%9D%20para%20que%20las%20personas%20conozcan%20cu%C3%A1nto%20aumentar%C3%A1%20su%20pensi%C3%B3n%20desde%20enero%20con%20el%20Seguro%20Social&#038;body=https:\/\/radiorevelacionfm.cl\/?p=62147' aria-hidden='false' data-av_icon='\ue805' data-av_iconfont='entypo-fontello' title='' data-avia-related-tooltip='Compartir por correo'><span class='avia_hidden_link_text'>Compartir por correo<\/span><\/a><\/li><\/ul><\/div><\/div>\n<div  style='height:50px' class='hr hr-invisible   avia-builder-el-8  el_after_av_social_share  el_before_av_comments_list '><span class='hr-inner ' ><span class='hr-inner-style'><\/span><\/span><\/div>\n<div  class='av-buildercomment  av-blog-meta-html-info-disabled av-blog-meta-tag-disabled  '><\/div>\n","protected":false},"excerpt":{"rendered":"","protected":false},"author":1,"featured_media":62154,"comment_status":"closed","ping_status":"closed","sticky":false,"template":"","format":"standard","meta":{"footnotes":""},"categories":[56],"tags":[],"class_list":["post-62147","post","type-post","status-publish","format-standard","has-post-thumbnail","hentry","category-trabajo"],"jetpack_featured_media_url":"https:\/\/radiorevelacionfm.cl\/wp-content\/uploads\/2025\/12\/image-2025-12-04T111943.355-1-1.jpg","_links":{"self":[{"href":"https:\/\/radiorevelacionfm.cl\/index.php?rest_route=\/wp\/v2\/posts\/62147","targetHints":{"allow":["GET"]}}],"collection":[{"href":"https:\/\/radiorevelacionfm.cl\/index.php?rest_route=\/wp\/v2\/posts"}],"about":[{"href":"https:\/\/radiorevelacionfm.cl\/index.php?rest_route=\/wp\/v2\/types\/post"}],"author":[{"embeddable":true,"href":"https:\/\/radiorevelacionfm.cl\/index.php?rest_route=\/wp\/v2\/users\/1"}],"replies":[{"embeddable":true,"href":"https:\/\/radiorevelacionfm.cl\/index.php?rest_route=%2Fwp%2Fv2%2Fcomments&post=62147"}],"version-history":[{"count":3,"href":"https:\/\/radiorevelacionfm.cl\/index.php?rest_route=\/wp\/v2\/posts\/62147\/revisions"}],"predecessor-version":[{"id":62153,"href":"https:\/\/radiorevelacionfm.cl\/index.php?rest_route=\/wp\/v2\/posts\/62147\/revisions\/62153"}],"wp:featuredmedia":[{"embeddable":true,"href":"https:\/\/radiorevelacionfm.cl\/index.php?rest_route=\/wp\/v2\/media\/62154"}],"wp:attachment":[{"href":"https:\/\/radiorevelacionfm.cl\/index.php?rest_route=%2Fwp%2Fv2%2Fmedia&parent=62147"}],"wp:term":[{"taxonomy":"category","embeddable":true,"href":"https:\/\/radiorevelacionfm.cl\/index.php?rest_route=%2Fwp%2Fv2%2Fcategories&post=62147"},{"taxonomy":"post_tag","embeddable":true,"href":"https:\/\/radiorevelacionfm.cl\/index.php?rest_route=%2Fwp%2Fv2%2Ftags&post=62147"}],"curies":[{"name":"wp","href":"https:\/\/api.w.org\/{rel}","templated":true}]}}